{"id":26939,"date":"2019-05-17T18:13:34","date_gmt":"2019-05-17T21:13:34","guid":{"rendered":"https:\/\/www.tjes.jus.br\/corregedoria\/?p=26939"},"modified":"2019-05-17T18:13:34","modified_gmt":"2019-05-17T21:13:34","slug":"ato-normativo-no-069-2019-disp-17-05-2019","status":"publish","type":"post","link":"https:\/\/www.tjes.jus.br\/corregedoria\/2019\/05\/17\/ato-normativo-no-069-2019-disp-17-05-2019\/","title":{"rendered":"ATO NORMATIVO N\u00ba 069\/2019 \u2013 DISP. 17\/05\/2019"},"content":{"rendered":"<p align=\"center\">ESTADO DO ESP\u00cdRITO SANTO<\/p>\n<p align=\"center\">PODER JUDICI\u00c1RIO<\/p>\n<p align=\"center\">TRIBUNAL DE JUSTI\u00c7A<\/p>\n<p align=\"center\">GABINETE DA PRESID\u00caNCIA<\/p>\n<p align=\"center\">\n<p align=\"center\"><strong>ATO NORMATIVO N\u00ba 069\/2019<\/strong><\/p>\n<p align=\"justify\">\n<p align=\"justify\">O Excelent\u00edssimo Senhor Desembargador S\u00c9RGIO LUIZ TEIXEIRA GAMA, Presidente do Egr\u00e9gio Tribunal de Justi\u00e7a do Estado do Esp\u00edrito Santo, no uso de suas atribui\u00e7\u00f5es legais e,<\/p>\n<p align=\"justify\">\n<p align=\"justify\">CONSIDERANDO o disposto no artigo 58, da Resolu\u00e7\u00e3o n\u00ba. 15\/1995 (Regimento Interno do Tribunal de Justi\u00e7a do Esp\u00edrito Santo), que atribui ao Presidente do Egr\u00e9gio Tribunal de Justi\u00e7a do Estado do Esp\u00edrito Santo compet\u00eancia geral para exercer a superintend\u00eancia de todo o servi\u00e7o judici\u00e1rio, na qualidade de Chefe do Poder Judici\u00e1rio Estadual;<\/p>\n<p align=\"justify\">\n<p align=\"justify\">CONSIDERANDO a vig\u00eancia do Novo C\u00f3digo de Processo Civil (Lei 13.105\/2015), da Lei da Media\u00e7\u00e3o (Lei 13.140\/2015) e da Resolu\u00e7\u00e3o 125\/2010, do Conselho Nacional de Justi\u00e7a-CNJ, que instituiu a Pol\u00edtica de Tratamento adequado de Resolu\u00e7\u00e3o de Conflitos;<\/p>\n<p><strong>RESOLVE:<\/strong><\/p>\n<p>&nbsp;<\/p>\n<p align=\"justify\">Art. 1\u00ba &#8211; Instituir e convocar\u00a0a\u00a0Equipe de Trabalho para atuar na\u00a0instrutoria do Curso de Media\u00e7\u00e3o Judicial, parte te\u00f3rica de 40 horas,\u00a0destinado a servidores da\u00a0Microrregi\u00e3o Metropolitana,\u00a0a ser realizado na EMES-Escola da Magistratura do Estado do Esp\u00edrito Santo, no\u00a0dia\u00a006.06.2019 das\u00a012:00\u00a0h \u00e0s 19:00 h,\u00a0no dia 07.06.2019, das\u00a012:00\u00a0h \u00e0s 18:00 h<strong>,\u00a0<\/strong><strong>no<\/strong><strong>s<\/strong><strong>\u00a0dia<\/strong><strong>s<\/strong><strong>\u00a01<\/strong><strong>0<\/strong><strong>.0<\/strong><strong>6<\/strong><strong>.2019\u00a0<\/strong><strong>a 12.06.2019<\/strong><strong>, das 08:00h\u00a0<\/strong><strong>\u00e0<\/strong><strong>s\u00a0<\/strong><strong>12<\/strong><strong>:00h e\u00a0<\/strong><strong>das 13:00 \u00e0s 18:00h<\/strong><strong>,<\/strong>\u00a0conforme abaixo:<\/p>\n<table cellspacing=\"0\" cellpadding=\"2\">\n<colgroup>\n<col width=\"139*\" \/>\n<col width=\"117*\" \/><\/colgroup>\n<tbody>\n<tr>\n<td width=\"54%\" height=\"14\">PAULA MORGADO HORTA MONJARDIM CAVALCANTI<\/td>\n<td width=\"46%\">ANALISTA JUDICI\u00c1RIO ESPECIAL &#8211; INSTRUTORA DE MEDIA\u00c7\u00c3O FORMADA PELO CNJ<\/td>\n<\/tr>\n<tr>\n<td width=\"54%\" height=\"15\">LAVINIA VIEIRA DE ANDRADE WAICHERT LYRIO<\/td>\n<td width=\"46%\">ANALISTA JUDICI\u00c1RIO 2- DIREITO &#8211; INSTRUTORA DE MEDIA\u00c7\u00c3O FORMADA PELO CNJ<\/td>\n<\/tr>\n<tr>\n<td width=\"54%\" height=\"14\">JUSSIARA DOS SANTOS MARTINS DE SOUZA<\/td>\n<td width=\"46%\">ANALISTA JUDICI\u00c1RIO 2 DIREITO<\/p>\n<p>INSTRUTORA DE MEDIA\u00c7\u00c3O FORMADA PELO CNJ<\/td>\n<\/tr>\n<\/tbody>\n<\/table>\n<p align=\"justify\">\n<p align=\"justify\">Art. 2\u00ba &#8211; O Grupo de Trabalho realizar\u00e1 toda a instrutoria da parte te\u00f3rica devendo cumprir o conte\u00fado program\u00e1tico estabelecido pela Resolu\u00e7\u00e3o 125\/2010, do Conselho Nacional de Justi\u00e7a-CNJ.<\/p>\n<p align=\"justify\">\n<p style=\"text-align: justify;\" align=\"justify\">Art. 3\u00ba &#8211; O N\u00facleo Permanente de M\u00e9todos Consensuais de Solu\u00e7\u00e3o de Conflitos encaminhar\u00e1 \u00e0 Secretaria de Gest\u00e3o de Pessoas, no prazo de 10 (dez) dias ap\u00f3s a realiza\u00e7\u00e3o do evento, informa\u00e7\u00f5es com rela\u00e7\u00e3o \u00e0s horas trabalhadas, al\u00e9m do expediente normal, para anota\u00e7\u00e3o em ficha funcional, para fins de compensa\u00e7\u00e3o e gozo oportuno, mediante autoriza\u00e7\u00e3o da chefia imediata e sem preju\u00edzo do servi\u00e7o.<\/p>\n<p style=\"text-align: justify;\" align=\"justify\">\n<p style=\"text-align: justify;\" align=\"justify\">Art. 4\u00ba &#8211; Os servidores efetivos constantes desta Equipe de Trabalho ter\u00e3o reconhecido, para fins de promo\u00e7\u00e3o na carreira, a pontua\u00e7\u00e3o equivalente \u00e0 participa\u00e7\u00e3o em Equipe Especial de Trabalho, conforme disposto no Ato Normativo 2773\/2012.<\/p>\n<p style=\"text-align: justify;\" align=\"justify\">\n<p align=\"justify\">Art. 5\u00ba &#8211; Este Ato Normativo entra em vigor na data de sua publica\u00e7\u00e3o.<\/p>\n<p align=\"justify\">\n<p align=\"justify\">Publique-se.<\/p>\n<p align=\"justify\">\n<p align=\"justify\">Vit\u00f3ria, 16 de maio de 2019.<\/p>\n<p align=\"justify\">\n<p style=\"text-align: center;\" align=\"justify\">Des. S\u00c9RGIO LUIZ TEIXEIRA GAMA<\/p>\n<p align=\"center\">PRESIDENTE DO TRIBUNAL DE JUSTI\u00c7A DO ESTADO DO ESP\u00cdRITO SANTO<\/p>\n","protected":false},"excerpt":{"rendered":"<p>ESTADO DO ESP\u00cdRITO SANTO PODER JUDICI\u00c1RIO TRIBUNAL DE JUSTI\u00c7A GABINETE DA PRESID\u00caNCIA ATO NORMATIVO N\u00ba 069\/2019 O Excelent\u00edssimo Senhor Desembargador S\u00c9RGIO LUIZ TEIXEIRA GAMA, Presidente do Egr\u00e9gio Tribunal de Justi\u00e7a do Estado do Esp\u00edrito Santo, no uso de suas atribui\u00e7\u00f5es legais e, CONSIDERANDO o disposto no artigo 58, da Resolu\u00e7\u00e3o n\u00ba. 15\/1995 (Regimento Interno do [&hellip;]<\/p>\n","protected":false},"author":8,"featured_media":0,"comment_status":"closed","ping_status":"closed","sticky":false,"template":"","format":"standard","meta":{"footnotes":""},"categories":[4,14],"tags":[],"_links":{"self":[{"href":"https:\/\/www.tjes.jus.br\/corregedoria\/wp-json\/wp\/v2\/posts\/26939"}],"collection":[{"href":"https:\/\/www.tjes.jus.br\/corregedoria\/wp-json\/wp\/v2\/posts"}],"about":[{"href":"https:\/\/www.tjes.jus.br\/corregedoria\/wp-json\/wp\/v2\/types\/post"}],"author":[{"embeddable":true,"href":"https:\/\/www.tjes.jus.br\/corregedoria\/wp-json\/wp\/v2\/users\/8"}],"replies":[{"embeddable":true,"href":"https:\/\/www.tjes.jus.br\/corregedoria\/wp-json\/wp\/v2\/comments?post=26939"}],"version-history":[{"count":1,"href":"https:\/\/www.tjes.jus.br\/corregedoria\/wp-json\/wp\/v2\/posts\/26939\/revisions"}],"predecessor-version":[{"id":26940,"href":"https:\/\/www.tjes.jus.br\/corregedoria\/wp-json\/wp\/v2\/posts\/26939\/revisions\/26940"}],"wp:attachment":[{"href":"https:\/\/www.tjes.jus.br\/corregedoria\/wp-json\/wp\/v2\/media?parent=26939"}],"wp:term":[{"taxonomy":"category","embeddable":true,"href":"https:\/\/www.tjes.jus.br\/corregedoria\/wp-json\/wp\/v2\/categories?post=26939"},{"taxonomy":"post_tag","embeddable":true,"href":"https:\/\/www.tjes.jus.br\/corregedoria\/wp-json\/wp\/v2\/tags?post=26939"}],"curies":[{"name":"wp","href":"https:\/\/api.w.org\/{rel}","templated":true}]}}