{"id":27001,"date":"2019-05-27T17:29:22","date_gmt":"2019-05-27T20:29:22","guid":{"rendered":"https:\/\/www.tjes.jus.br\/corregedoria\/?p=27001"},"modified":"2019-05-30T17:51:11","modified_gmt":"2019-05-30T20:51:11","slug":"ato-normativo-conjunto-no-012-2019-disp-24-05-2019","status":"publish","type":"post","link":"https:\/\/www.tjes.jus.br\/corregedoria\/2019\/05\/27\/ato-normativo-conjunto-no-012-2019-disp-24-05-2019\/","title":{"rendered":"ATO NORMATIVO CONJUNTO N\u00ba 012\/2019 \u2013 DISP. 24\/05\/2019"},"content":{"rendered":"<p align=\"center\">ESTADO DO ESP\u00cdRITO SANTO<\/p>\n<p align=\"center\">PODER JUDICI\u00c1RIO<\/p>\n<p align=\"center\">TRIBUNAL DE JUSTI\u00c7A<\/p>\n<p align=\"center\">GABINETE DA PRESID\u00caNCIA<\/p>\n<p align=\"center\"><strong>ATO NORMATIVO CONJUNTO N\u00ba 012\/2019<\/strong><\/p>\n<p>&nbsp;<\/p>\n<p align=\"justify\">Suspende o atendimento ao p\u00fablico e os prazos processuais na 2\u00aa Vara Criminal de Cachoeiro de Itapemirim.<\/p>\n<p align=\"justify\">O Excelent\u00edssimo Senhor Desembargador S\u00c9RGIO LUIZ TEIXEIRA GAMA, Presidente do Egr\u00e9gio Tribunal de Justi\u00e7a do Estado do Esp\u00edrito Santo, e o Excelent\u00edssimo Senhor Desembargador FERNANDO ZARDINI ANTONIO, Supervisor das Varas Criminais e Execu\u00e7\u00f5es Penais, no uso de suas atribui\u00e7\u00f5es legais e,<\/p>\n<p align=\"justify\">CONSIDERANDO o teor do Ato Normativo Conjunto n\u00ba 39\/2019, publicado no Di\u00e1rio da Justi\u00e7a em 26 de mar\u00e7o de 2019, que prorrogou a \u201cFor\u00e7a Tarefa\u201d institu\u00edda pelo <a href=\"https:\/\/www.tjes.jus.br\/corregedoria\/2018\/11\/23\/ato-normativo-no-216-2018-disp-23-11-2018\/\">Ato Normativo n\u00b0 216\/2018<\/a> para a implanta\u00e7\u00e3o das Guias de Execu\u00e7\u00e3o Penal em tr\u00e2mite nas Varas de Execu\u00e7\u00e3o Penal deste Estado no Sistema Eletr\u00f4nico de Execu\u00e7\u00e3o Unificado \u2013 SEEU;<\/p>\n<p align=\"justify\">CONSIDERANDO que ainda n\u00e3o foi conclu\u00edda a fase de efetiva implanta\u00e7\u00e3o das Guias de Execu\u00e7\u00e3o no SEEU, etapa indispens\u00e1vel \u00e0 efetiva tramita\u00e7\u00e3o eletr\u00f4nica desses processos;<\/p>\n<p align=\"justify\">CONSIDERANDO o teor do Of\u00edcio n\u00b0 144-DMF, subscrito pelo Exm\u00b0. Sr. Dr. Lu\u00eds Geraldo Sant&#8217;Ana Lanfredi, Juiz de Direito Auxiliar da Presid\u00eancia e Coordenador do Departamento de Monitoramento e Fiscaliza\u00e7\u00e3o do Sistema Carcer\u00e1rio do Colendo Conselho Nacional de Justi\u00e7a, que fixou a data final de 31 de maio do corrente para a conclus\u00e3o da implanta\u00e7\u00e3o do dito sistema;<\/p>\n<p align=\"justify\">RESOLVE:<\/p>\n<p align=\"justify\">Art. 1\u00ba. Fica suspenso o atendimento ao p\u00fablico, as audi\u00eancias, os prazos processuais e os demais atos na 2\u00aa Vara Criminal de Cachoeiro de Itapemirim, no per\u00edodo de\u00a0<strong>24 a 31 de maio de 2019<\/strong>, com o objetivo de viabilizar a implanta\u00e7\u00e3o das Guias de Execu\u00e7\u00e3o Penal em tr\u00e2mite naquela unidade judici\u00e1ria no Sistema Eletr\u00f4nico de Execu\u00e7\u00e3o Unificado \u2013 SEEU, ressalvando-se, contudo, a aprecia\u00e7\u00e3o das medidas urgentes.<\/p>\n<p align=\"justify\">Art. 2\u00ba. Este Ato Normativo entra em vigor na data de sua publica\u00e7\u00e3o.<\/p>\n<p align=\"justify\">Publique-se.<\/p>\n<p align=\"justify\">Vit\u00f3ria\/ES, 22 de maio de 2019.<\/p>\n<p align=\"center\">Des. S\u00c9RGIO LUIZ TEIXEIRA GAMA<\/p>\n<p align=\"center\">Presidente<\/p>\n<p align=\"center\">Des. FERNANDO ZARDINI ANTONIO<\/p>\n<p align=\"center\">Supervisor das Varas Criminais, de Execu\u00e7\u00f5es Penais e de Viol\u00eancia Dom\u00e9stica<\/p>\n","protected":false},"excerpt":{"rendered":"<p>ESTADO DO ESP\u00cdRITO SANTO PODER JUDICI\u00c1RIO TRIBUNAL DE JUSTI\u00c7A GABINETE DA PRESID\u00caNCIA ATO NORMATIVO CONJUNTO N\u00ba 012\/2019 &nbsp; Suspende o atendimento ao p\u00fablico e os prazos processuais na 2\u00aa Vara Criminal de Cachoeiro de Itapemirim. O Excelent\u00edssimo Senhor Desembargador S\u00c9RGIO LUIZ TEIXEIRA GAMA, Presidente do Egr\u00e9gio Tribunal de Justi\u00e7a do Estado do Esp\u00edrito Santo, e [&hellip;]<\/p>\n","protected":false},"author":8,"featured_media":0,"comment_status":"closed","ping_status":"closed","sticky":false,"template":"","format":"standard","meta":{"footnotes":""},"categories":[4,14],"tags":[],"_links":{"self":[{"href":"https:\/\/www.tjes.jus.br\/corregedoria\/wp-json\/wp\/v2\/posts\/27001"}],"collection":[{"href":"https:\/\/www.tjes.jus.br\/corregedoria\/wp-json\/wp\/v2\/posts"}],"about":[{"href":"https:\/\/www.tjes.jus.br\/corregedoria\/wp-json\/wp\/v2\/types\/post"}],"author":[{"embeddable":true,"href":"https:\/\/www.tjes.jus.br\/corregedoria\/wp-json\/wp\/v2\/users\/8"}],"replies":[{"embeddable":true,"href":"https:\/\/www.tjes.jus.br\/corregedoria\/wp-json\/wp\/v2\/comments?post=27001"}],"version-history":[{"count":4,"href":"https:\/\/www.tjes.jus.br\/corregedoria\/wp-json\/wp\/v2\/posts\/27001\/revisions"}],"predecessor-version":[{"id":27015,"href":"https:\/\/www.tjes.jus.br\/corregedoria\/wp-json\/wp\/v2\/posts\/27001\/revisions\/27015"}],"wp:attachment":[{"href":"https:\/\/www.tjes.jus.br\/corregedoria\/wp-json\/wp\/v2\/media?parent=27001"}],"wp:term":[{"taxonomy":"category","embeddable":true,"href":"https:\/\/www.tjes.jus.br\/corregedoria\/wp-json\/wp\/v2\/categories?post=27001"},{"taxonomy":"post_tag","embeddable":true,"href":"https:\/\/www.tjes.jus.br\/corregedoria\/wp-json\/wp\/v2\/tags?post=27001"}],"curies":[{"name":"wp","href":"https:\/\/api.w.org\/{rel}","templated":true}]}}