{"id":27074,"date":"2019-06-03T12:11:30","date_gmt":"2019-06-03T15:11:30","guid":{"rendered":"https:\/\/www.tjes.jus.br\/corregedoria\/?p=27074"},"modified":"2019-06-03T12:11:30","modified_gmt":"2019-06-03T15:11:30","slug":"resolucao-no-017-2019-disp-03-06-2019","status":"publish","type":"post","link":"https:\/\/www.tjes.jus.br\/corregedoria\/2019\/06\/03\/resolucao-no-017-2019-disp-03-06-2019\/","title":{"rendered":"RESOLU\u00c7\u00c3O N\u00ba 017\/2019 \u2013 DISP. 03\/06\/2019"},"content":{"rendered":"<p align=\"center\"><strong>ESTADO DO ESP\u00cdRITO SANTO<\/strong><\/p>\n<p align=\"center\"><strong>PODER JUDICI\u00c1RIO<\/strong><\/p>\n<p align=\"center\"><strong>TRIBUNAL DE JUSTI\u00c7A<\/strong><\/p>\n<p align=\"center\">\n<p align=\"center\"><strong>RESOLU\u00c7\u00c3O N\u00ba 17\/2019<\/strong><\/p>\n<p align=\"center\">\n<p align=\"justify\"><i>Aprova o Plano de Implanta\u00e7\u00e3o do Processo Judicial Eletr\u00f4nico \u2013 PJe no \u00e2mbito do 2\u00ba Grau de Jurisdi\u00e7\u00e3o do Poder Judici\u00e1rio do Estado do Esp\u00edrito Santo.<\/i><\/p>\n<p align=\"justify\">\n<p align=\"justify\">O Excelent\u00edssimo Senhor Desembargador Presidente do Egr\u00e9gio Tribunal de Justi\u00e7a do Estado do Esp\u00edrito Santo, no uso de suas atribui\u00e7\u00f5es legais e tendo em vista DECIS\u00c3O do Egr\u00e9gio Tribunal Pleno, em sess\u00e3o realizada em 30\/05\/2019.<\/p>\n<p align=\"justify\">\n<p align=\"justify\">CONSIDERANDO o disciplinamento estabelecido na Resolu\u00e7\u00e3o n\u00b0 185\/13, do Conselho Nacional de Justi\u00e7a \u2013 CNJ, alterada pela Resolu\u00e7\u00e3o n\u00ba 281 de 09 de abril de 2019, que instituiu o sistema Processo Judicial Eletr\u00f4nico &#8211; PJE como sistema de processamento de informa\u00e7\u00f5es e pr\u00e1tica de atos processuais, em substitui\u00e7\u00e3o da tramita\u00e7\u00e3o de autos em meio f\u00edsico, como instrumento de celeridade e qualidade da presta\u00e7\u00e3o jurisdicional;<\/p>\n<p align=\"justify\">\n<p align=\"justify\">\n<p align=\"justify\">CONSIDERANDO a necessidade de prioriza\u00e7\u00e3o de esfor\u00e7os para o desenvolvimento de TI, objetivando a implanta\u00e7\u00e3o do Processo Judicial Eletr\u00f4nico nas Unidades Judici\u00e1rias de 2\u00ba Grau, conforme submiss\u00e3o pr\u00e9via e aprova\u00e7\u00e3o do Comit\u00ea de Governan\u00e7a de Tecnologia da Informa\u00e7\u00e3o e Comunica\u00e7\u00e3o;<\/p>\n<p align=\"justify\">\n<p align=\"justify\">\n<p align=\"justify\">CONSIDERANDO a necessidade de migra\u00e7\u00e3o do sistema Processo Judicial Eletr\u00f4nico para a sua vers\u00e3o mais recente, haja vista a possibilidade de melhoria cont\u00ednua na organiza\u00e7\u00e3o dos fluxos judiciais;<\/p>\n<p align=\"justify\">\n<p align=\"justify\">\n<p align=\"justify\">CONSIDERANDO as diretrizes estabelecidas no Planejamento Estrat\u00e9gico do Poder Judici\u00e1rio do Estado do Espirito Santo que estabelece como prioridade a implanta\u00e7\u00e3o do Processo Judicial Eletr\u00f4nico \u2013 PJE;<\/p>\n<p align=\"justify\">\n<p align=\"justify\"><strong>RESOLVE:<\/strong><\/p>\n<p align=\"justify\">\n<p style=\"text-align: justify;\" align=\"justify\">Art. 1\u00ba &#8211; Fica aprovado o Plano de Implanta\u00e7\u00e3o do Processo Judicial Eletr\u00f4nico &#8211; PJe no \u00e2mbito do Segundo Grau de Jurisdi\u00e7\u00e3o do Poder Judici\u00e1rio do Estado do Esp\u00edrito Santo, nos termos do Anexo desta Resolu\u00e7\u00e3o que estabelece as atividades a serem desenvolvidas e os seus respectivos prazos.<\/p>\n<p align=\"justify\">\n<p align=\"justify\">Paragrafo \u00danico: As medidas que se fizerem necess\u00e1rias para a execu\u00e7\u00e3o e que n\u00e3o importem altera\u00e7\u00e3o do Plano, ora aprovado, poder\u00e3o ser editadas por ato pr\u00f3prio da Egr\u00e9gia Presid\u00eancia do Tribunal de Justi\u00e7a do Estado do Esp\u00edrito Santo.<\/p>\n<p align=\"justify\">\n<p align=\"justify\">Art. 3\u00ba \u2013 Esta Resolu\u00e7\u00e3o entra em vigor na data de sua publica\u00e7\u00e3o.<\/p>\n<p align=\"justify\">\n<p align=\"center\">Vit\u00f3ria, 31 de maio de 2019.<\/p>\n<p align=\"center\">\n<p align=\"center\"><strong>Desembargador S\u00c9RGIO LUIZ TEIXEIRA GAMA<\/strong><\/p>\n<p align=\"center\">PRESIDENTE<\/p>\n<p align=\"center\">\n<p align=\"center\"><a href=\"https:\/\/sistemas.tjes.jus.br\/ediario\/images\/Anexo_da_Resolu%C3%A7%C3%A3o_n%C2%BA_17.2019.pdf\" target=\"_blank\" rel=\"noopener\">Para acessar o Anexo da Resolu\u00e7\u00e3o TJES n\u00ba 17\/2019, clique aqui<\/a><\/p>\n","protected":false},"excerpt":{"rendered":"<p>ESTADO DO ESP\u00cdRITO SANTO PODER JUDICI\u00c1RIO TRIBUNAL DE JUSTI\u00c7A RESOLU\u00c7\u00c3O N\u00ba 17\/2019 Aprova o Plano de Implanta\u00e7\u00e3o do Processo Judicial Eletr\u00f4nico \u2013 PJe no \u00e2mbito do 2\u00ba Grau de Jurisdi\u00e7\u00e3o do Poder Judici\u00e1rio do Estado do Esp\u00edrito Santo. O Excelent\u00edssimo Senhor Desembargador Presidente do Egr\u00e9gio Tribunal de Justi\u00e7a do Estado do Esp\u00edrito Santo, no uso [&hellip;]<\/p>\n","protected":false},"author":8,"featured_media":0,"comment_status":"closed","ping_status":"closed","sticky":false,"template":"","format":"standard","meta":{"footnotes":""},"categories":[14,13],"tags":[],"_links":{"self":[{"href":"https:\/\/www.tjes.jus.br\/corregedoria\/wp-json\/wp\/v2\/posts\/27074"}],"collection":[{"href":"https:\/\/www.tjes.jus.br\/corregedoria\/wp-json\/wp\/v2\/posts"}],"about":[{"href":"https:\/\/www.tjes.jus.br\/corregedoria\/wp-json\/wp\/v2\/types\/post"}],"author":[{"embeddable":true,"href":"https:\/\/www.tjes.jus.br\/corregedoria\/wp-json\/wp\/v2\/users\/8"}],"replies":[{"embeddable":true,"href":"https:\/\/www.tjes.jus.br\/corregedoria\/wp-json\/wp\/v2\/comments?post=27074"}],"version-history":[{"count":1,"href":"https:\/\/www.tjes.jus.br\/corregedoria\/wp-json\/wp\/v2\/posts\/27074\/revisions"}],"predecessor-version":[{"id":27075,"href":"https:\/\/www.tjes.jus.br\/corregedoria\/wp-json\/wp\/v2\/posts\/27074\/revisions\/27075"}],"wp:attachment":[{"href":"https:\/\/www.tjes.jus.br\/corregedoria\/wp-json\/wp\/v2\/media?parent=27074"}],"wp:term":[{"taxonomy":"category","embeddable":true,"href":"https:\/\/www.tjes.jus.br\/corregedoria\/wp-json\/wp\/v2\/categories?post=27074"},{"taxonomy":"post_tag","embeddable":true,"href":"https:\/\/www.tjes.jus.br\/corregedoria\/wp-json\/wp\/v2\/tags?post=27074"}],"curies":[{"name":"wp","href":"https:\/\/api.w.org\/{rel}","templated":true}]}}