{"id":27160,"date":"2019-06-07T15:34:16","date_gmt":"2019-06-07T18:34:16","guid":{"rendered":"https:\/\/www.tjes.jus.br\/corregedoria\/?p=27160"},"modified":"2019-06-13T15:15:31","modified_gmt":"2019-06-13T18:15:31","slug":"ato-normativo-no-077-2019-disp-07-06-2019","status":"publish","type":"post","link":"https:\/\/www.tjes.jus.br\/corregedoria\/2019\/06\/07\/ato-normativo-no-077-2019-disp-07-06-2019\/","title":{"rendered":"ATO NORMATIVO N\u00ba 077\/2019 \u2013 DISP. 07\/06\/2019"},"content":{"rendered":"<div class=\"override-text\" align=\"center\"><strong>ESTADO DO ESP\u00cdRITO SANTO<\/strong><\/div>\n<div class=\"override-text\" align=\"center\"><strong>PODER JUDICI\u00c1RIO<\/strong><\/div>\n<div class=\"override-text\" align=\"center\"><strong>TRIBUNAL DE JUSTI\u00c7A<i><\/i><\/strong><\/div>\n<div class=\"override-text\" align=\"center\"><strong><i>GABINETE DA PRESID\u00caNCIA<\/i><\/strong><\/div>\n<div class=\"override-text\" align=\"center\"><\/div>\n<div class=\"override-text\" align=\"center\">\n<p align=\"center\"><strong>ATO NORMATIVO n\u00ba 077\/2019<\/strong><\/p>\n<p style=\"text-align: left;\">O Excelent\u00edssimo Senhor Desembargador Ney Batista Coutinho, Presidente em exerc\u00edcio do Egr\u00e9gio Tribunal de Justi\u00e7a do Estado do Esp\u00edrito Santo, no uso de suas atribui\u00e7\u00f5es legais,<\/p>\n<p style=\"text-align: justify;\">CONSIDERANDO o teor do expediente protocolado neste Egr\u00e9gio Tribunal de Justi\u00e7a sob o n\u00famero 7002973-43.2019.8.08.0000, encaminhado pelo Exmo. Sr. Dr. Alexandre Farina Lopes, Juiz de Direito Diretor do Foro de Serra, por meio do qual requer a suspens\u00e3o dos prazos processuais nas unidades sediadas no F\u00f3rum C\u00edvel daquele Ju\u00edzo, no dia 04 de Junho de 2019;<\/p>\n<p style=\"text-align: justify;\">CONSIDERANDO o motivo do requerimento, qual seja, a interrup\u00e7\u00e3o do servi\u00e7o de energia el\u00e9trica no bairro onde se localiza o F\u00f3rum C\u00edvel de Serra, o que levou ao encerramento precoce do expediente forense;<\/p>\n<p style=\"text-align: justify;\">RESOLVE:<\/p>\n<p style=\"text-align: justify;\">SUSPENDER\u00a0os\u00a0prazos processuais\u00a0nas Varas C\u00edveis, na Vara da Fazenda P\u00fablica Estadual, de Registros P\u00fablicos e Meio Ambiente, na Vara da Fazenda P\u00fablica Municipal, na Vara de \u00d3rf\u00e3os e Sucess\u00f5es, nas Varas de Fam\u00edlia, nos Juizados Especiais C\u00edveis e nas Varas da Inf\u00e2ncia e da Juventude do Ju\u00edzo da SERRA \u2013 Comarca da Capital, no dia 04 de Junho de 2019, sem preju\u00edzo dos atos que foram efetivamente praticados.<\/p>\n<p>&nbsp;<\/p>\n<p style=\"text-align: left;\">Publique-se.<\/p>\n<p style=\"text-align: left;\" align=\"center\">Vit\u00f3ria, 06 de Junho de 2019.<\/p>\n<p style=\"text-align: left;\" align=\"center\">Desembargador NEY BATISTA COUTINHO<\/p>\n<p style=\"text-align: left;\" align=\"center\">Presidente em exerc\u00edcio<\/p>\n<\/div>\n","protected":false},"excerpt":{"rendered":"<p>ESTADO DO ESP\u00cdRITO SANTO PODER JUDICI\u00c1RIO TRIBUNAL DE JUSTI\u00c7A GABINETE DA PRESID\u00caNCIA ATO NORMATIVO n\u00ba 077\/2019 O Excelent\u00edssimo Senhor Desembargador Ney Batista Coutinho, Presidente em exerc\u00edcio do Egr\u00e9gio Tribunal de Justi\u00e7a do Estado do Esp\u00edrito Santo, no uso de suas atribui\u00e7\u00f5es legais, CONSIDERANDO o teor do expediente protocolado neste Egr\u00e9gio Tribunal de Justi\u00e7a sob o [&hellip;]<\/p>\n","protected":false},"author":1,"featured_media":0,"comment_status":"closed","ping_status":"closed","sticky":false,"template":"","format":"standard","meta":{"footnotes":""},"categories":[4,14],"tags":[],"_links":{"self":[{"href":"https:\/\/www.tjes.jus.br\/corregedoria\/wp-json\/wp\/v2\/posts\/27160"}],"collection":[{"href":"https:\/\/www.tjes.jus.br\/corregedoria\/wp-json\/wp\/v2\/posts"}],"about":[{"href":"https:\/\/www.tjes.jus.br\/corregedoria\/wp-json\/wp\/v2\/types\/post"}],"author":[{"embeddable":true,"href":"https:\/\/www.tjes.jus.br\/corregedoria\/wp-json\/wp\/v2\/users\/1"}],"replies":[{"embeddable":true,"href":"https:\/\/www.tjes.jus.br\/corregedoria\/wp-json\/wp\/v2\/comments?post=27160"}],"version-history":[{"count":4,"href":"https:\/\/www.tjes.jus.br\/corregedoria\/wp-json\/wp\/v2\/posts\/27160\/revisions"}],"predecessor-version":[{"id":27214,"href":"https:\/\/www.tjes.jus.br\/corregedoria\/wp-json\/wp\/v2\/posts\/27160\/revisions\/27214"}],"wp:attachment":[{"href":"https:\/\/www.tjes.jus.br\/corregedoria\/wp-json\/wp\/v2\/media?parent=27160"}],"wp:term":[{"taxonomy":"category","embeddable":true,"href":"https:\/\/www.tjes.jus.br\/corregedoria\/wp-json\/wp\/v2\/categories?post=27160"},{"taxonomy":"post_tag","embeddable":true,"href":"https:\/\/www.tjes.jus.br\/corregedoria\/wp-json\/wp\/v2\/tags?post=27160"}],"curies":[{"name":"wp","href":"https:\/\/api.w.org\/{rel}","templated":true}]}}