{"id":27167,"date":"2019-06-10T12:46:58","date_gmt":"2019-06-10T15:46:58","guid":{"rendered":"https:\/\/www.tjes.jus.br\/corregedoria\/?p=27167"},"modified":"2019-07-15T12:40:19","modified_gmt":"2019-07-15T15:40:19","slug":"ato-normativo-no-079-2019-disp-10-06-2019","status":"publish","type":"post","link":"https:\/\/www.tjes.jus.br\/corregedoria\/2019\/06\/10\/ato-normativo-no-079-2019-disp-10-06-2019\/","title":{"rendered":"ATO NORMATIVO N\u00ba 079\/2019 \u2013 DISP. 10\/06\/2019 &#8211; ALTERADO"},"content":{"rendered":"<p align=\"center\">ESTADO DO ESP\u00cdRITO SANTO<\/p>\n<p align=\"center\">PODER JUDICI\u00c1RIO<\/p>\n<p align=\"center\"><strong>ATO NORMATIVO N\u00ba\u00a0<\/strong><strong>079<\/strong><strong>\u00a0\/ 2019<\/strong><\/p>\n<p>&nbsp;<\/p>\n<p align=\"justify\"><strong>Institui e regulamenta Grupo de Trabalho Multidisciplinar para fins de implanta\u00e7\u00e3o e uso do Sistema Processo Judicial Eletr\u00f4nico no Egr\u00e9gio Tribunal de Justi\u00e7a.<\/strong><\/p>\n<p>&nbsp;<\/p>\n<p align=\"justify\">O\u00a0<strong>Excelent\u00edssimo Desembargador S\u00c9RGIO LUIZ TEIXEIRA GAMA,<\/strong>\u00a0Presidente do Egr\u00e9gio Tribunal de Justi\u00e7a do Estado do Esp\u00edrito Santo, no uso de suas atribui\u00e7\u00f5es legais e,<\/p>\n<p align=\"justify\"><strong>CONSIDERANDO<\/strong>\u00a0que compete ao Presidente do Tribunal de Justi\u00e7a implantar pol\u00edticas de gest\u00e3o do Poder Judici\u00e1rio, de forma a alcan\u00e7ar a efetiva\u00e7\u00e3o do princ\u00edpio da efici\u00eancia e a excel\u00eancia da presta\u00e7\u00e3o jurisdicional;<\/p>\n<p align=\"justify\"><strong>CONSIDERANDO<\/strong>\u00a0as diretrizes contidas na Lei n\u00ba 11.419, de 19 de dezembro de 2006 e na Resolu\u00e7\u00e3o CNJ n\u00ba 185\/13, que disp\u00f5em sobre a informatiza\u00e7\u00e3o do processo judicial, autorizando sua regulamenta\u00e7\u00e3o pelos \u00f3rg\u00e3os do Poder Judici\u00e1rio;<\/p>\n<p align=\"justify\"><strong>CONSIDERANDO\u00a0<\/strong>que,a teor do disposto no art. 6\u00ba, \u00a7 2\u00ba do <a href=\"https:\/\/www.tjes.jus.br\/corregedoria\/2016\/06\/20\/ato-normativo-no-0702014-disp-23042014\/\">Ato Normativo n\u00ba 70\/2014<\/a> deste Tribunal, \u00e0 medida que a implanta\u00e7\u00e3o do PJe exigir conhecimentos espec\u00edficos nas diversas \u00e1reas de neg\u00f3cio,\u00a0 a composi\u00e7\u00e3o dos membros do Comit\u00ea de Elicita\u00e7\u00e3o PJe poder\u00e1 ser alterada para dar suporte ao grupo de trabalho;<\/p>\n<p align=\"justify\"><strong>CONSIDERANDO<\/strong>\u00a0a necessidade de institucionalizar o di\u00e1logo e a colabora\u00e7\u00e3o no processo preparat\u00f3rio de implanta\u00e7\u00e3o do sistema Processo Judicial Eletr\u00f4nico \u2013 PJe nas compet\u00eancias do Egr\u00e9gio Tribunal de Justi\u00e7a do Estado do Esp\u00edrito Santo, tendo como escopo inicial a implanta\u00e7\u00e3o do Agravo de Instrumento, em raz\u00e3o do grande volume de interposi\u00e7\u00e3o, conforme delibera\u00e7\u00e3o do Comit\u00ea de Governan\u00e7a de Tecnologia da Informa\u00e7\u00e3o e Comunica\u00e7\u00e3o \u2013 CGTIC, devidamente ratificada pelo Comit\u00ea Gestor do Processo Judicial Eletr\u00f4nico (Ata de Reuni\u00e3o n\u00ba 001\/19, de 14\/02\/19);<\/p>\n<p align=\"justify\"><strong>RESOLVE:<\/strong><\/p>\n<p align=\"justify\"><strong>Art. 1\u00ba.<\/strong>\u00a0Constituir Grupo de Trabalho para suporte ao levantamento, an\u00e1lise e defini\u00e7\u00e3o unificada de requisitos e regras de neg\u00f3cio inerentes \u00e0s especificidades da tramita\u00e7\u00e3o processual no \u00e2mbito da compet\u00eancia do Tribunal de Justi\u00e7a do Estado do Esp\u00edrito Santo, para fins de implementa\u00e7\u00e3o, implanta\u00e7\u00e3o e atualiza\u00e7\u00f5es do sistema Processo Judicial Eletr\u00f4nico \u2013 PJe.<\/p>\n<p align=\"justify\">Art.<strong>\u00a02\u00ba.<\/strong>\u00a0O Grupo de Trabalho contemplar\u00e1 pelo menos 01 (um) representante de cada uma das Unidades elencadas abaixo:<\/p>\n<p align=\"justify\">I. Presid\u00eancia.<\/p>\n<p align=\"justify\">II. Vice-Presid\u00eancia.<\/p>\n<p align=\"justify\">III. Tribunal Pleno.<\/p>\n<p align=\"justify\">IV. Conselho Superior da Magistratura.<\/p>\n<p align=\"justify\">V. C\u00e2maras C\u00edveis Reunidas.<\/p>\n<p align=\"justify\">VI. C\u00e2maras C\u00edveis Isoladas.<\/p>\n<p align=\"justify\">VII. Desembargador de C\u00e2mara C\u00edvel.<\/p>\n<p align=\"justify\">VIII. Assessor de Gabinete de Desembargador da \u00e1rea C\u00edvel.<\/p>\n<p align=\"justify\">IX. Secretaria Judici\u00e1ria.<\/p>\n<p align=\"justify\">X. Coordenadoria de Taquigrafia.<\/p>\n<p align=\"justify\">XI. Coordenadoria de Protocolo, Registro, Preparo e Distribui\u00e7\u00e3o.<\/p>\n<p align=\"justify\">XII. Ordem dos Advogados do Brasil \u2013 Se\u00e7\u00e3o do Esp\u00edrito Santo. <strong><span style=\"color: #ff0000;\">(Inclu\u00eddo pelo<\/span> <a href=\"https:\/\/www.tjes.jus.br\/corregedoria\/2019\/07\/15\/ato-normativo-no-095-2019-disp-15-07-201\/\">Ato Normativo 095\/2019<\/a> <span style=\"color: #ff0000;\">&#8211; dispon\u00edvel em 15\/07\/2019)<\/span><\/strong><\/p>\n<p align=\"justify\">\u00a71\u00ba A composi\u00e7\u00e3o deste grupo de trabalho poder\u00e1 ser alterada \u00e0 medida que a expans\u00e3o do Processo Judicial Eletr\u00f4nico exigir conhecimentos espec\u00edficos da compet\u00eancia implantada.<\/p>\n<p align=\"justify\">\u00a72\u00ba Os membros deste grupo de trabalho ser\u00e3o designados mediante ato pr\u00f3prio, no prazo de 10 (dez) dias da vig\u00eancia do presente Ato Normativo, dentre os servidores de not\u00f3rio saber e conhecimento de regras e rotinas aplic\u00e1veis a este Tribunal, haja vista a relev\u00e2ncia e responsabilidade inerentes \u00e0s atribui\u00e7\u00f5es que lhes s\u00e3o conferidas por este ato.<\/p>\n<p align=\"justify\">\u00a73\u00ba A convoca\u00e7\u00e3o dos membros para o desempenho de suas fun\u00e7\u00f5es ser\u00e1 realizada \u00e0 medida que a an\u00e1lise e a defini\u00e7\u00e3o do processo de neg\u00f3cio se fizerem necess\u00e1rias.<\/p>\n<p align=\"justify\">\u00a74\u00ba O grupo de trabalho poder\u00e1 requisitar as informa\u00e7\u00f5es que reputar necess\u00e1rias ao adequado cumprimento de suas atribui\u00e7\u00f5es, devendo trabalhar em permanente intera\u00e7\u00e3o com o Comit\u00ea de Elicita\u00e7\u00e3o e Neg\u00f3cio do PJe.<\/p>\n<p align=\"justify\">\u00a75\u00ba Caso necess\u00e1rio, fica autorizada a convoca\u00e7\u00e3o de servidores do \u00f3rg\u00e3o para participarem de reuni\u00e3o de trabalho.<\/p>\n<p align=\"justify\"><strong>Art. 3\u00ba.\u00a0<\/strong>Ao Grupo de Trabalho do Tribunal de Justi\u00e7a\/ES, em conjunto com o Comit\u00ea de Elicita\u00e7\u00e3o e Neg\u00f3cio do PJe, cumpre realizar as atividades necess\u00e1rias a ajustes do sistema PJe para uso no Tribunal de Justi\u00e7a, destacando-se:<\/p>\n<p align=\"justify\">I. Definir a estrutura do Tribunal de Justi\u00e7a no sistema (localiza\u00e7\u00f5es, cargos, \u00f3rg\u00e3os julgadores).<\/p>\n<p align=\"justify\">II. Auxiliar no mapeamento dos procedimentos, rotinas e legisla\u00e7\u00e3o aplic\u00e1veis ao Tribunal de Justi\u00e7a, propondo melhorias nos processos de trabalho para uso da plataforma eletr\u00f4nica.<\/p>\n<p align=\"justify\">III. Analisar a conformidade das funcionalidades e tarefas do sistema.<\/p>\n<p align=\"justify\">IV. Avaliar e sugerir provid\u00eancias pertinentes ao fluxo e \u00e0 configura\u00e7\u00e3o do sistema.<\/p>\n<p align=\"justify\">V. Avaliar os tipos de peti\u00e7\u00e3o juntados aos autos, associando-os ao respectivo fluxo.<\/p>\n<p align=\"justify\">VI. Elaborar, padronizar e configurar os modelos dos atos expedidos pelos diversos \u00d3rg\u00e3os e Secretarias.<\/p>\n<p align=\"justify\">VII. Avaliar os tipos de documentos, tipos de partes e pap\u00e9is dispon\u00edveis, propondo a adequa\u00e7\u00e3o para uso no TJES.<\/p>\n<p align=\"justify\">VIII. Definir as dimens\u00f5es pessoal, funcional, procedimental (classe) e material (assunto) para a vincula\u00e7\u00e3o de compet\u00eancia ao \u00d3rg\u00e3o julgador pertinente.<\/p>\n<p align=\"justify\">IX. Avaliar os atributos de classe, assunto e movimento (ver se mais algum tem atributo).<\/p>\n<p align=\"justify\">X. Propor requisitos e manuten\u00e7\u00f5es corretivas e evolutivas que assegurem a permanente atualiza\u00e7\u00e3o do sistema Processo Judicial Eletr\u00f4nico.<\/p>\n<p align=\"justify\">XI. Priorizar as diretrizes de expans\u00e3o previamente estabelecidas.<\/p>\n<p align=\"justify\">XII. Realizar testes e valida\u00e7\u00e3o de funcionalidades e vers\u00f5es desenvolvidas ou modificadas.<\/p>\n<p align=\"justify\"><strong>Par\u00e1grafo \u00fanico<\/strong>. As atividades do Grupo de Trabalho do Tribunal de Justi\u00e7a\/ES se desenvolver\u00e3o sem preju\u00edzo das atribui\u00e7\u00f5es ordin\u00e1rias, salvo se houver necessidade de apoio nas atividades de configura\u00e7\u00e3o e suporte para a implanta\u00e7\u00e3o e manuten\u00e7\u00e3o do sistema.<\/p>\n<p align=\"justify\"><strong>Art. 4\u00ba.<\/strong>\u00a0Caber\u00e1 aos Desembargadores que comp\u00f5em este grupo de trabalho a supervis\u00e3o das atividades, a homologa\u00e7\u00e3o e delibera\u00e7\u00e3o das defini\u00e7\u00f5es propostas para fins de implanta\u00e7\u00e3o do sistema Processo Judicial Eletr\u00f4nico \u2013 PJe no Tribunal de Justi\u00e7a\/ES.<\/p>\n<p align=\"justify\"><strong>Art. 5\u00ba.\u00a0<\/strong>Revogam-se as disposi\u00e7\u00f5es em contr\u00e1rio.<\/p>\n<p align=\"justify\"><strong>Art. 6\u00ba.\u00a0<\/strong>Este Ato Normativo entra em vigor na data de sua publica\u00e7\u00e3o.<\/p>\n<p>&nbsp;<\/p>\n<p>Publique-se.<\/p>\n<p>&nbsp;<\/p>\n<p>Vit\u00f3ria\/ES, 07 de Junho de 2019.<\/p>\n<p align=\"center\"><strong>Des. S\u00c9RGIO LUIZ TEIXEIRA GAMA<\/strong><\/p>\n<p align=\"center\"><strong>Presidente<\/strong><\/p>\n<h2 align=\"center\"><strong><span style=\"color: #ff0000;\">Alterado pelo<\/span> <a href=\"https:\/\/www.tjes.jus.br\/corregedoria\/2019\/07\/15\/ato-normativo-no-095-2019-disp-15-07-201\/\">Ato Normativo 095\/2019<\/a><span style=\"color: #ff0000;\">\u00a0dispon\u00edvel em 15\/07\/2019<\/span><\/strong><\/h2>\n","protected":false},"excerpt":{"rendered":"<p>ESTADO DO ESP\u00cdRITO SANTO PODER JUDICI\u00c1RIO ATO NORMATIVO N\u00ba\u00a0079\u00a0\/ 2019 &nbsp; Institui e regulamenta Grupo de Trabalho Multidisciplinar para fins de implanta\u00e7\u00e3o e uso do Sistema Processo Judicial Eletr\u00f4nico no Egr\u00e9gio Tribunal de Justi\u00e7a. &nbsp; O\u00a0Excelent\u00edssimo Desembargador S\u00c9RGIO LUIZ TEIXEIRA GAMA,\u00a0Presidente do Egr\u00e9gio Tribunal de Justi\u00e7a do Estado do Esp\u00edrito Santo, no uso de suas [&hellip;]<\/p>\n","protected":false},"author":8,"featured_media":0,"comment_status":"closed","ping_status":"closed","sticky":false,"template":"","format":"standard","meta":{"footnotes":""},"categories":[4,14],"tags":[],"_links":{"self":[{"href":"https:\/\/www.tjes.jus.br\/corregedoria\/wp-json\/wp\/v2\/posts\/27167"}],"collection":[{"href":"https:\/\/www.tjes.jus.br\/corregedoria\/wp-json\/wp\/v2\/posts"}],"about":[{"href":"https:\/\/www.tjes.jus.br\/corregedoria\/wp-json\/wp\/v2\/types\/post"}],"author":[{"embeddable":true,"href":"https:\/\/www.tjes.jus.br\/corregedoria\/wp-json\/wp\/v2\/users\/8"}],"replies":[{"embeddable":true,"href":"https:\/\/www.tjes.jus.br\/corregedoria\/wp-json\/wp\/v2\/comments?post=27167"}],"version-history":[{"count":4,"href":"https:\/\/www.tjes.jus.br\/corregedoria\/wp-json\/wp\/v2\/posts\/27167\/revisions"}],"predecessor-version":[{"id":27423,"href":"https:\/\/www.tjes.jus.br\/corregedoria\/wp-json\/wp\/v2\/posts\/27167\/revisions\/27423"}],"wp:attachment":[{"href":"https:\/\/www.tjes.jus.br\/corregedoria\/wp-json\/wp\/v2\/media?parent=27167"}],"wp:term":[{"taxonomy":"category","embeddable":true,"href":"https:\/\/www.tjes.jus.br\/corregedoria\/wp-json\/wp\/v2\/categories?post=27167"},{"taxonomy":"post_tag","embeddable":true,"href":"https:\/\/www.tjes.jus.br\/corregedoria\/wp-json\/wp\/v2\/tags?post=27167"}],"curies":[{"name":"wp","href":"https:\/\/api.w.org\/{rel}","templated":true}]}}