{"id":27172,"date":"2019-06-11T12:32:16","date_gmt":"2019-06-11T15:32:16","guid":{"rendered":"https:\/\/www.tjes.jus.br\/corregedoria\/?p=27172"},"modified":"2019-06-11T12:32:16","modified_gmt":"2019-06-11T15:32:16","slug":"ato-normativo-conjunto-no-014-2019-disp-11-06-2019","status":"publish","type":"post","link":"https:\/\/www.tjes.jus.br\/corregedoria\/2019\/06\/11\/ato-normativo-conjunto-no-014-2019-disp-11-06-2019\/","title":{"rendered":"ATO NORMATIVO CONJUNTO N\u00ba 014\/2019 \u2013 DISP. 11\/06\/2019"},"content":{"rendered":"<p align=\"center\">ESTADO DO ESP\u00cdRITO SANTO<\/p>\n<p align=\"center\">PODER JUDICI\u00c1RIO<\/p>\n<p align=\"center\">TRIBUNAL DE JUSTI\u00c7A<\/p>\n<p align=\"center\">\n<p align=\"center\"><strong>ATO NORMATIVO CONJUNTO N\u00ba 014 \/2019<\/strong><\/p>\n<p align=\"justify\">\n<p align=\"justify\">\n<p align=\"justify\"><span lang=\"pt-PT\">Disp\u00f5e sobre\u00a0<\/span><span lang=\"pt-PT\">a expans\u00e3o do servi\u00e7o de<\/span><span lang=\"pt-PT\">\u00a0compartilhamento da<\/span><span lang=\"pt-PT\">s<\/span><span lang=\"pt-PT\">\u00a0Centrais de Mandados.<\/span><\/p>\n<p align=\"justify\">\n<p align=\"justify\">\n<p align=\"justify\">O Excelent\u00edssimo Senhor Desembargador SERGIO LUIZ TEIXEIRA GAMA, Presidente do Egr\u00e9gio Tribunal de Justi\u00e7a do Estado do Esp\u00edrito Santo, e o Excelent\u00edssimo Senhor Desembargador SAMUEL MEIRA BRASIL JUNIOR, Corregedor-Geral da Justi\u00e7a, no uso de suas atribui\u00e7\u00f5es legais,<\/p>\n<p align=\"justify\">\n<p align=\"justify\">\n<p align=\"justify\">CONSIDERANDO a implementa\u00e7\u00e3o do servi\u00e7o de compartilhamento das Centrais de Distribui\u00e7\u00e3o, cumprimento e devolu\u00e7\u00e3o de mandados expedidos pelas Unidades Jurisdicionais do Poder Judici\u00e1rio do Estado do Esp\u00edrito Santo, nos termos do <a href=\"https:\/\/www.tjes.jus.br\/corregedoria\/2018\/11\/27\/ato-normativo-conjunto-n-043-2018-disp-27-11-2018\/\">Ato Normativo Conjunto n\u00ba 043\/2018<\/a>, publicada no Di\u00e1rio da Justi\u00e7a do dia 27\/11\/2018;<\/p>\n<p align=\"justify\">\n<p align=\"justify\">CONSIDERANDO que a utiliza\u00e7\u00e3o do servi\u00e7o de compartilhamento das Centrais de Distribui\u00e7\u00e3o, cumprimento e devolu\u00e7\u00e3o de mandados pelas Unidades \u201cpiloto\u201d de Viana e Vila Velha tem se mostrado bastante satisfat\u00f3ria;<\/p>\n<p align=\"justify\">\n<p align=\"justify\">CONSIDERANDO a necessidade de amplia\u00e7\u00e3o do uso da nova sistem\u00e1tica para garantia da celeridade processual e aperfei\u00e7oamento da qualidade da presta\u00e7\u00e3o jurisdicional, por\u00e9m, com a prud\u00eancia necess\u00e1ria para resguardar a execu\u00e7\u00e3o bem- sucedida deste projeto;<\/p>\n<p align=\"justify\">\n<p align=\"justify\">RESOLVE:<\/p>\n<p align=\"justify\">\n<p align=\"justify\">Art. 1\u00ba. DETERMINAR a implementa\u00e7\u00e3o definitiva do servi\u00e7o de compartilhamento das Centrais de Distribui\u00e7\u00e3o, cumprimento e devolu\u00e7\u00e3o de Mandados nos Ju\u00edzos Vila Velha e Viana.<\/p>\n<p align=\"justify\">\n<p align=\"justify\">Art. 2\u00ba. DETERMINAR sejam cumpridas de forma integral e obrigat\u00f3ria as disposi\u00e7\u00f5es contidas no <a href=\"https:\/\/www.tjes.jus.br\/corregedoria\/2018\/11\/27\/ato-normativo-conjunto-n-043-2018-disp-27-11-2018\/\">Ato Normativo Conjunto n\u00ba 043\/2018<\/a> pelas Unidades Judici\u00e1rias da Comarca da Capital, promovendo-se a integra\u00e7\u00e3o das Centrais de Mandados de acordo com o cronograma que segue:<\/p>\n<p align=\"justify\">\n<p align=\"justify\">a) 1\u00ba de julho de 2019: integra\u00e7\u00e3o entre as Centrais de Mandados de Vit\u00f3ria, Viana e Vila Velha;<\/p>\n<p align=\"justify\">\n<p align=\"justify\">b) 15 de agosto de 2019: integra\u00e7\u00e3o entre todas os Ju\u00edzos da Comarca da Capital (Vit\u00f3ria, Viana, Vila Velha, Serra e Cariacica).<\/p>\n<p align=\"justify\">\n<p align=\"justify\">\u00a71\u00ba Ficam convalidados os atos que promoveram a integra\u00e7\u00e3o das Centrais de Mandados entre os Ju\u00edzos de Vila Velha, Viana, Serra e Cariacica.<\/p>\n<p align=\"justify\">\n<p align=\"justify\">\u00a72\u00ba Em que se pese o sistema permitir a expedi\u00e7\u00e3o compartilhada de mandados entre todos os Ju\u00edzos da Comarca da Capital a partir da inclus\u00e3o da Comarca de Vit\u00f3ria, a integra\u00e7\u00e3o dever\u00e1 observar o presente cronograma, salvo se ato pr\u00f3prio do Ju\u00edzo assim autorizar.<\/p>\n<p align=\"justify\">\n<p align=\"justify\">Art. 3\u00ba Este Ato Normativo Conjunto entra em vigor no ato da publica\u00e7\u00e3o, revogando-se as disposi\u00e7\u00f5es em contr\u00e1rio.<\/p>\n<p align=\"justify\">\n<p align=\"justify\">Publique-se. Cumpra-se.<\/p>\n<p align=\"justify\">\n<p align=\"justify\">Vit\u00f3ria, 07 de Junho de 2019.<\/p>\n<p align=\"justify\">\n<p align=\"center\">Desembargador\u00a0<strong>S\u00c9RGIO LUIZ TEIXEIRA GAMA<\/strong><\/p>\n<p align=\"center\">Presidente do TJES<\/p>\n<p align=\"center\">\n<p align=\"center\">\n<p align=\"center\"><strong>Desembargador\u00a0<\/strong><strong>SAMUEL MEIRA BRASIL JUNIOR<\/strong><\/p>\n<p align=\"center\">Corregedor-Geral da Justi\u00e7a\/ES<\/p>\n","protected":false},"excerpt":{"rendered":"<p>ESTADO DO ESP\u00cdRITO SANTO PODER JUDICI\u00c1RIO TRIBUNAL DE JUSTI\u00c7A ATO NORMATIVO CONJUNTO N\u00ba 014 \/2019 Disp\u00f5e sobre\u00a0a expans\u00e3o do servi\u00e7o de\u00a0compartilhamento das\u00a0Centrais de Mandados. O Excelent\u00edssimo Senhor Desembargador SERGIO LUIZ TEIXEIRA GAMA, Presidente do Egr\u00e9gio Tribunal de Justi\u00e7a do Estado do Esp\u00edrito Santo, e o Excelent\u00edssimo Senhor Desembargador SAMUEL MEIRA BRASIL JUNIOR, Corregedor-Geral da Justi\u00e7a, [&hellip;]<\/p>\n","protected":false},"author":8,"featured_media":0,"comment_status":"closed","ping_status":"closed","sticky":false,"template":"","format":"standard","meta":{"footnotes":""},"categories":[4,14],"tags":[],"_links":{"self":[{"href":"https:\/\/www.tjes.jus.br\/corregedoria\/wp-json\/wp\/v2\/posts\/27172"}],"collection":[{"href":"https:\/\/www.tjes.jus.br\/corregedoria\/wp-json\/wp\/v2\/posts"}],"about":[{"href":"https:\/\/www.tjes.jus.br\/corregedoria\/wp-json\/wp\/v2\/types\/post"}],"author":[{"embeddable":true,"href":"https:\/\/www.tjes.jus.br\/corregedoria\/wp-json\/wp\/v2\/users\/8"}],"replies":[{"embeddable":true,"href":"https:\/\/www.tjes.jus.br\/corregedoria\/wp-json\/wp\/v2\/comments?post=27172"}],"version-history":[{"count":1,"href":"https:\/\/www.tjes.jus.br\/corregedoria\/wp-json\/wp\/v2\/posts\/27172\/revisions"}],"predecessor-version":[{"id":27173,"href":"https:\/\/www.tjes.jus.br\/corregedoria\/wp-json\/wp\/v2\/posts\/27172\/revisions\/27173"}],"wp:attachment":[{"href":"https:\/\/www.tjes.jus.br\/corregedoria\/wp-json\/wp\/v2\/media?parent=27172"}],"wp:term":[{"taxonomy":"category","embeddable":true,"href":"https:\/\/www.tjes.jus.br\/corregedoria\/wp-json\/wp\/v2\/categories?post=27172"},{"taxonomy":"post_tag","embeddable":true,"href":"https:\/\/www.tjes.jus.br\/corregedoria\/wp-json\/wp\/v2\/tags?post=27172"}],"curies":[{"name":"wp","href":"https:\/\/api.w.org\/{rel}","templated":true}]}}