{"id":27201,"date":"2019-06-12T13:31:15","date_gmt":"2019-06-12T16:31:15","guid":{"rendered":"https:\/\/www.tjes.jus.br\/corregedoria\/?p=27201"},"modified":"2019-06-12T13:39:30","modified_gmt":"2019-06-12T16:39:30","slug":"ato-normativo-no-080-2019-disp-12-06-2019","status":"publish","type":"post","link":"https:\/\/www.tjes.jus.br\/corregedoria\/2019\/06\/12\/ato-normativo-no-080-2019-disp-12-06-2019\/","title":{"rendered":"ATO NORMATIVO N\u00ba 080\/2019 \u2013 DISP. 12\/06\/2019"},"content":{"rendered":"<p align=\"center\"><strong>ESTADO DO ESP\u00cdRITO SANTO<\/strong><\/p>\n<p align=\"center\"><strong>PODER JUDICI\u00c1RIO<\/strong><\/p>\n<p align=\"center\"><strong>TRIBUNAL DE JUSTI\u00c7A<\/strong><\/p>\n<p align=\"center\"><strong><i>GABINETE DA PRESID\u00caNCIA<\/i><\/strong><\/p>\n<p align=\"center\"><strong>ATO NORMATIVO n\u00ba 080 \/2019<\/strong><\/p>\n<p align=\"justify\">O Excelent\u00edssimo Senhor Desembargador Ney Batista Coutinho, Presidente em exerc\u00edcio do Egr\u00e9gio Tribunal de Justi\u00e7a do Estado do Esp\u00edrito Santo, no uso de suas atribui\u00e7\u00f5es legais,<\/p>\n<p align=\"justify\">CONSIDERANDO o teor do expediente protocolado neste Egr\u00e9gio Tribunal de Justi\u00e7a sob o n\u00famero 7003071-28.2019.8.08.0000, encaminhado pelo Exmo. Sr. Dr. Evandro Coelho de Lima, Juiz de Direito Diretor do Foro de Jer\u00f4nimo Monteiro \u2013 ES, por meio do qual comunicou que o F\u00f3rum da Comarca foi arrombado na presente data;<\/p>\n<p align=\"justify\">RESOLVE:<\/p>\n<p align=\"justify\">SUSPENDER o expediente e os prazos processuais na Comarca de Jer\u00f4nimo Monteiro no dia 10 de Junho de 2019, devendo as medidas urgentes ser apreciadas pelo substituto autom\u00e1tico, nos termos da <a href=\"https:\/\/www.tjes.jus.br\/corregedoria\/2018\/06\/29\/resolucao-022-2018-disp-28-06-2018-republicacao\/\">Resolu\u00e7\u00e3o n\u00ba 022\/2018<\/a> deste Tribunal de Justi\u00e7a.<\/p>\n<p align=\"justify\"><span lang=\"pt-BR\">Publique-se.<\/span><\/p>\n<p align=\"center\"><span lang=\"pt-BR\">Vit\u00f3ria, 10 de Junho de 2019.<\/span><\/p>\n<p align=\"center\"><span lang=\"pt-BR\">Desembargador NEY BATISTA COUTINHO<\/span><\/p>\n<p align=\"center\"><span lang=\"pt-BR\">Presidente em exerc\u00edcio<\/span><\/p>\n","protected":false},"excerpt":{"rendered":"<p>ESTADO DO ESP\u00cdRITO SANTO PODER JUDICI\u00c1RIO TRIBUNAL DE JUSTI\u00c7A GABINETE DA PRESID\u00caNCIA ATO NORMATIVO n\u00ba 080 \/2019 O Excelent\u00edssimo Senhor Desembargador Ney Batista Coutinho, Presidente em exerc\u00edcio do Egr\u00e9gio Tribunal de Justi\u00e7a do Estado do Esp\u00edrito Santo, no uso de suas atribui\u00e7\u00f5es legais, CONSIDERANDO o teor do expediente protocolado neste Egr\u00e9gio Tribunal de Justi\u00e7a sob [&hellip;]<\/p>\n","protected":false},"author":1,"featured_media":0,"comment_status":"closed","ping_status":"closed","sticky":false,"template":"","format":"standard","meta":{"footnotes":""},"categories":[4,14],"tags":[],"_links":{"self":[{"href":"https:\/\/www.tjes.jus.br\/corregedoria\/wp-json\/wp\/v2\/posts\/27201"}],"collection":[{"href":"https:\/\/www.tjes.jus.br\/corregedoria\/wp-json\/wp\/v2\/posts"}],"about":[{"href":"https:\/\/www.tjes.jus.br\/corregedoria\/wp-json\/wp\/v2\/types\/post"}],"author":[{"embeddable":true,"href":"https:\/\/www.tjes.jus.br\/corregedoria\/wp-json\/wp\/v2\/users\/1"}],"replies":[{"embeddable":true,"href":"https:\/\/www.tjes.jus.br\/corregedoria\/wp-json\/wp\/v2\/comments?post=27201"}],"version-history":[{"count":3,"href":"https:\/\/www.tjes.jus.br\/corregedoria\/wp-json\/wp\/v2\/posts\/27201\/revisions"}],"predecessor-version":[{"id":27208,"href":"https:\/\/www.tjes.jus.br\/corregedoria\/wp-json\/wp\/v2\/posts\/27201\/revisions\/27208"}],"wp:attachment":[{"href":"https:\/\/www.tjes.jus.br\/corregedoria\/wp-json\/wp\/v2\/media?parent=27201"}],"wp:term":[{"taxonomy":"category","embeddable":true,"href":"https:\/\/www.tjes.jus.br\/corregedoria\/wp-json\/wp\/v2\/categories?post=27201"},{"taxonomy":"post_tag","embeddable":true,"href":"https:\/\/www.tjes.jus.br\/corregedoria\/wp-json\/wp\/v2\/tags?post=27201"}],"curies":[{"name":"wp","href":"https:\/\/api.w.org\/{rel}","templated":true}]}}