{"id":27218,"date":"2019-06-14T13:09:23","date_gmt":"2019-06-14T16:09:23","guid":{"rendered":"https:\/\/www.tjes.jus.br\/corregedoria\/?p=27218"},"modified":"2019-06-14T13:09:23","modified_gmt":"2019-06-14T16:09:23","slug":"ato-normativo-no-083-2019-disp-14-06-2019","status":"publish","type":"post","link":"https:\/\/www.tjes.jus.br\/corregedoria\/2019\/06\/14\/ato-normativo-no-083-2019-disp-14-06-2019\/","title":{"rendered":"ATO NORMATIVO N\u00ba 083\/2019 \u2013 DISP. 14\/06\/2019"},"content":{"rendered":"<p align=\"center\"><strong>ESTADO DO ESP\u00cdRITO SANTO<\/strong><\/p>\n<p align=\"center\"><strong>PODER JUDICI\u00c1RIO<\/strong><\/p>\n<p align=\"center\"><strong>TRIBUNAL DE JUSTI\u00c7A<\/strong><\/p>\n<p align=\"center\"><strong><i>GABINETE DA PRESID\u00caNCIA<\/i><\/strong><\/p>\n<p align=\"center\">\n<p align=\"center\"><strong>ATO NORMATIVO n\u00ba 083 \/2019<\/strong><\/p>\n<p align=\"justify\">\n<p align=\"justify\">O Excelent\u00edssimo Senhor Desembargador Ney Batista Coutinho, Presidente em exerc\u00edcio do Egr\u00e9gio Tribunal de Justi\u00e7a do Estado do Esp\u00edrito Santo, no uso de suas atribui\u00e7\u00f5es legais,<\/p>\n<p align=\"justify\">\n<p align=\"justify\">CONSIDERANDO o teor do expediente protocolado neste Egr\u00e9gio Tribunal de Justi\u00e7a sob o n\u00famero 7000041-10.2019.8.08.0024, encaminhado pela Exma. Sra. Dra. Gisele Souza de Oliveira, Ju\u00edza de Direito titular da 4\u00aa Vara Criminal de Vit\u00f3ria, informando a necessidade de limpeza, polimento e manuten\u00e7\u00e3o\/fixa\u00e7\u00e3o do piso de madeira na sede da unidade, agendada para os dias 14 e 17 de Junho do corrente ano, o que impossibilitar\u00e1 o pleno desenvolvimento das atividades judici\u00e1rias e administrativas;<\/p>\n<p align=\"justify\">\n<p align=\"justify\">RESOLVE:<\/p>\n<p align=\"justify\">\n<p align=\"justify\">SUSPENDER os prazos processuais e o atendimento ao p\u00fablico na 4\u00aa Vara Criminal de Vit\u00f3ria nos dias 14 e 17 de Junho de 2019.<\/p>\n<p align=\"justify\">\n<p align=\"justify\"><span lang=\"pt-BR\">Publique-se.<\/span><\/p>\n<p align=\"center\">\n<p align=\"center\"><span lang=\"pt-BR\">Vit\u00f3ria, 13 de Junho de 2019.<\/span><\/p>\n<p align=\"center\">\n<p align=\"center\">\n<p align=\"center\"><span lang=\"pt-BR\">Desembargador NEY BATISTA COUTINHO<\/span><\/p>\n<p align=\"center\"><span lang=\"pt-BR\">Presidente em exerc\u00edcio<\/span><\/p>\n","protected":false},"excerpt":{"rendered":"<p>ESTADO DO ESP\u00cdRITO SANTO PODER JUDICI\u00c1RIO TRIBUNAL DE JUSTI\u00c7A GABINETE DA PRESID\u00caNCIA ATO NORMATIVO n\u00ba 083 \/2019 O Excelent\u00edssimo Senhor Desembargador Ney Batista Coutinho, Presidente em exerc\u00edcio do Egr\u00e9gio Tribunal de Justi\u00e7a do Estado do Esp\u00edrito Santo, no uso de suas atribui\u00e7\u00f5es legais, CONSIDERANDO o teor do expediente protocolado neste Egr\u00e9gio Tribunal de Justi\u00e7a sob [&hellip;]<\/p>\n","protected":false},"author":1,"featured_media":0,"comment_status":"closed","ping_status":"closed","sticky":false,"template":"","format":"standard","meta":{"footnotes":""},"categories":[4,14],"tags":[],"_links":{"self":[{"href":"https:\/\/www.tjes.jus.br\/corregedoria\/wp-json\/wp\/v2\/posts\/27218"}],"collection":[{"href":"https:\/\/www.tjes.jus.br\/corregedoria\/wp-json\/wp\/v2\/posts"}],"about":[{"href":"https:\/\/www.tjes.jus.br\/corregedoria\/wp-json\/wp\/v2\/types\/post"}],"author":[{"embeddable":true,"href":"https:\/\/www.tjes.jus.br\/corregedoria\/wp-json\/wp\/v2\/users\/1"}],"replies":[{"embeddable":true,"href":"https:\/\/www.tjes.jus.br\/corregedoria\/wp-json\/wp\/v2\/comments?post=27218"}],"version-history":[{"count":1,"href":"https:\/\/www.tjes.jus.br\/corregedoria\/wp-json\/wp\/v2\/posts\/27218\/revisions"}],"predecessor-version":[{"id":27219,"href":"https:\/\/www.tjes.jus.br\/corregedoria\/wp-json\/wp\/v2\/posts\/27218\/revisions\/27219"}],"wp:attachment":[{"href":"https:\/\/www.tjes.jus.br\/corregedoria\/wp-json\/wp\/v2\/media?parent=27218"}],"wp:term":[{"taxonomy":"category","embeddable":true,"href":"https:\/\/www.tjes.jus.br\/corregedoria\/wp-json\/wp\/v2\/categories?post=27218"},{"taxonomy":"post_tag","embeddable":true,"href":"https:\/\/www.tjes.jus.br\/corregedoria\/wp-json\/wp\/v2\/tags?post=27218"}],"curies":[{"name":"wp","href":"https:\/\/api.w.org\/{rel}","templated":true}]}}