{"id":27230,"date":"2019-06-19T17:52:37","date_gmt":"2019-06-19T20:52:37","guid":{"rendered":"https:\/\/www.tjes.jus.br\/corregedoria\/?p=27230"},"modified":"2019-06-19T17:52:37","modified_gmt":"2019-06-19T20:52:37","slug":"cgj-e-sesp-assinam-acordo-de-cooperacao-para-auxilio-em-investigacoes","status":"publish","type":"post","link":"https:\/\/www.tjes.jus.br\/corregedoria\/2019\/06\/19\/cgj-e-sesp-assinam-acordo-de-cooperacao-para-auxilio-em-investigacoes\/","title":{"rendered":"CGJ e Sesp assinam acordo de coopera\u00e7\u00e3o para aux\u00edlio em investiga\u00e7\u00f5es"},"content":{"rendered":"<p>A Corregedoria Geral da Justi\u00e7a (CGJ-ES) e a Secretaria de Estado da Seguran\u00e7a P\u00fablica e Defesa Social (Sesp) assinaram um acordo de coopera\u00e7\u00e3o t\u00e9cnica para a troca de informa\u00e7\u00f5es e aux\u00edlio em investiga\u00e7\u00f5es. A parceria \u00e9 v\u00e1lida por 24 meses e permitir\u00e1 a promo\u00e7\u00e3o de a\u00e7\u00f5es integradas com a Corregedoria e treinamentos para os magistrados, no quesito investigativo.<\/p>\n<p><img loading=\"lazy\" decoding=\"async\" class=\"aligncenter size-full wp-image-109689\" src=\"https:\/\/www.tjes.jus.br\/wp-content\/uploads\/190619_INT_1_Corregedoria_Seger_787.jpg\" sizes=\"(max-width: 787px) 100vw, 787px\" srcset=\"https:\/\/www.tjes.jus.br\/wp-content\/uploads\/190619_INT_1_Corregedoria_Seger_787.jpg 787w, https:\/\/www.tjes.jus.br\/wp-content\/uploads\/190619_INT_1_Corregedoria_Seger_787-300x200.jpg 300w\" alt=\"\" width=\"787\" height=\"525\" \/><\/p>\n<p>O termo foi assinado pelo corregedor geral da Justi\u00e7a, desembargador Samuel Meira Brasil J\u00fanior, o secret\u00e1rio de Estado da Seguran\u00e7a P\u00fablica, Roberto S\u00e1; o subsecret\u00e1rio de Intelig\u00eancia da Sesp, Jos\u00e9 Monteiro J\u00fanior, e a ju\u00edza corregedora Patr\u00edcia Faroni, na \u00faltima sexta-feira (14).<\/p>\n<p>Segundo o desembargador Samuel Meira Brasil J\u00fanior, a realiza\u00e7\u00e3o da parceria sempre foi desejo do \u00f3rg\u00e3o e se trata de um termo que ele considera hist\u00f3rico. \u201cEstamos muito felizes por esse acordo. \u00c9 muito importante essa colabora\u00e7\u00e3o com a Corregedoria. Isso vai ser hist\u00f3rico para n\u00f3s, para podermos avan\u00e7ar nessas quest\u00f5es de investiga\u00e7\u00e3o. Nosso objetivo \u00e9 auxiliar para resolver o problema. \u00c9 uma conquista\u201d, afirmou.<\/p>\n<p>O secret\u00e1rio Roberto S\u00e1 disse que espera frutos dessa parceria e ressaltou a admira\u00e7\u00e3o pelo trabalho realizado pelo Judici\u00e1rio. \u201cEstamos muito empolgados nessa miss\u00e3o com a Corregedoria e vamos fazer com muito prazer. A gente admira a atividade do Poder Judici\u00e1rio, nos empenhamos muito nessa arte de investiga\u00e7\u00e3o, com avan\u00e7o de tecnologia\u201d, disse.<\/p>\n<p><img loading=\"lazy\" decoding=\"async\" class=\"aligncenter wp-image-109690 size-full\" src=\"https:\/\/www.tjes.jus.br\/wp-content\/uploads\/190619_INT_2_Corregedoria_Seger_787.jpg\" sizes=\"(max-width: 787px) 100vw, 787px\" srcset=\"https:\/\/www.tjes.jus.br\/wp-content\/uploads\/190619_INT_2_Corregedoria_Seger_787.jpg 787w, https:\/\/www.tjes.jus.br\/wp-content\/uploads\/190619_INT_2_Corregedoria_Seger_787-300x200.jpg 300w\" alt=\"\" width=\"787\" height=\"525\" \/><\/p>\n<p><strong>Inova\u00e7\u00e3o<\/strong><\/p>\n<p>O corregedor geral da Justi\u00e7a, desembargador Samuel Meira Brasil J\u00fanior, tamb\u00e9m se reuniu na tarde dessa ter\u00e7a-feira (18), com a secret\u00e1ria de Estado de Gest\u00e3o e Recursos Humanos, Lenise Loureiro, com o objetivo de promover o interc\u00e2mbio de pr\u00e1ticas, conhecimentos e experi\u00eancias referentes \u00e0 inova\u00e7\u00e3o no setor p\u00fablico, entre os Poderes Judici\u00e1rio e Executivo. A ideia \u00e9 unificar a articula\u00e7\u00e3o de a\u00e7\u00f5es para apoiar pr\u00e1ticas e projetos inovadores, contribuindo para a melhoria na gest\u00e3o p\u00fablica e na presta\u00e7\u00e3o de servi\u00e7os aos cidad\u00e3os.<\/p>\n<p>Vit\u00f3ria, 19 de junho de 2019<\/p>\n","protected":false},"excerpt":{"rendered":"<p>A Corregedoria Geral da Justi\u00e7a (CGJ-ES) e a Secretaria de Estado da Seguran\u00e7a P\u00fablica e Defesa Social (Sesp) assinaram um acordo de coopera\u00e7\u00e3o t\u00e9cnica para a troca de informa\u00e7\u00f5es e aux\u00edlio em investiga\u00e7\u00f5es. A parceria \u00e9 v\u00e1lida por 24 meses e permitir\u00e1 a promo\u00e7\u00e3o de a\u00e7\u00f5es integradas com a Corregedoria e treinamentos para os magistrados, [&hellip;]<\/p>\n","protected":false},"author":10,"featured_media":27231,"comment_status":"closed","ping_status":"closed","sticky":false,"template":"","format":"standard","meta":{"footnotes":""},"categories":[1],"tags":[],"_links":{"self":[{"href":"https:\/\/www.tjes.jus.br\/corregedoria\/wp-json\/wp\/v2\/posts\/27230"}],"collection":[{"href":"https:\/\/www.tjes.jus.br\/corregedoria\/wp-json\/wp\/v2\/posts"}],"about":[{"href":"https:\/\/www.tjes.jus.br\/corregedoria\/wp-json\/wp\/v2\/types\/post"}],"author":[{"embeddable":true,"href":"https:\/\/www.tjes.jus.br\/corregedoria\/wp-json\/wp\/v2\/users\/10"}],"replies":[{"embeddable":true,"href":"https:\/\/www.tjes.jus.br\/corregedoria\/wp-json\/wp\/v2\/comments?post=27230"}],"version-history":[{"count":1,"href":"https:\/\/www.tjes.jus.br\/corregedoria\/wp-json\/wp\/v2\/posts\/27230\/revisions"}],"predecessor-version":[{"id":27233,"href":"https:\/\/www.tjes.jus.br\/corregedoria\/wp-json\/wp\/v2\/posts\/27230\/revisions\/27233"}],"wp:featuredmedia":[{"embeddable":true,"href":"https:\/\/www.tjes.jus.br\/corregedoria\/wp-json\/wp\/v2\/media\/27231"}],"wp:attachment":[{"href":"https:\/\/www.tjes.jus.br\/corregedoria\/wp-json\/wp\/v2\/media?parent=27230"}],"wp:term":[{"taxonomy":"category","embeddable":true,"href":"https:\/\/www.tjes.jus.br\/corregedoria\/wp-json\/wp\/v2\/categories?post=27230"},{"taxonomy":"post_tag","embeddable":true,"href":"https:\/\/www.tjes.jus.br\/corregedoria\/wp-json\/wp\/v2\/tags?post=27230"}],"curies":[{"name":"wp","href":"https:\/\/api.w.org\/{rel}","templated":true}]}}