{"id":27249,"date":"2019-06-26T13:11:29","date_gmt":"2019-06-26T16:11:29","guid":{"rendered":"https:\/\/www.tjes.jus.br\/corregedoria\/?p=27249"},"modified":"2019-06-26T13:11:29","modified_gmt":"2019-06-26T16:11:29","slug":"ato-normativo-no-086-2019-disp-26-06-2019","status":"publish","type":"post","link":"https:\/\/www.tjes.jus.br\/corregedoria\/2019\/06\/26\/ato-normativo-no-086-2019-disp-26-06-2019\/","title":{"rendered":"ATO NORMATIVO N\u00ba 086\/2019 \u2013 DISP. 26\/06\/2019"},"content":{"rendered":"<p align=\"center\"><strong>ESTADO DO ESP\u00cdRITO SANTO<\/strong><\/p>\n<p align=\"center\"><strong>PODER JUDICI\u00c1RIO<\/strong><\/p>\n<p align=\"center\"><strong>TRIBUNAL DE JUSTI\u00c7A<\/strong><\/p>\n<p align=\"center\"><strong><i>GABINETE DA PRESID\u00caNCIA<\/i><\/strong><\/p>\n<p align=\"center\">\n<p align=\"center\"><strong>ATO NORMATIVO n\u00ba 086\/2019<\/strong><\/p>\n<p align=\"center\">\n<p align=\"justify\">O Excelent\u00edssimo Senhor Desembargador Ney Batista Coutinho, Presidente em exerc\u00edcio do Egr\u00e9gio Tribunal de Justi\u00e7a do Estado do Esp\u00edrito Santo, no uso de suas atribui\u00e7\u00f5es legais,<\/p>\n<p align=\"justify\">\n<p align=\"justify\">CONSIDERANDO o teor do expediente protocolado neste Egr\u00e9gio Tribunal de Justi\u00e7a sob o n\u00famero 2019.00.859.546, encaminhado pelo Exmo. Sr. Dr. Felippe Monteiro Morgado Horta, informando a necessidade de emprego de toda a for\u00e7a de trabalho na materializa\u00e7\u00e3o dos precat\u00f3rios que dever\u00e3o ser informados aos entes devedores para inclus\u00e3o da proposta or\u00e7ament\u00e1ria do exerc\u00edcio subsequente, na forma do art. 7\u00ba, \u00a71\u00ba, da Res. n\u00ba 115\/2010 do CNJ;<\/p>\n<p align=\"justify\">\n<p align=\"justify\">CONSIDERANDO a eleva\u00e7\u00e3o exponencial de precat\u00f3rios requisitados neste exerc\u00edcio, em virtude de determina\u00e7\u00e3o do CNJ de sua expedi\u00e7\u00e3o de forma individualizada;<\/p>\n<p align=\"justify\">\n<p align=\"justify\">CONSIDERANDO a inexist\u00eancia, via de regra, de quest\u00f5es urgentes que demandem pronta interven\u00e7\u00e3o, bem como o fato de que as informa\u00e7\u00f5es sobre precat\u00f3rios se encontram no s\u00edtio eletr\u00f4nico do TJES;<\/p>\n<p align=\"justify\">\n<p align=\"justify\">RESOLVE:<\/p>\n<p align=\"justify\">\n<p align=\"justify\">SUSPENDER o atendimento ao p\u00fablico na Assessoria de Precat\u00f3rios do Tribunal de Justi\u00e7a do Estado do Esp\u00edrito Santo no per\u00edodo de 25 de Junho a 19 de Julho de 2019.<\/p>\n<p align=\"justify\">\n<p align=\"justify\"><span lang=\"pt-BR\">Publique-se.<\/span><\/p>\n<p align=\"center\">\n<p align=\"center\"><span lang=\"pt-BR\">Vit\u00f3ria, 25 de Junho de 2019.<\/span><\/p>\n<p align=\"center\">\n<p align=\"center\"><span lang=\"pt-BR\">Desembargador NEY BATISTA COUTINHO<\/span><\/p>\n<p align=\"center\"><span lang=\"pt-BR\">Presidente em exerc\u00edcio<\/span><\/p>\n","protected":false},"excerpt":{"rendered":"<p>ESTADO DO ESP\u00cdRITO SANTO PODER JUDICI\u00c1RIO TRIBUNAL DE JUSTI\u00c7A GABINETE DA PRESID\u00caNCIA ATO NORMATIVO n\u00ba 086\/2019 O Excelent\u00edssimo Senhor Desembargador Ney Batista Coutinho, Presidente em exerc\u00edcio do Egr\u00e9gio Tribunal de Justi\u00e7a do Estado do Esp\u00edrito Santo, no uso de suas atribui\u00e7\u00f5es legais, CONSIDERANDO o teor do expediente protocolado neste Egr\u00e9gio Tribunal de Justi\u00e7a sob o [&hellip;]<\/p>\n","protected":false},"author":1,"featured_media":0,"comment_status":"closed","ping_status":"closed","sticky":false,"template":"","format":"standard","meta":{"footnotes":""},"categories":[4,14],"tags":[],"_links":{"self":[{"href":"https:\/\/www.tjes.jus.br\/corregedoria\/wp-json\/wp\/v2\/posts\/27249"}],"collection":[{"href":"https:\/\/www.tjes.jus.br\/corregedoria\/wp-json\/wp\/v2\/posts"}],"about":[{"href":"https:\/\/www.tjes.jus.br\/corregedoria\/wp-json\/wp\/v2\/types\/post"}],"author":[{"embeddable":true,"href":"https:\/\/www.tjes.jus.br\/corregedoria\/wp-json\/wp\/v2\/users\/1"}],"replies":[{"embeddable":true,"href":"https:\/\/www.tjes.jus.br\/corregedoria\/wp-json\/wp\/v2\/comments?post=27249"}],"version-history":[{"count":1,"href":"https:\/\/www.tjes.jus.br\/corregedoria\/wp-json\/wp\/v2\/posts\/27249\/revisions"}],"predecessor-version":[{"id":27250,"href":"https:\/\/www.tjes.jus.br\/corregedoria\/wp-json\/wp\/v2\/posts\/27249\/revisions\/27250"}],"wp:attachment":[{"href":"https:\/\/www.tjes.jus.br\/corregedoria\/wp-json\/wp\/v2\/media?parent=27249"}],"wp:term":[{"taxonomy":"category","embeddable":true,"href":"https:\/\/www.tjes.jus.br\/corregedoria\/wp-json\/wp\/v2\/categories?post=27249"},{"taxonomy":"post_tag","embeddable":true,"href":"https:\/\/www.tjes.jus.br\/corregedoria\/wp-json\/wp\/v2\/tags?post=27249"}],"curies":[{"name":"wp","href":"https:\/\/api.w.org\/{rel}","templated":true}]}}