{"id":27293,"date":"2019-07-02T13:17:32","date_gmt":"2019-07-02T16:17:32","guid":{"rendered":"https:\/\/www.tjes.jus.br\/corregedoria\/?p=27293"},"modified":"2019-07-18T13:47:18","modified_gmt":"2019-07-18T16:47:18","slug":"ato-normativo-no-088-2019-disp-02-06-2019","status":"publish","type":"post","link":"https:\/\/www.tjes.jus.br\/corregedoria\/2019\/07\/02\/ato-normativo-no-088-2019-disp-02-06-2019\/","title":{"rendered":"ATO NORMATIVO N\u00ba 088\/2019 \u2013 DISP. 01\/07\/2019"},"content":{"rendered":"<p align=\"center\"><strong><span lang=\"pt-BR\">ESTADO DO ESP\u00cdRITO SANTO<\/span><\/strong><\/p>\n<p align=\"center\"><strong><span lang=\"pt-BR\">PODER JUDICI\u00c1RIO<\/span><\/strong><\/p>\n<p align=\"center\"><span lang=\"pt-BR\"><strong>TRIBUNAL DE JUSTI\u00c7A<\/strong><\/span><\/p>\n<p>&nbsp;<\/p>\n<p>&nbsp;<\/p>\n<p align=\"center\"><span lang=\"pt-BR\"><strong>ATO\u00a0<\/strong><\/span><span lang=\"pt-BR\"><strong>NORMATIVO<\/strong><\/span><span lang=\"pt-BR\">\u00a0<\/span><span lang=\"pt-BR\"><strong>N\u00ba\u00a0<\/strong><\/span><span lang=\"pt-BR\"><strong>088<\/strong><\/span><span lang=\"pt-BR\"><strong>\/2019<\/strong><\/span><\/p>\n<p align=\"justify\"><span lang=\"pt-BR\">EMENTA: Disp\u00f5e sobre a realiza\u00e7\u00e3o de Mutir\u00e3o nas Centrais de Apoio Multidisciplinar da 10\u00aa e 11\u00aa Regi\u00f5es Judici\u00e1rias.<\/span><\/p>\n<p align=\"justify\"><span lang=\"pt-BR\"><strong>O Excelent\u00edssimo Senhor Desembargador<\/strong><\/span><span lang=\"pt-BR\">\u00a0NEY BATISTA COUTINHO<\/span><span lang=\"pt-BR\"><strong>, Presidente em exerc\u00edcio do Egr\u00e9gio Tribunal de Justi\u00e7a do Estado do Esp\u00edrito Santo, no uso de suas atribui\u00e7\u00f5es legais etc.<\/strong><\/span><\/p>\n<p align=\"justify\"><span lang=\"pt-BR\"><strong>Considerando<\/strong><\/span><span lang=\"pt-BR\">\u00a0que compete ao Presidente do Egr\u00e9gio Tribunal de Justi\u00e7a superintender as atividades judici\u00e1rias;<\/span><\/p>\n<p align=\"justify\"><span lang=\"pt-BR\"><strong>CONSIDERANDO\u00a0<\/strong><\/span><span lang=\"pt-BR\">o elevado n\u00famero de processos aguardando realiza\u00e7\u00e3o de estudos psicossociais para emiss\u00e3o de parecer, a fim de subsidiar os magistrados nas a\u00e7\u00f5es que tramitam perante as Comarcas abrangidas pela 10\u00aa e 11\u00aa Regi\u00f5es Judici\u00e1rias;<\/span><\/p>\n<p align=\"justify\"><span lang=\"pt-BR\"><strong>CONSIDERANDO\u00a0<\/strong><\/span><span lang=\"pt-BR\">a necessidade de imprimir celeridade aos processos que se encontram na referida situa\u00e7\u00e3o conforme decis\u00e3o proferida nos autos do processo administrativo n\u00ba 2018.01.407.283;<\/span><\/p>\n<p align=\"justify\"><span lang=\"pt-BR\"><strong>RESOLVE:<\/strong><\/span><\/p>\n<p align=\"justify\"><span lang=\"pt-BR\"><strong>Art. 1\u00ba\u00a0<\/strong><\/span><span lang=\"pt-BR\">Estabelecer o regime de Mutir\u00e3o a ser realizado nas Centrais de Apoio Multidisciplinar da 10\u00aa e 11\u00aa Regi\u00f5es Judici\u00e1rias,\u00a0<\/span><span lang=\"pt-BR\"><strong>com in\u00edcio no dia 05\/08\/2019 e dura\u00e7\u00e3o de 20 (vinte) dias \u00fateis,<\/strong><\/span><span lang=\"pt-BR\">\u00a0devendo, neste per\u00edodo, serem conclu\u00eddos os relat\u00f3rios sociais, psicol\u00f3gicos ou psicossociais designados para cada servidor pela Chefia da Central de Apoio Multidisciplinar da 10\u00aa Regi\u00e3o Judici\u00e1ria.<\/span><\/p>\n<p align=\"justify\"><span lang=\"pt-BR\"><strong>Par\u00e1grafo \u00fanico.<\/strong><\/span><span lang=\"pt-BR\">\u00a0Caso a demanda atribu\u00edda ao servidor n\u00e3o seja cumprida at\u00e9 o final do prazo estabelecido no\u00a0<\/span><span lang=\"pt-BR\"><i>caput<\/i><\/span><span lang=\"pt-BR\">, dever\u00e1 o mesmo apresentar, detalhadamente, a justificativa \u00e0 Chefe da Central de Apoio Multidisciplinar da 10\u00aa Regi\u00e3o Judici\u00e1ria.<\/span><\/p>\n<p align=\"justify\"><span lang=\"pt-BR\"><strong>Art. 2\u00ba\u00a0<\/strong><\/span><span lang=\"pt-BR\">CONVOCAR os servidores abaixo indicados para atuarem no Mutir\u00e3o, sob a coordena\u00e7\u00e3o da servidora VANESSA DA SILVA CLEM, Chefe da Central de Apoio Multidisciplinar da 10\u00aa Regi\u00e3o Judici\u00e1ria, q<\/span><span lang=\"pt-BR\">ue, ao final dos trabalhos, apresentar\u00e1, no prazo de 10 (dez) dias, relat\u00f3rio circunstanciado do trabalho realizado \u00e0 Coordenadoria das Varas da Inf\u00e2ncia e Juventude e \u00e0 Secretaria de Gest\u00e3o de Pessoas:<\/span><\/p>\n<p><span lang=\"pt-BR\"><strong>I \u2013<\/strong><\/span><span lang=\"pt-BR\">\u00a0MARIA HELENA DE PAULA \u2013 Analista Judici\u00e1ria \u2013 AE \u2013 Servi\u00e7o Social \u2013 2\u00aa Vara da Inf\u00e2ncia e Juventude de Vit\u00f3ria;<strong>(Inclu\u00edda pelo\u00a0<a href=\"https:\/\/www.tjes.jus.br\/corregedoria\/2019\/07\/18\/ato-normativo-no-099-2019-disp-18-07-2019\/\">Ato Normativo n\u00ba 099\/2019<\/a>, disponibilizado em 18\/07\/2019)<\/strong><\/span><\/p>\n<p align=\"justify\"><span lang=\"pt-BR\"><strong>I \u2013<\/strong><\/span><span lang=\"pt-BR\">\u00a0DANIELE VASCONCELOS CAMPAGNARO PASSOS \u2013 Analista Judici\u00e1ria \u2013 AE \u2013 Servi\u00e7o Social \u2013 1\u00aa Vara Especializada da Inf\u00e2ncia e Juventude de Cariacica;<\/span><\/p>\n<p align=\"justify\"><span lang=\"pt-BR\"><strong>II \u2013<\/strong><\/span><span lang=\"pt-BR\">\u00a0MARIA ALICE DELAI \u2013 Analista Judici\u00e1ria \u2013 AE \u2013 Servi\u00e7o Social \u2013 1\u00aa Primeira Vara da Inf\u00e2ncia e Juventude de Vila Velha;<\/span><strong>(Inclu\u00edda pelo\u00a0<a href=\"https:\/\/www.tjes.jus.br\/corregedoria\/2019\/07\/18\/ato-normativo-no-099-2019-disp-18-07-2019\/\">Ato Normativo n\u00ba 099\/2019<\/a>, disponibilizado em 18\/07\/2019)<\/strong><\/p>\n<p align=\"justify\"><del><span lang=\"pt-BR\"><strong>II \u2013<\/strong><\/span><span lang=\"pt-BR\">\u00a0RENATA SANTIAGO LIMA \u2013 Analista Judici\u00e1ria \u2013 AE \u2013 Servi\u00e7o Social \u2013 Central de Apoio Multidisciplinar de Cariacica;<\/span><\/del><span lang=\"pt-BR\"><b>(Exclu\u00eddo\u00a0pelo\u00a0<\/b><\/span><span lang=\"pt-BR\"><a style=\"font-weight: bold;\" href=\"https:\/\/www.tjes.jus.br\/corregedoria\/2019\/07\/18\/ato-normativo-no-099-2019-disp-18-07-2019\/\">Ato Normativo n\u00ba 099\/2019<\/a><b>, disponibilizado em 18\/07\/2019)<\/b><\/span><\/p>\n<p align=\"justify\"><span lang=\"pt-BR\"><strong>III \u2013<\/strong><\/span><span lang=\"pt-BR\">\u00a0GISELLE SOUZA RIBEIRO \u2013 Analista Judici\u00e1ria \u2013 AE \u2013 Servi\u00e7o Social \u2013 2\u00aa Vara Especializada da Inf\u00e2ncia e Juventude de Serra;<\/span><\/p>\n<p align=\"justify\"><span lang=\"pt-BR\"><strong>III \u2013<\/strong><\/span><span lang=\"pt-BR\">\u00a0LUCIANA ROCHA LOPES \u2013 Analista Judici\u00e1ria \u2013 AE \u2013 PSICOLOGIA \u2013 1\u00aa Vara da Inf\u00e2ncia e Juventude de Vit\u00f3ria;<strong>(Inclu\u00edda pelo\u00a0<a href=\"https:\/\/www.tjes.jus.br\/corregedoria\/2019\/07\/18\/ato-normativo-no-099-2019-disp-18-07-2019\/\">Ato Normativo n\u00ba 099\/2019<\/a>, disponibilizado em 18\/07\/2019)<\/strong><\/span><\/p>\n<p align=\"justify\"><span lang=\"pt-BR\"><strong>IV \u2013<\/strong><\/span><span lang=\"pt-BR\">\u00a0ALZIRENE FERREIRA ARA\u00daJO DASSUN\u00c7\u00c3O \u2013 Analista Judici\u00e1ria \u2013 AE \u2013 Servi\u00e7o Social \u2013 1\u00aa Vara da Inf\u00e2ncia e Juventude de Linhares;\u00a0<strong>(Inclu\u00edda pelo\u00a0<a href=\"https:\/\/www.tjes.jus.br\/corregedoria\/2019\/07\/18\/ato-normativo-no-099-2019-disp-18-07-2019\/\">Ato Normativo n\u00ba 099\/2019<\/a>, disponibilizado em 18\/07\/2019)<\/strong><\/span><\/p>\n<p align=\"justify\"><span lang=\"pt-BR\"><strong>IV \u2013<\/strong><\/span><span lang=\"pt-BR\">\u00a0ROSIANE GON\u00c7ALVES DE OLIVEIRA PASSAMANI \u2013 Analista Judici\u00e1ria \u2013 AE \u2013 Servi\u00e7o Social \u2013 Central de Apoio Multidisciplinar de Vila Velha;<\/span><\/p>\n<p align=\"justify\"><span lang=\"pt-BR\"><strong>V \u2013<\/strong><\/span><span lang=\"pt-BR\">\u00a0ANA C\u00c2NDIDA FERREIRA FIGUEIREDO \u2013 Analista Judici\u00e1ria \u2013 AE \u2013 Servi\u00e7o Social \u2013 1\u00aa Vara da Inf\u00e2ncia e Juventude de Serra.<strong>(Inclu\u00edda pelo\u00a0<a href=\"https:\/\/www.tjes.jus.br\/corregedoria\/2019\/07\/18\/ato-normativo-no-099-2019-disp-18-07-2019\/\">Ato Normativo n\u00ba 099\/2019<\/a>, disponibilizado em 18\/07\/2019)<\/strong><\/span><\/p>\n<p align=\"justify\"><del><span lang=\"pt-BR\"><strong>V \u2013<\/strong><\/span><span lang=\"pt-BR\">\u00a0SOLANGER SGULMARO FERREIRA \u2013 Analista Judici\u00e1ria \u2013 AE \u2013 Servi\u00e7o Social \u2013 Central de Apoio Multidisciplinar de Vit\u00f3ria\u00a0<\/span><\/del><span lang=\"pt-BR\"><b>(Exclu\u00eddo\u00a0pelo\u00a0<\/b><\/span><span lang=\"pt-BR\"><a style=\"font-weight: bold;\" href=\"https:\/\/www.tjes.jus.br\/corregedoria\/2019\/07\/18\/ato-normativo-no-099-2019-disp-18-07-2019\/\">Ato Normativo n\u00ba 099\/2019<\/a><b>, disponibilizado em 18\/07\/2019)<\/b><\/span><\/p>\n<p align=\"justify\"><span lang=\"pt-BR\"><strong>VI \u2013<\/strong><\/span><span lang=\"pt-BR\">\u00a0GIOVANNA CANAL DE SETA \u2013 Analista Judici\u00e1ria \u2013 AE \u2013 Servi\u00e7o Social \u2013 Central de Apoio Multidisciplinar de Colatina;<\/span><\/p>\n<p align=\"justify\"><del><span lang=\"pt-BR\"><strong>VII \u2013<\/strong><\/span><span lang=\"pt-BR\">\u00a0MARIANA DA SILVA LIMA \u2013 Analista Judici\u00e1ria \u2013 AE \u2013 Servi\u00e7o Social \u2013 Central de Apoio Multidisciplinar de Colatina;<\/span><\/del><span lang=\"pt-BR\"><b>(Exclu\u00eddo\u00a0pelo\u00a0<\/b><\/span><span lang=\"pt-BR\"><a style=\"font-weight: bold;\" href=\"https:\/\/www.tjes.jus.br\/corregedoria\/2019\/07\/18\/ato-normativo-no-099-2019-disp-18-07-2019\/\">Ato Normativo n\u00ba 099\/2019<\/a><b>, disponibilizado em 18\/07\/2019)<\/b><\/span><\/p>\n<p align=\"justify\"><del><span lang=\"pt-BR\"><strong>VIII \u2013<\/strong><\/span><span lang=\"pt-BR\">\u00a0CAROLINA CORREA VILA\u00c7A \u2013 Analista Judici\u00e1ria \u2013 AE \u2013 Psicologia \u2013 Central de Apoio Multidisciplinar de Vila Velha.<\/span><\/del><span lang=\"pt-BR\"><b>(Exclu\u00eddo\u00a0pelo\u00a0<\/b><\/span><span lang=\"pt-BR\"><a style=\"font-weight: bold;\" href=\"https:\/\/www.tjes.jus.br\/corregedoria\/2019\/07\/18\/ato-normativo-no-099-2019-disp-18-07-2019\/\">Ato Normativo n\u00ba 099\/2019<\/a><b>, disponibilizado em 18\/07\/2019)<\/b><\/span><\/p>\n<p align=\"justify\"><span lang=\"pt-BR\"><strong>Par\u00e1grafo \u00fanico.<\/strong><\/span><span lang=\"pt-BR\">\u00a0A Chefe da Central de Apoio Multidisciplinar da 10\u00aa Regi\u00e3o Judici\u00e1ria remeter\u00e1 atestado, para fins de frequ\u00eancia, referente ao per\u00edodo trabalhado, para a Diretoria do Foro ou Secretaria da Vara de lota\u00e7\u00e3o origin\u00e1ria de cada servidor participante do Mutir\u00e3o.<\/span><\/p>\n<p align=\"justify\"><span lang=\"pt-BR\"><strong>Art. 3\u00ba.\u00a0<\/strong><\/span><span lang=\"pt-BR\">O mutir\u00e3o dever\u00e1 ser desempenhado durante o hor\u00e1rio normal de trabalho, com a consequente percep\u00e7\u00e3o de di\u00e1ria, nos termos do art. 1\u00ba do Ato Normativo n\u00ba 053\/2016, ficando os mesmos, durante o per\u00edodo disposto no art. 1\u00ba deste Ato, dispensados de suas atribui\u00e7\u00f5es nas lota\u00e7\u00f5es origin\u00e1rias.<\/span><\/p>\n<p align=\"justify\"><span lang=\"pt-BR\"><strong>Art. 4\u00ba<\/strong><\/span><span lang=\"pt-BR\">. Os servidores designados para o regime de Mutir\u00e3o dever\u00e3o comparecer no dia 05\/08\/2019, na Central de Apoio Multidisciplinar da 10\u00aa Regi\u00e3o Judici\u00e1ria, para orienta\u00e7\u00f5es e distribui\u00e7\u00e3o dos servi\u00e7os.<\/span><\/p>\n<p align=\"justify\"><span lang=\"pt-BR\"><strong>Art. 5\u00ba.<\/strong><\/span><span lang=\"pt-BR\">\u00a0A Secretaria de Infraestrutura do Tribunal de Justi\u00e7a dever\u00e1 disponibilizar 03 (tr\u00eas) ve\u00edculos com motoristas, que ficar\u00e3o \u00e0 disposi\u00e7\u00e3o da Chefe da Central de Apoio Multidisciplinar da 10\u00aa Regi\u00e3o Judici\u00e1ria para atender todo o per\u00edodo do Mutir\u00e3o, sem preju\u00edzo dos ve\u00edculos e motoristas que j\u00e1 atendem as respectivas Regi\u00f5es.<\/span><\/p>\n<p align=\"justify\"><span lang=\"pt-BR\"><strong>Art. 6\u00ba.<\/strong><\/span><span lang=\"pt-BR\">\u00a0As Diretorias dos Foros da 10\u00aa e 11\u00aa Regi\u00f5es Judici\u00e1rias dever\u00e3o disponibilizar 01 (uma) sala com no m\u00ednimo 02 (dois) computadores e 01 (uma) impressora, para auxiliar nos trabalhos dos servidores convocados para o Mutir\u00e3o.<\/span><\/p>\n<p align=\"justify\"><span lang=\"pt-BR\"><strong>Art. 7\u00ba.\u00a0<\/strong><\/span><span lang=\"pt-BR\">A participa\u00e7\u00e3o dos servidores no mutir\u00e3o ser\u00e1 aproveitada para efeito de promo\u00e7\u00e3o na carreira, na modalidade Equipe Especial de Trabalho, conforme disposto no Ato 1904\/14.<\/span><\/p>\n<p align=\"justify\"><span lang=\"pt-BR\"><strong>Art. 8\u00ba<\/strong><\/span><span lang=\"pt-BR\">. Este Ato Normativo entra em vigor na data de sua publica\u00e7\u00e3o.<\/span><\/p>\n<p align=\"justify\"><strong>Publique-se.<\/strong><\/p>\n<p align=\"justify\"><span lang=\"pt-BR\">Publique-se no Di\u00e1rio da Justi\u00e7a Eletr\u00f4nico por 03 dias consecutivos.<\/span><\/p>\n<p>&nbsp;<\/p>\n<p align=\"center\"><span lang=\"pt-BR\">Vit\u00f3ria, 26 de junho de 2019.<\/span><\/p>\n<p align=\"center\"><span lang=\"pt-BR\"><strong>Desembargador\u00a0<\/strong><\/span><span lang=\"pt-BR\"><strong>NEY BATISTA COUTINHO<\/strong><\/span><br \/>\n<span lang=\"pt-BR\">Presidente em exerc\u00edcio<\/span><\/p>\n<h2 style=\"text-align: center;\"><span lang=\"pt-BR\"><strong><span style=\"color: #ff0000;\">Alterado pelo<\/span>\u00a0<a href=\"https:\/\/www.tjes.jus.br\/corregedoria\/2019\/07\/18\/ato-normativo-no-099-2019-disp-18-07-2019\/\">Ato Normativo n\u00ba 099\/2019<\/a><span style=\"color: #ff0000;\">, disponibilizado em 18\/07\/2019<\/span><\/strong><\/span><\/h2>\n","protected":false},"excerpt":{"rendered":"<p>ESTADO DO ESP\u00cdRITO SANTO PODER JUDICI\u00c1RIO TRIBUNAL DE JUSTI\u00c7A &nbsp; &nbsp; ATO\u00a0NORMATIVO\u00a0N\u00ba\u00a0088\/2019 EMENTA: Disp\u00f5e sobre a realiza\u00e7\u00e3o de Mutir\u00e3o nas Centrais de Apoio Multidisciplinar da 10\u00aa e 11\u00aa Regi\u00f5es Judici\u00e1rias. O Excelent\u00edssimo Senhor Desembargador\u00a0NEY BATISTA COUTINHO, Presidente em exerc\u00edcio do Egr\u00e9gio Tribunal de Justi\u00e7a do Estado do Esp\u00edrito Santo, no uso de suas atribui\u00e7\u00f5es legais [&hellip;]<\/p>\n","protected":false},"author":1,"featured_media":0,"comment_status":"closed","ping_status":"closed","sticky":false,"template":"","format":"standard","meta":{"footnotes":""},"categories":[4,14],"tags":[],"_links":{"self":[{"href":"https:\/\/www.tjes.jus.br\/corregedoria\/wp-json\/wp\/v2\/posts\/27293"}],"collection":[{"href":"https:\/\/www.tjes.jus.br\/corregedoria\/wp-json\/wp\/v2\/posts"}],"about":[{"href":"https:\/\/www.tjes.jus.br\/corregedoria\/wp-json\/wp\/v2\/types\/post"}],"author":[{"embeddable":true,"href":"https:\/\/www.tjes.jus.br\/corregedoria\/wp-json\/wp\/v2\/users\/1"}],"replies":[{"embeddable":true,"href":"https:\/\/www.tjes.jus.br\/corregedoria\/wp-json\/wp\/v2\/comments?post=27293"}],"version-history":[{"count":6,"href":"https:\/\/www.tjes.jus.br\/corregedoria\/wp-json\/wp\/v2\/posts\/27293\/revisions"}],"predecessor-version":[{"id":27479,"href":"https:\/\/www.tjes.jus.br\/corregedoria\/wp-json\/wp\/v2\/posts\/27293\/revisions\/27479"}],"wp:attachment":[{"href":"https:\/\/www.tjes.jus.br\/corregedoria\/wp-json\/wp\/v2\/media?parent=27293"}],"wp:term":[{"taxonomy":"category","embeddable":true,"href":"https:\/\/www.tjes.jus.br\/corregedoria\/wp-json\/wp\/v2\/categories?post=27293"},{"taxonomy":"post_tag","embeddable":true,"href":"https:\/\/www.tjes.jus.br\/corregedoria\/wp-json\/wp\/v2\/tags?post=27293"}],"curies":[{"name":"wp","href":"https:\/\/api.w.org\/{rel}","templated":true}]}}