{"id":27297,"date":"2019-07-02T13:25:46","date_gmt":"2019-07-02T16:25:46","guid":{"rendered":"https:\/\/www.tjes.jus.br\/corregedoria\/?p=27297"},"modified":"2019-07-02T13:32:08","modified_gmt":"2019-07-02T16:32:08","slug":"ato-normativo-no-089-2019-disp-02-06-2019","status":"publish","type":"post","link":"https:\/\/www.tjes.jus.br\/corregedoria\/2019\/07\/02\/ato-normativo-no-089-2019-disp-02-06-2019\/","title":{"rendered":"ATO NORMATIVO N\u00ba 089\/2019 \u2013 DISP. 02\/07\/2019"},"content":{"rendered":"<p align=\"center\"><strong>ESTADO DO ESP\u00cdRITO SANTO<\/strong><\/p>\n<p align=\"center\"><strong>PODER JUDICI\u00c1RIO<\/strong><\/p>\n<p align=\"center\"><strong>TRIBUNAL DE JUSTI\u00c7A<\/strong><\/p>\n<p align=\"center\"><strong><i>GABINETE DA PRESID\u00caNCIA<\/i><\/strong><\/p>\n<p align=\"center\"><strong>ATO NORMATIVO n\u00ba 089\/2019<\/strong><\/p>\n<p align=\"justify\">O Excelent\u00edssimo Senhor Desembargador Ney Batista Coutinho, Presidente em exerc\u00edcio do Egr\u00e9gio Tribunal de Justi\u00e7a do Estado do Esp\u00edrito Santo, no uso de suas atribui\u00e7\u00f5es legais,<\/p>\n<p align=\"justify\">CONSIDERANDO o teor do expediente protocolado neste Egr\u00e9gio Tribunal de Justi\u00e7a sob o n\u00famero 7003402-10.2019.8.08.0000, encaminhado pelo Exmo. Sr. Dr. Alexandre Farina Lopes, Juiz de Direito Diretor do Foro de Serra \u2013 Comarca da Capital, por meio do qual comunicou a necessidade de mudan\u00e7a da sede da 2\u00aa e da 3\u00aa Varas Criminais daquele Ju\u00edzo para o primeiro pavimento do F\u00f3rum Criminal, o que impossibilitar\u00e1 o regular desenvolvimento das atividades forenses;<\/p>\n<p align=\"justify\">RESOLVE:<\/p>\n<p align=\"justify\">SUSPENDER os prazos processuais e o atendimento ao p\u00fablico da 2\u00aa e da 3\u00aa Varas Criminais do Ju\u00edzo da Serra \u2013 Comarca da Capital, nos dias 04 e 05 de Julho de 2019, sem preju\u00edzo da an\u00e1lise das medidas urgentes.<\/p>\n<p align=\"justify\"><span lang=\"pt-BR\">Publique-se.<\/span><\/p>\n<p align=\"center\"><span lang=\"pt-BR\">Vit\u00f3ria, 01 de Julho de 2019.<\/span><\/p>\n<p align=\"center\"><span lang=\"pt-BR\">Desembargador NEY BATISTA COUTINHO<\/span><\/p>\n<p align=\"center\"><span lang=\"pt-BR\">Presidente em exerc\u00edcio<\/span><\/p>\n","protected":false},"excerpt":{"rendered":"<p>ESTADO DO ESP\u00cdRITO SANTO PODER JUDICI\u00c1RIO TRIBUNAL DE JUSTI\u00c7A GABINETE DA PRESID\u00caNCIA ATO NORMATIVO n\u00ba 089\/2019 O Excelent\u00edssimo Senhor Desembargador Ney Batista Coutinho, Presidente em exerc\u00edcio do Egr\u00e9gio Tribunal de Justi\u00e7a do Estado do Esp\u00edrito Santo, no uso de suas atribui\u00e7\u00f5es legais, CONSIDERANDO o teor do expediente protocolado neste Egr\u00e9gio Tribunal de Justi\u00e7a sob o [&hellip;]<\/p>\n","protected":false},"author":1,"featured_media":0,"comment_status":"closed","ping_status":"closed","sticky":false,"template":"","format":"standard","meta":{"footnotes":""},"categories":[4,14],"tags":[],"_links":{"self":[{"href":"https:\/\/www.tjes.jus.br\/corregedoria\/wp-json\/wp\/v2\/posts\/27297"}],"collection":[{"href":"https:\/\/www.tjes.jus.br\/corregedoria\/wp-json\/wp\/v2\/posts"}],"about":[{"href":"https:\/\/www.tjes.jus.br\/corregedoria\/wp-json\/wp\/v2\/types\/post"}],"author":[{"embeddable":true,"href":"https:\/\/www.tjes.jus.br\/corregedoria\/wp-json\/wp\/v2\/users\/1"}],"replies":[{"embeddable":true,"href":"https:\/\/www.tjes.jus.br\/corregedoria\/wp-json\/wp\/v2\/comments?post=27297"}],"version-history":[{"count":3,"href":"https:\/\/www.tjes.jus.br\/corregedoria\/wp-json\/wp\/v2\/posts\/27297\/revisions"}],"predecessor-version":[{"id":27306,"href":"https:\/\/www.tjes.jus.br\/corregedoria\/wp-json\/wp\/v2\/posts\/27297\/revisions\/27306"}],"wp:attachment":[{"href":"https:\/\/www.tjes.jus.br\/corregedoria\/wp-json\/wp\/v2\/media?parent=27297"}],"wp:term":[{"taxonomy":"category","embeddable":true,"href":"https:\/\/www.tjes.jus.br\/corregedoria\/wp-json\/wp\/v2\/categories?post=27297"},{"taxonomy":"post_tag","embeddable":true,"href":"https:\/\/www.tjes.jus.br\/corregedoria\/wp-json\/wp\/v2\/tags?post=27297"}],"curies":[{"name":"wp","href":"https:\/\/api.w.org\/{rel}","templated":true}]}}