{"id":27299,"date":"2019-07-02T13:27:33","date_gmt":"2019-07-02T16:27:33","guid":{"rendered":"https:\/\/www.tjes.jus.br\/corregedoria\/?p=27299"},"modified":"2019-07-02T13:32:37","modified_gmt":"2019-07-02T16:32:37","slug":"ato-normativo-no-089-2019-disp-02-06-2019-2","status":"publish","type":"post","link":"https:\/\/www.tjes.jus.br\/corregedoria\/2019\/07\/02\/ato-normativo-no-089-2019-disp-02-06-2019-2\/","title":{"rendered":"ATO NORMATIVO N\u00ba 090\/2019 \u2013 DISP. 02\/07\/2019"},"content":{"rendered":"<p align=\"center\"><strong>ESTADO DO ESP\u00cdRITO SANTO<\/strong><\/p>\n<p align=\"center\"><strong>PODER JUDICI\u00c1RIO<\/strong><\/p>\n<p align=\"center\">Institui medidas para a regulariza\u00e7\u00e3o de pend\u00eancias relacionadas \u00e0 redistribui\u00e7\u00e3o por transfer\u00eancia \u00e0 vice-presid\u00eancia dos processos para admissibilidade de recursos especial e extraordin\u00e1rio.<\/p>\n<p align=\"center\"><strong>Ato normativo n\u00b0 090\/2019<\/strong><\/p>\n<p align=\"center\"><strong>Retifica\u00e7\u00e3o<\/strong><\/p>\n<p align=\"justify\">O Excelent\u00edssimo Desembargador NEY BATISTA COUTINHO DD. Presidente em Exerc\u00edcio do Egr\u00e9gio Tribunal de Justi\u00e7a do Estado do Esp\u00edrito Santo, no uso de suas atribui\u00e7\u00f5es legais e,<\/p>\n<p align=\"justify\">CONSIDERANDO a necessidade de prosseguimento da ado\u00e7\u00e3o de medidas para a regulariza\u00e7\u00e3o de pend\u00eancias relacionadas aos movimentos judiciais no \u00e2mbito do Segundo Grau de Jurisdi\u00e7\u00e3o, em conson\u00e2ncia com aqueles constantes da Tabela Processual Unificada do Conselho Nacional de Justi\u00e7a &#8211; CNJ.<\/p>\n<p align=\"justify\">CONSIDERANDO que a utiliza\u00e7\u00e3o correta dos movimentos descritos pelo CNJ enseja a possibilidade da obten\u00e7\u00e3o satisfat\u00f3ria de dos dados constantes dos relat\u00f3rios emitidos por este Egr\u00e9gio Tribunal.<\/p>\n<p align=\"justify\">CONSIDERANDO a necessidade de sistem\u00e1tica regulariza\u00e7\u00e3o de dados no sistema eletr\u00f4nico de andamento processual (Segunda Inst\u00e2ncia) em fun\u00e7\u00e3o das adequa\u00e7\u00f5es que vem sendo processadas, decorrentes dos trabalhos coordenados pelo Comit\u00ea Gestor de Tabelas Processuais Unificadas deste e. Tribunal;<\/p>\n<p align=\"justify\">CONSIDERANDO a necessidade de retifica\u00e7\u00e3o do Ato Normativo n\u00ba <a href=\"https:\/\/www.tjes.jus.br\/corregedoria\/2019\/05\/10\/ato-normativo-no-063-2019-disp-10-05-2019\/\">063\/2019<\/a>, objetivando a sua melhor adequa\u00e7\u00e3o aos par\u00e2metros fixados pelo Conselho Nacional de Justi\u00e7a, no que se refere \u00e0 plena identifica\u00e7\u00e3o dos andamentos processuais, por meio dos movimentos constantes da Tabela Processual Unificada do Conselho Nacional de Justi\u00e7a &#8211; CNJ.<\/p>\n<p align=\"justify\">CONSIDERANDO que \u00e9 prop\u00f3sito deste Egr\u00e9gio Tribunal a melhoria da qualidade dos dados gerados e que tal assertiva somente ser\u00e1 poss\u00edvel mediante o esfor\u00e7o coletivo de todas as \u00e1reas envolvidas.<\/p>\n<p>&nbsp;<\/p>\n<p>RESOLVE:<\/p>\n<p>&nbsp;<\/p>\n<p align=\"justify\">Art. 1\u00ba \u2013 Autorizar a Secretaria de Tecnologia da Informa\u00e7\u00e3o a proceder \u00e0 regulariza\u00e7\u00e3o das pend\u00eancias relacionadas \u00e0 redistribui\u00e7\u00e3o por transfer\u00eancia \u00e0 Vice-Presid\u00eancia dos processos para admissibilidade de recursos especial e extraordin\u00e1rio no sistema eletr\u00f4nico de andamento processual (Segunda Inst\u00e2ncia), por meio da ado\u00e7\u00e3o de \u201cscript\u201d \u00fanico v\u00e1lido para todos os setores deste Egr\u00e9gio Tribunal de Justi\u00e7a.<\/p>\n<p align=\"justify\">Par\u00e1grafo \u00danico \u2013 A regulariza\u00e7\u00e3o de que trata o artigo anterior dever\u00e1 ocorrer mediante a utiliza\u00e7\u00e3o (inser\u00e7\u00e3o) do movimento n\u00ba 123 Remessa &#8211; constante da Tabela Processual Unificada do Conselho Nacional de Justi\u00e7a \u2013 CNJ acrescido da extens\u00e3o n\u00ba 2076 (&#8220;para ju\u00edzo de admissibilidade&#8221;) nos ritos judiciais j\u00e1 realizados nos processos encaminhados \u00e0 Vice Presid\u00eancia.<\/p>\n<p align=\"justify\">Art. 2\u00ba \u2013 A identifica\u00e7\u00e3o dos processos judiciais, pass\u00edveis de regulariza\u00e7\u00e3o, dever\u00e1 obedecer aos par\u00e2metros definidos pela Secretaria de Tecnologia da Informa\u00e7\u00e3o em conjunto com a Vice Presid\u00eancia.<\/p>\n<p align=\"justify\">Art. 3\u00ba \u2013 Os casos omissos, relacionados com as providencias de regulariza\u00e7\u00e3o ser\u00e3o resolvidos pelo Comit\u00ea Gestor de Tabelas Processuais Unificadas deste E. TJ\/ES.<\/p>\n<p align=\"justify\">Art. 4\u00ba \u2013 Este Ato Normativo entra em vigor a partir da sua publica\u00e7\u00e3o, revogando-se as disposi\u00e7\u00f5es em contr\u00e1rio.<\/p>\n<p>&nbsp;<\/p>\n<p>Publique-se.<\/p>\n<p>&nbsp;<\/p>\n<p align=\"center\">Vit\u00f3ria, 01 de julho de 2019.<\/p>\n<p>&nbsp;<\/p>\n<p align=\"center\">Desembargador NEY BATISTA COUTINHO<\/p>\n<p align=\"center\">Presidente em Exerc\u00edcio<\/p>\n","protected":false},"excerpt":{"rendered":"<p>ESTADO DO ESP\u00cdRITO SANTO PODER JUDICI\u00c1RIO Institui medidas para a regulariza\u00e7\u00e3o de pend\u00eancias relacionadas \u00e0 redistribui\u00e7\u00e3o por transfer\u00eancia \u00e0 vice-presid\u00eancia dos processos para admissibilidade de recursos especial e extraordin\u00e1rio. Ato normativo n\u00b0 090\/2019 Retifica\u00e7\u00e3o O Excelent\u00edssimo Desembargador NEY BATISTA COUTINHO DD. Presidente em Exerc\u00edcio do Egr\u00e9gio Tribunal de Justi\u00e7a do Estado do Esp\u00edrito Santo, no [&hellip;]<\/p>\n","protected":false},"author":1,"featured_media":0,"comment_status":"closed","ping_status":"closed","sticky":false,"template":"","format":"standard","meta":{"footnotes":""},"categories":[4,14],"tags":[],"_links":{"self":[{"href":"https:\/\/www.tjes.jus.br\/corregedoria\/wp-json\/wp\/v2\/posts\/27299"}],"collection":[{"href":"https:\/\/www.tjes.jus.br\/corregedoria\/wp-json\/wp\/v2\/posts"}],"about":[{"href":"https:\/\/www.tjes.jus.br\/corregedoria\/wp-json\/wp\/v2\/types\/post"}],"author":[{"embeddable":true,"href":"https:\/\/www.tjes.jus.br\/corregedoria\/wp-json\/wp\/v2\/users\/1"}],"replies":[{"embeddable":true,"href":"https:\/\/www.tjes.jus.br\/corregedoria\/wp-json\/wp\/v2\/comments?post=27299"}],"version-history":[{"count":3,"href":"https:\/\/www.tjes.jus.br\/corregedoria\/wp-json\/wp\/v2\/posts\/27299\/revisions"}],"predecessor-version":[{"id":27307,"href":"https:\/\/www.tjes.jus.br\/corregedoria\/wp-json\/wp\/v2\/posts\/27299\/revisions\/27307"}],"wp:attachment":[{"href":"https:\/\/www.tjes.jus.br\/corregedoria\/wp-json\/wp\/v2\/media?parent=27299"}],"wp:term":[{"taxonomy":"category","embeddable":true,"href":"https:\/\/www.tjes.jus.br\/corregedoria\/wp-json\/wp\/v2\/categories?post=27299"},{"taxonomy":"post_tag","embeddable":true,"href":"https:\/\/www.tjes.jus.br\/corregedoria\/wp-json\/wp\/v2\/tags?post=27299"}],"curies":[{"name":"wp","href":"https:\/\/api.w.org\/{rel}","templated":true}]}}