{"id":27384,"date":"2019-07-08T13:11:51","date_gmt":"2019-07-08T16:11:51","guid":{"rendered":"https:\/\/www.tjes.jus.br\/corregedoria\/?p=27384"},"modified":"2019-07-08T13:11:51","modified_gmt":"2019-07-08T16:11:51","slug":"ato-normativo-no-092-2019-disp-08-07-2019","status":"publish","type":"post","link":"https:\/\/www.tjes.jus.br\/corregedoria\/2019\/07\/08\/ato-normativo-no-092-2019-disp-08-07-2019\/","title":{"rendered":"ATO NORMATIVO N\u00ba 092\/2019 \u2013 DISP. 08\/07\/2019"},"content":{"rendered":"<p align=\"center\"><strong>ESTADO DO ESP\u00cdRITO SANTO<\/strong><\/p>\n<p align=\"center\"><strong>PODER JUDICI\u00c1RIO<\/strong><\/p>\n<p align=\"center\"><strong>TRIBUNAL DE JUSTI\u00c7A<\/strong><\/p>\n<p align=\"center\"><strong><i>GABINETE DA PRESID\u00caNCIA<\/i><\/strong><\/p>\n<p align=\"center\">\n<p align=\"center\"><strong>ATO NORMATIVO N\u00ba 092\/2019<\/strong><\/p>\n<p align=\"center\">\n<p align=\"justify\">O Excelent\u00edssimo Senhor Desembargador Ney Batista Coutinho, Presidente em exerc\u00edcio do Egr\u00e9gio Tribunal de Justi\u00e7a do Estado do Esp\u00edrito Santo, no uso de suas atribui\u00e7\u00f5es legais,<\/p>\n<p align=\"justify\">\n<p align=\"justify\">CONSIDERANDO o teor do expediente protocolado neste Egr\u00e9gio Tribunal de Justi\u00e7a sob o n\u00famero 7000024-77.2019.8.08.0022, encaminhado pelo Exmo. Sr. Dr. Felipe Leit\u00e3o Gomes, Juiz de Direito Diretor do Foro de Ibira\u00e7u, por meio do qual comunica a interrup\u00e7\u00e3o do servi\u00e7o de energia el\u00e9trica na presente data, na referida Comarca, o que inviabilizou o desenvolvimento das atividades forenses;<\/p>\n<p align=\"justify\">\n<p align=\"justify\">RESOLVE:<\/p>\n<p align=\"justify\">\n<p align=\"justify\">SUSPENDER os prazos processuais na Comarca de Ibira\u00e7u no dia 05 de Julho de 2019, sem preju\u00edzo dos atos que puderam ser praticados.<\/p>\n<p align=\"justify\">\n<p align=\"justify\"><span lang=\"pt-BR\">Publique-se.<\/span><\/p>\n<p align=\"justify\">\n<p align=\"center\"><span lang=\"pt-BR\">Vit\u00f3ria, 05 de Julho de 2019.<\/span><\/p>\n<p align=\"center\">\n<p align=\"center\"><span lang=\"pt-BR\">Desembargador NEY BATISTA COUTINHO<\/span><\/p>\n<p align=\"center\"><span lang=\"pt-BR\">Presidente em exerc\u00edcio<\/span><\/p>\n","protected":false},"excerpt":{"rendered":"<p>ESTADO DO ESP\u00cdRITO SANTO PODER JUDICI\u00c1RIO TRIBUNAL DE JUSTI\u00c7A GABINETE DA PRESID\u00caNCIA ATO NORMATIVO N\u00ba 092\/2019 O Excelent\u00edssimo Senhor Desembargador Ney Batista Coutinho, Presidente em exerc\u00edcio do Egr\u00e9gio Tribunal de Justi\u00e7a do Estado do Esp\u00edrito Santo, no uso de suas atribui\u00e7\u00f5es legais, CONSIDERANDO o teor do expediente protocolado neste Egr\u00e9gio Tribunal de Justi\u00e7a sob o [&hellip;]<\/p>\n","protected":false},"author":1,"featured_media":0,"comment_status":"closed","ping_status":"closed","sticky":false,"template":"","format":"standard","meta":{"footnotes":""},"categories":[4,14],"tags":[],"_links":{"self":[{"href":"https:\/\/www.tjes.jus.br\/corregedoria\/wp-json\/wp\/v2\/posts\/27384"}],"collection":[{"href":"https:\/\/www.tjes.jus.br\/corregedoria\/wp-json\/wp\/v2\/posts"}],"about":[{"href":"https:\/\/www.tjes.jus.br\/corregedoria\/wp-json\/wp\/v2\/types\/post"}],"author":[{"embeddable":true,"href":"https:\/\/www.tjes.jus.br\/corregedoria\/wp-json\/wp\/v2\/users\/1"}],"replies":[{"embeddable":true,"href":"https:\/\/www.tjes.jus.br\/corregedoria\/wp-json\/wp\/v2\/comments?post=27384"}],"version-history":[{"count":1,"href":"https:\/\/www.tjes.jus.br\/corregedoria\/wp-json\/wp\/v2\/posts\/27384\/revisions"}],"predecessor-version":[{"id":27385,"href":"https:\/\/www.tjes.jus.br\/corregedoria\/wp-json\/wp\/v2\/posts\/27384\/revisions\/27385"}],"wp:attachment":[{"href":"https:\/\/www.tjes.jus.br\/corregedoria\/wp-json\/wp\/v2\/media?parent=27384"}],"wp:term":[{"taxonomy":"category","embeddable":true,"href":"https:\/\/www.tjes.jus.br\/corregedoria\/wp-json\/wp\/v2\/categories?post=27384"},{"taxonomy":"post_tag","embeddable":true,"href":"https:\/\/www.tjes.jus.br\/corregedoria\/wp-json\/wp\/v2\/tags?post=27384"}],"curies":[{"name":"wp","href":"https:\/\/api.w.org\/{rel}","templated":true}]}}