{"id":27398,"date":"2019-07-09T16:54:39","date_gmt":"2019-07-09T19:54:39","guid":{"rendered":"https:\/\/www.tjes.jus.br\/corregedoria\/?p=27398"},"modified":"2019-07-09T16:55:47","modified_gmt":"2019-07-09T19:55:47","slug":"ato-normativo-no-093-2019-disp-09-07-2019","status":"publish","type":"post","link":"https:\/\/www.tjes.jus.br\/corregedoria\/2019\/07\/09\/ato-normativo-no-093-2019-disp-09-07-2019\/","title":{"rendered":"ATO NORMATIVO N\u00ba 093\/2019 \u2013 DISP. 09\/07\/2019"},"content":{"rendered":"<p align=\"center\"><strong>ESTADO DO ESP\u00cdRITO SANTO<\/strong><\/p>\n<p align=\"center\"><strong>PODER JUDICI\u00c1RIO<\/strong><\/p>\n<p align=\"center\"><strong>ATO NORMATIVO n\u00ba 093\/2019<\/strong><\/p>\n<p align=\"justify\"><strong>Disciplina a ado\u00e7\u00e3o da vers\u00e3o 2.1 e a migra\u00e7\u00e3o do sistema Processo Judicial Eletr\u00f4nico \u2013 PJe.<\/strong><\/p>\n<p align=\"justify\">O Excelent\u00edssimo Senhor Desembargador S\u00c9RGIO LUIZ TEIXEIRA GAMA, Presidente do Egr\u00e9gio Tribunal de Justi\u00e7a do Estado do Esp\u00edrito Santo, no uso de suas atribui\u00e7\u00f5es legais e,<\/p>\n<p align=\"justify\">CONSIDERANDO que o Poder Judici\u00e1rio do Estado do Esp\u00edrito Santo adotou o Processo Judicial Eletr\u00f4nico \u2013 PJe como sistema informatizado de registro, armazenamento e tramita\u00e7\u00e3o de processo judicial, a teor da Resolu\u00e7\u00e3o n\u00ba 19\/2014, de 11\/04\/2014;<\/p>\n<p align=\"justify\">CONSIDERANDO a recomenda\u00e7\u00e3o do Conselho Nacional de Justi\u00e7a para a atualiza\u00e7\u00e3o do sistema Processo Judicial Eletr\u00f4nico \u2013 PJe, em observ\u00e2ncia ao art. 37 da Resolu\u00e7\u00e3o CNJ n\u00ba 185\/13, devidamente aprovada pelo Comit\u00ea de Governan\u00e7a deste Tribunal e pelo Comit\u00ea Gestor PJe\/ES;<\/p>\n<p align=\"justify\">CONSIDERANDO que a atualiza\u00e7\u00e3o da vers\u00e3o do PJe visa a permitir a expans\u00e3o do sistema no \u00e2mbito do Poder Judici\u00e1rio do Estado do Esp\u00edrito Santo, conforme estabelece a Resolu\u00e7\u00e3o TJES n\u00ba 17\/2019, de 03 de junho de 2019;<\/p>\n<p align=\"justify\">CONSIDERANDO que a ado\u00e7\u00e3o da vers\u00e3o 2.1 do PJe agrega novas tecnologias, com vistas \u00e0 melhoria da usabilidade do sistema por usu\u00e1rios internos e externos, e consequente incremento na qualidade da presta\u00e7\u00e3o jurisdicional.<\/p>\n<p align=\"justify\"><strong>RESOLVE<\/strong>:<\/p>\n<p align=\"justify\"><strong>Art. 1\u00ba<\/strong>\u00a0Fica autorizada a instala\u00e7\u00e3o da vers\u00e3o 2.1.1.0 do sistema Processo Judicial Eletr\u00f4nico \u2013 PJe em todas Unidades Judici\u00e1rias de Primeiro Grau e Turma Recursal que atualmente utilizam o sistema no \u00e2mbito do Estado do Esp\u00edrito Santo no dia 27 de julho de 2019.<\/p>\n<p align=\"justify\"><strong>\u00a71\u00ba\u00a0<\/strong>Ser\u00e1 realizada parada programada a partir de 0h00min do dia 27 de julho de 2019, para permitir a transi\u00e7\u00e3o das vers\u00f5es e migra\u00e7\u00e3o dos dados processuais<\/p>\n<p align=\"justify\"><strong>\u00a72\u00ba\u00a0<\/strong>Todos os servi\u00e7os do sistema PJe ficar\u00e3o indispon\u00edveis aos usu\u00e1rios internos e externos at\u00e9 as 23h59min do dia 11 de agosto de 2019, podendo retornar antes do prazo previsto.<\/p>\n<p align=\"justify\"><strong>Art. 2\u00ba<\/strong>\u00a0Ficam suspensos os prazos dos processos que tramitam no PJe no per\u00edodo de 27 de julho a 11 de agosto de 2019, ainda que a conclus\u00e3o dos trabalhos de migra\u00e7\u00e3o sejam antecipados.<\/p>\n<p align=\"justify\"><strong>Art. 3\u00ba<\/strong>\u00a0Ser\u00e3o admitidos, excepcionalmente, peticionamentos fora do PJe, para impedir poss\u00edvel perecimento do direito durante a indisponibilidade do sistema.<\/p>\n<p align=\"justify\"><strong>\u00a71\u00ba\u00a0<\/strong>Nos casos urgentes, fica autorizada a pr\u00e1tica de atos processuais segundo as regras ordin\u00e1rias, cumprindo \u00e0 Unidade Judici\u00e1ria digitalizar e anexar os documentos posteriormente, com o devido registro do ato proferido no sistema.<\/p>\n<p align=\"justify\"><strong>\u00a72\u00ba\u00a0<\/strong>Faculta-se a possibilidade de realiza\u00e7\u00e3o de audi\u00eancias no decurso do prazo da indisponibilidade, desde que feito\u00a0<i>download<\/i>\u00a0pr\u00e9vio dos documentos necess\u00e1rios, hip\u00f3tese que em que ser\u00e1 reduzida a termo, e lan\u00e7ada no sistema posteriormente, juntamente aos documentos apresentados.<\/p>\n<p align=\"justify\"><strong>\u00a73\u00ba\u00a0<\/strong>Fica suspensa a realiza\u00e7\u00e3o de sess\u00f5es nas Turmas Recursais, relativamente aos processos que tramitam no sistema PJe durante o per\u00edodo de 27 de julho a 16 de agosto de 2019.<\/p>\n<p align=\"justify\"><strong>\u00a74\u00ba\u00a0<\/strong>Os documentos f\u00edsicos apresentados com fundamento no\u00a0<i>caput<\/i>\u00a0deste artigo dever\u00e3o ser retirados pelos interessados no prazo de 45 (quarenta e cinco) dias, nos termos do art. 11, \u00a7 3\u00ba, da Lei n. 11.419, de 19 de dezembro de 2006, e, findo o prazo, a Unidade Judici\u00e1ria correspondente poder\u00e1 inutilizar os documentos mantidos sob sua guarda em meio impresso.<\/p>\n<p align=\"justify\"><strong>Art. 4\u00ba<\/strong>\u00a0Cumpre \u00e0 Secretaria de Tecnologia da Informa\u00e7\u00e3o detalhar os procedimentos a serem adotados pelas Unidades Judici\u00e1rias para a regular migra\u00e7\u00e3o dos processos, mediante publica\u00e7\u00e3o no \u201cQuadro de Avisos\u201d do PJe, tendo as orienta\u00e7\u00f5es car\u00e1ter obrigat\u00f3rio.<\/p>\n<p align=\"justify\"><span lang=\"zxx\"><strong>Art. 5\u00ba<\/strong><\/span><span lang=\"zxx\">\u00a0\u00c9 de responsabilidade do usu\u00e1rio externo a configura\u00e7\u00e3o do computador utilizado nas transmiss\u00f5es eletr\u00f4nicas para fins de adequa\u00e7\u00e3o \u00e0 presente atualiza\u00e7\u00e3o da vers\u00e3o do sistema PJe.<\/span><\/p>\n<p align=\"justify\"><span lang=\"zxx\"><strong>Art. 6\u00ba<\/strong><\/span><span lang=\"zxx\">\u00a0Eventuais d\u00favidas e impactos decorrentes da atualiza\u00e7\u00e3o da vers\u00e3o do sistema PJe dever\u00e3o ser reportados, exclusivamente, \u00e0 Central de Atendimento da Secretaria de Tecnologia da Informa\u00e7\u00e3o, podendo o contato ser realizado pelo telefone (27) 3334-2201.<\/span><\/p>\n<p align=\"justify\"><span lang=\"zxx\"><strong>Art. 7\u00ba<\/strong><\/span><span lang=\"zxx\">\u00a0O Plano de Capacita\u00e7\u00e3o de usu\u00e1rios internos ser\u00e1 definido pela Escola da Magistratura \u2013 EMES, que far\u00e1 a divulga\u00e7\u00e3o do cronograma de inscri\u00e7\u00e3o e realiza\u00e7\u00e3o do curso.<\/span><\/p>\n<p align=\"justify\"><span lang=\"zxx\">Publique-se por 05 (cinco) dias consecutivos no Di\u00e1rio da Justi\u00e7a eletr\u00f4nico \u2013 DJe. Oficie-se ao Minist\u00e9rio P\u00fablico, \u00e0 Defensoria P\u00fablica Estadual, \u00e0 Ordem dos Advogados do Brasil\/ES e ao Conselho Nacional de Justi\u00e7a. Divulgue-se na p\u00e1gina principal deste Tribunal de Justi\u00e7a.<\/span><\/p>\n<p>&nbsp;<\/p>\n<p><span lang=\"zxx\">Vit\u00f3ria\/ES, 08 de julho de 2019.<\/span><\/p>\n<p><span lang=\"pt-BR\">Des.<\/span><span lang=\"pt-BR\"><strong>\u00a0S\u00c9RGIO LUIZ TEIXEIRA GAMA<\/strong><\/span><\/p>\n<p align=\"center\"><span lang=\"pt-BR\">Presidente<\/span><\/p>\n","protected":false},"excerpt":{"rendered":"<p>ESTADO DO ESP\u00cdRITO SANTO PODER JUDICI\u00c1RIO ATO NORMATIVO n\u00ba 093\/2019 Disciplina a ado\u00e7\u00e3o da vers\u00e3o 2.1 e a migra\u00e7\u00e3o do sistema Processo Judicial Eletr\u00f4nico \u2013 PJe. O Excelent\u00edssimo Senhor Desembargador S\u00c9RGIO LUIZ TEIXEIRA GAMA, Presidente do Egr\u00e9gio Tribunal de Justi\u00e7a do Estado do Esp\u00edrito Santo, no uso de suas atribui\u00e7\u00f5es legais e, CONSIDERANDO que o [&hellip;]<\/p>\n","protected":false},"author":1,"featured_media":0,"comment_status":"closed","ping_status":"closed","sticky":false,"template":"","format":"standard","meta":{"footnotes":""},"categories":[4,14],"tags":[],"_links":{"self":[{"href":"https:\/\/www.tjes.jus.br\/corregedoria\/wp-json\/wp\/v2\/posts\/27398"}],"collection":[{"href":"https:\/\/www.tjes.jus.br\/corregedoria\/wp-json\/wp\/v2\/posts"}],"about":[{"href":"https:\/\/www.tjes.jus.br\/corregedoria\/wp-json\/wp\/v2\/types\/post"}],"author":[{"embeddable":true,"href":"https:\/\/www.tjes.jus.br\/corregedoria\/wp-json\/wp\/v2\/users\/1"}],"replies":[{"embeddable":true,"href":"https:\/\/www.tjes.jus.br\/corregedoria\/wp-json\/wp\/v2\/comments?post=27398"}],"version-history":[{"count":2,"href":"https:\/\/www.tjes.jus.br\/corregedoria\/wp-json\/wp\/v2\/posts\/27398\/revisions"}],"predecessor-version":[{"id":27402,"href":"https:\/\/www.tjes.jus.br\/corregedoria\/wp-json\/wp\/v2\/posts\/27398\/revisions\/27402"}],"wp:attachment":[{"href":"https:\/\/www.tjes.jus.br\/corregedoria\/wp-json\/wp\/v2\/media?parent=27398"}],"wp:term":[{"taxonomy":"category","embeddable":true,"href":"https:\/\/www.tjes.jus.br\/corregedoria\/wp-json\/wp\/v2\/categories?post=27398"},{"taxonomy":"post_tag","embeddable":true,"href":"https:\/\/www.tjes.jus.br\/corregedoria\/wp-json\/wp\/v2\/tags?post=27398"}],"curies":[{"name":"wp","href":"https:\/\/api.w.org\/{rel}","templated":true}]}}