{"id":27438,"date":"2019-07-17T13:10:38","date_gmt":"2019-07-17T16:10:38","guid":{"rendered":"https:\/\/www.tjes.jus.br\/corregedoria\/?p=27438"},"modified":"2019-07-17T13:10:38","modified_gmt":"2019-07-17T16:10:38","slug":"ato-normativo-no-097-2019-disp-17-07-2019","status":"publish","type":"post","link":"https:\/\/www.tjes.jus.br\/corregedoria\/2019\/07\/17\/ato-normativo-no-097-2019-disp-17-07-2019\/","title":{"rendered":"ATO NORMATIVO N\u00ba 097\/2019 \u2013 DISP. 17\/07\/2019"},"content":{"rendered":"<p align=\"center\"><strong>ESTADO DO ESP\u00cdRITO SANTO<\/strong><\/p>\n<p align=\"center\"><strong>PODER JUDICI\u00c1RIO<\/strong><\/p>\n<p align=\"center\"><strong>TRIBUNAL DE JUSTI\u00c7A<\/strong><\/p>\n<p align=\"center\"><strong><i>GABINETE DA PRESID\u00caNCIA<\/i><\/strong><\/p>\n<p>&nbsp;<\/p>\n<p align=\"center\"><strong>ATO NORMATIVO n\u00ba\u00a0<\/strong><strong>097<\/strong><strong>\/2019<\/strong><\/p>\n<p align=\"center\">\n<p align=\"justify\">O Excelent\u00edssimo Senhor Desembargador S\u00e9rgio Luiz Teixeira Gama, Presidente do Egr\u00e9gio Tribunal de Justi\u00e7a do Estado do Esp\u00edrito Santo, no uso de suas atribui\u00e7\u00f5es legais,<\/p>\n<p align=\"justify\">\n<p align=\"justify\">CONSIDERANDO o teor do expediente protocolado neste Egr\u00e9gio Tribunal de Justi\u00e7a sob o n\u00famero\u00a0<span lang=\"pt-BR\">2019.00.966.191<\/span>,\u00a0<span lang=\"pt-BR\">encaminhado pela Ordem dos Advogados do Brasil \u2013 Se\u00e7\u00e3o do Esp\u00edrito Santo, por meio do qual relata a instabilidade nos sistemas do TJES, o que impossibilitou o funcionamento regular e cumprimento de prazos;<\/span><\/p>\n<p align=\"justify\">\n<p align=\"justify\"><span lang=\"pt-BR\">CONSIDERANDO que, segundo comunicado da Secretaria de Tecnologia da Informa\u00e7\u00e3o, os sistemas ficaram indispon\u00edveis no dia 04\/07\/2019 entre 15:00h e 21h30 e no dia 05\/07\/2019 entre 11h55 e 13h;<\/span><\/p>\n<p align=\"justify\">\n<p align=\"justify\">CONSIDERANDO os termos da Lei n\u00ba 11.419\/2006, art. 10, \u00a72\u00ba;<\/p>\n<p align=\"justify\">\n<p align=\"justify\">CONSIDERANDO os termos da Resolu\u00e7\u00e3o n\u00ba 185 do CNJ, art. 11, inciso I;<\/p>\n<p align=\"justify\">\n<p align=\"justify\">RESOLVE:<\/p>\n<p align=\"justify\">\n<p lang=\"en-US\" align=\"justify\"><span lang=\"pt-BR\">CONSIDERAR PRORROGADOS os prazos processuais que venceram nas datas de 04 e 05 de Julho de 2019 para o dia \u00fatil subsequente, nos processos eletr\u00f4nicos que tramitam nos sistemas Projudi e PJe no Estado do Esp\u00edrito Santo.<\/span><\/p>\n<p lang=\"en-US\" align=\"justify\">\n<p align=\"justify\">Publique-se.<\/p>\n<p align=\"justify\">\n<p align=\"center\">Vit\u00f3ria, 16 de Julho de 2019.<\/p>\n<p align=\"center\">\n<p align=\"center\">Des. S\u00c9RGIO LUIZ TEIXEIRA GAMA<\/p>\n<p align=\"center\">Presidente<\/p>\n","protected":false},"excerpt":{"rendered":"<p>ESTADO DO ESP\u00cdRITO SANTO PODER JUDICI\u00c1RIO TRIBUNAL DE JUSTI\u00c7A GABINETE DA PRESID\u00caNCIA &nbsp; ATO NORMATIVO n\u00ba\u00a0097\/2019 O Excelent\u00edssimo Senhor Desembargador S\u00e9rgio Luiz Teixeira Gama, Presidente do Egr\u00e9gio Tribunal de Justi\u00e7a do Estado do Esp\u00edrito Santo, no uso de suas atribui\u00e7\u00f5es legais, CONSIDERANDO o teor do expediente protocolado neste Egr\u00e9gio Tribunal de Justi\u00e7a sob o n\u00famero\u00a02019.00.966.191,\u00a0encaminhado [&hellip;]<\/p>\n","protected":false},"author":1,"featured_media":0,"comment_status":"closed","ping_status":"closed","sticky":false,"template":"","format":"standard","meta":{"footnotes":""},"categories":[4,14],"tags":[],"_links":{"self":[{"href":"https:\/\/www.tjes.jus.br\/corregedoria\/wp-json\/wp\/v2\/posts\/27438"}],"collection":[{"href":"https:\/\/www.tjes.jus.br\/corregedoria\/wp-json\/wp\/v2\/posts"}],"about":[{"href":"https:\/\/www.tjes.jus.br\/corregedoria\/wp-json\/wp\/v2\/types\/post"}],"author":[{"embeddable":true,"href":"https:\/\/www.tjes.jus.br\/corregedoria\/wp-json\/wp\/v2\/users\/1"}],"replies":[{"embeddable":true,"href":"https:\/\/www.tjes.jus.br\/corregedoria\/wp-json\/wp\/v2\/comments?post=27438"}],"version-history":[{"count":1,"href":"https:\/\/www.tjes.jus.br\/corregedoria\/wp-json\/wp\/v2\/posts\/27438\/revisions"}],"predecessor-version":[{"id":27440,"href":"https:\/\/www.tjes.jus.br\/corregedoria\/wp-json\/wp\/v2\/posts\/27438\/revisions\/27440"}],"wp:attachment":[{"href":"https:\/\/www.tjes.jus.br\/corregedoria\/wp-json\/wp\/v2\/media?parent=27438"}],"wp:term":[{"taxonomy":"category","embeddable":true,"href":"https:\/\/www.tjes.jus.br\/corregedoria\/wp-json\/wp\/v2\/categories?post=27438"},{"taxonomy":"post_tag","embeddable":true,"href":"https:\/\/www.tjes.jus.br\/corregedoria\/wp-json\/wp\/v2\/tags?post=27438"}],"curies":[{"name":"wp","href":"https:\/\/api.w.org\/{rel}","templated":true}]}}