{"id":27473,"date":"2019-07-18T13:36:48","date_gmt":"2019-07-18T16:36:48","guid":{"rendered":"https:\/\/www.tjes.jus.br\/corregedoria\/?p=27473"},"modified":"2019-07-18T13:49:16","modified_gmt":"2019-07-18T16:49:16","slug":"ato-normativo-no-099-2019-disp-18-07-2019","status":"publish","type":"post","link":"https:\/\/www.tjes.jus.br\/corregedoria\/2019\/07\/18\/ato-normativo-no-099-2019-disp-18-07-2019\/","title":{"rendered":"ATO NORMATIVO N\u00ba 099\/2019 \u2013 DISP. 18\/07\/2019"},"content":{"rendered":"<p align=\"center\"><strong><span lang=\"pt\">ESTADO DO ESP\u00cdRITO SANTO<\/span><\/strong><\/p>\n<p align=\"center\"><strong><span lang=\"pt\">PODER JUDICI\u00c1RIO<\/span><\/strong><\/p>\n<p align=\"center\"><strong><span lang=\"pt\">TRIBUNAL DE JUSTI\u00c7A<\/span><\/strong><\/p>\n<p align=\"center\"><span lang=\"pt\"><strong>ATO\u00a0<\/strong><\/span><span lang=\"pt\"><strong>NORMATIVO<\/strong><\/span><span lang=\"pt\">\u00a0<\/span><span lang=\"pt\"><strong>N\u00ba 099 \/2019<\/strong><\/span><\/p>\n<p align=\"justify\"><span lang=\"pt\">EMENTA: Disp\u00f5e sobre a substitui\u00e7\u00e3o de servidores escalados para o Mutir\u00e3o estabelecido nas Centrais de Apoio Multidisciplinar da 10\u00aa e 11\u00aa Regi\u00f5es Judici\u00e1rias pelo <a href=\"https:\/\/www.tjes.jus.br\/corregedoria\/2019\/07\/02\/ato-normativo-no-088-2019-disp-02-06-2019\/\">Ato Normativo n\u00ba 088\/2019<\/a>.<\/span><\/p>\n<p align=\"justify\"><span lang=\"pt\"><strong>O Excelent\u00edssimo Senhor Desembargador<\/strong><\/span><span lang=\"pt\">\u00a0S\u00c9RGIO LUIZ TEIXEIRA GAMA<\/span><span lang=\"pt\"><strong>, Presidente do Egr\u00e9gio Tribunal de Justi\u00e7a do Estado do Esp\u00edrito Santo, no uso de suas atribui\u00e7\u00f5es legais etc.<\/strong><\/span><\/p>\n<p align=\"justify\"><span lang=\"pt\"><strong>Considerando<\/strong><\/span><span lang=\"pt\">\u00a0que compete ao Presidente do Egr\u00e9gio Tribunal de Justi\u00e7a superintender as atividades judici\u00e1rias;<\/span><\/p>\n<p align=\"justify\"><span lang=\"pt\"><strong>CONSIDERANDO\u00a0<\/strong><\/span><span lang=\"pt\">o <a href=\"https:\/\/www.tjes.jus.br\/corregedoria\/2019\/07\/02\/ato-normativo-no-088-2019-disp-02-06-2019\/\">Ato Normativo n\u00ba 088\/2019<\/a> (DJe 1\u00ba.07.2019), que estabeleceu o regime de Mutir\u00e3o a ser realizado nas Centrais de Apoio Multidisciplinar da 10\u00aa e 11\u00aa Regi\u00f5es Judici\u00e1rias, com in\u00edcio no dia 05\/08\/2019 e dura\u00e7\u00e3o de 20 (vinte) dias \u00fateis;<\/span><\/p>\n<p align=\"justify\"><span lang=\"pt\"><strong>CONSIDERANDO\u00a0<\/strong><\/span><span lang=\"pt\">o teor da manifesta\u00e7\u00e3o do Exmo. Sr. Desembargador JORGE HENRIQUE VALLE DOS SANTOS, Supervisor das Varas da Inf\u00e2ncia e Juventude, acostada nos autos do Processo Administrativo n\u00ba 2018.01.407.283, acolhida por esta Presid\u00eancia;<\/span><\/p>\n<p align=\"justify\"><span lang=\"pt\"><strong>RESOLVE:<\/strong><\/span><\/p>\n<p align=\"justify\"><span lang=\"pt\"><strong>Art. 1\u00ba.\u00a0<\/strong><\/span><span lang=\"pt\">Excluir do art. 2\u00ba, do<a href=\"https:\/\/www.tjes.jus.br\/corregedoria\/2019\/07\/02\/ato-normativo-no-088-2019-disp-02-06-2019\/\"> Ato Normativo n\u00ba 088<\/a> (DJe 1\u00ba.07.2019), os seguintes servidores:<\/span><\/p>\n<p lang=\"pt\" align=\"justify\"><span lang=\"pt\"><strong>I \u2013\u00a0<\/strong><\/span><span lang=\"pt\">ROSIANE GON\u00c7ALVES DE OLIVEIRA PASSAMANI \u2013 Analista Judici\u00e1ria \u2013 AE \u2013 Servi\u00e7o Social \u2013 Central de Apoio Multidisciplinar de Vila Velha;<\/span><\/p>\n<p align=\"justify\"><span lang=\"pt\"><strong>II \u2013<\/strong><\/span><span lang=\"pt\">\u00a0MARIANA DA SILVA LIMA \u2013 Analista Judici\u00e1ria \u2013 AE \u2013 Servi\u00e7o Social \u2013 Central de Apoio Multidisciplinar de Colatina;<\/span><\/p>\n<p align=\"justify\"><span lang=\"pt\"><strong>III \u2013<\/strong><\/span><span lang=\"pt\">\u00a0CAROLINA CORREA VILA\u00c7A \u2013 Analista Judici\u00e1ria \u2013 AE \u2013 Psicologia \u2013 Central de Apoio Multidisciplinar de Vila Velha;<\/span><\/p>\n<p align=\"justify\"><span lang=\"pt\"><strong>IV \u2013<\/strong><\/span><span lang=\"pt\">\u00a0RENATA SANTIAGO LIMA \u2013 Analista Judici\u00e1ria \u2013 AE \u2013 Servi\u00e7o Social \u2013 Central de Apoio Multidisciplinar de Cariacica; e<\/span><\/p>\n<p align=\"justify\"><span lang=\"pt\"><strong>V \u2013<\/strong><\/span><span lang=\"pt\">\u00a0SOLANGER SGULMARO FERREIRA \u2013 Analista Judici\u00e1ria \u2013 AE \u2013 Servi\u00e7o Social \u2013 Central de Apoio Multidisciplinar de Vit\u00f3ria<\/span><span lang=\"pt\"><strong>.<\/strong><\/span><\/p>\n<p align=\"justify\"><span lang=\"pt\"><strong>Art. 2\u00ba<\/strong><\/span><span lang=\"pt\">. Incluir no art. 2\u00ba, do <a href=\"https:\/\/www.tjes.jus.br\/corregedoria\/2019\/07\/02\/ato-normativo-no-088-2019-disp-02-06-2019\/\">Ato Normativo n\u00ba 088<\/a> (DJe 1\u00ba.07.2019), os servidores a seguir relacionados:<\/span><\/p>\n<p><span lang=\"pt-BR\"><strong>I \u2013<\/strong><\/span><span lang=\"pt-BR\">\u00a0MARIA HELENA DE PAULA \u2013 Analista Judici\u00e1ria \u2013 AE \u2013 Servi\u00e7o Social \u2013 2\u00aa Vara da Inf\u00e2ncia e Juventude de Vit\u00f3ria;<\/span><\/p>\n<p><span lang=\"pt-BR\"><strong>II \u2013<\/strong><\/span><span lang=\"pt-BR\">\u00a0MARIA ALICE DELAI \u2013 Analista Judici\u00e1ria \u2013 AE \u2013 Servi\u00e7o Social \u2013 1\u00aa Primeira Vara da Inf\u00e2ncia e Juventude de Vila Velha;<\/span><\/p>\n<p><span lang=\"pt-BR\"><strong>III \u2013<\/strong><\/span><span lang=\"pt-BR\">\u00a0LUCIANA ROCHA LOPES \u2013 Analista Judici\u00e1ria \u2013 AE \u2013 PSICOLOGIA \u2013 1\u00aa Vara da Inf\u00e2ncia e Juventude de Vit\u00f3ria;<\/span><\/p>\n<p><span lang=\"pt-BR\"><strong>IV \u2013<\/strong><\/span><span lang=\"pt-BR\">\u00a0ALZIRENE FERREIRA ARA\u00daJO DASSUN\u00c7\u00c3O \u2013 Analista Judici\u00e1ria \u2013 AE \u2013 Servi\u00e7o Social \u2013 1\u00aa Vara da Inf\u00e2ncia e Juventude de Linhares; e<\/span><\/p>\n<p><span lang=\"pt-BR\"><strong>V \u2013<\/strong><\/span><span lang=\"pt-BR\">\u00a0ANA C\u00c2NDIDA FERREIRA FIGUEIREDO \u2013 Analista Judici\u00e1ria \u2013 AE \u2013 Servi\u00e7o Social \u2013 1\u00aa Vara da Inf\u00e2ncia e Juventude de Serra.<\/span><\/p>\n<p align=\"justify\"><span lang=\"pt-BR\"><strong>Art. 3\u00ba<\/strong><\/span><span lang=\"pt-BR\">. Este Ato Normativo entra em vigor na data de sua publica\u00e7\u00e3o.<\/span><\/p>\n<p align=\"justify\"><span lang=\"pt-BR\"><strong>Publique-se.<\/strong><\/span><\/p>\n<p align=\"center\"><span lang=\"pt-BR\">Vit\u00f3ria, 17 de Julho de 2019.<\/span><\/p>\n<p align=\"center\"><span lang=\"pt-BR\"><strong>Desembargador S\u00c9RGIO LUIZ TEIXEIRA GAMA<\/strong><\/span><\/p>\n<p align=\"center\"><span lang=\"pt-BR\">Presidente<\/span><\/p>\n","protected":false},"excerpt":{"rendered":"<p>ESTADO DO ESP\u00cdRITO SANTO PODER JUDICI\u00c1RIO TRIBUNAL DE JUSTI\u00c7A ATO\u00a0NORMATIVO\u00a0N\u00ba 099 \/2019 EMENTA: Disp\u00f5e sobre a substitui\u00e7\u00e3o de servidores escalados para o Mutir\u00e3o estabelecido nas Centrais de Apoio Multidisciplinar da 10\u00aa e 11\u00aa Regi\u00f5es Judici\u00e1rias pelo Ato Normativo n\u00ba 088\/2019. O Excelent\u00edssimo Senhor Desembargador\u00a0S\u00c9RGIO LUIZ TEIXEIRA GAMA, Presidente do Egr\u00e9gio Tribunal de Justi\u00e7a do Estado [&hellip;]<\/p>\n","protected":false},"author":1,"featured_media":0,"comment_status":"closed","ping_status":"closed","sticky":false,"template":"","format":"standard","meta":{"footnotes":""},"categories":[4,14],"tags":[],"_links":{"self":[{"href":"https:\/\/www.tjes.jus.br\/corregedoria\/wp-json\/wp\/v2\/posts\/27473"}],"collection":[{"href":"https:\/\/www.tjes.jus.br\/corregedoria\/wp-json\/wp\/v2\/posts"}],"about":[{"href":"https:\/\/www.tjes.jus.br\/corregedoria\/wp-json\/wp\/v2\/types\/post"}],"author":[{"embeddable":true,"href":"https:\/\/www.tjes.jus.br\/corregedoria\/wp-json\/wp\/v2\/users\/1"}],"replies":[{"embeddable":true,"href":"https:\/\/www.tjes.jus.br\/corregedoria\/wp-json\/wp\/v2\/comments?post=27473"}],"version-history":[{"count":2,"href":"https:\/\/www.tjes.jus.br\/corregedoria\/wp-json\/wp\/v2\/posts\/27473\/revisions"}],"predecessor-version":[{"id":27480,"href":"https:\/\/www.tjes.jus.br\/corregedoria\/wp-json\/wp\/v2\/posts\/27473\/revisions\/27480"}],"wp:attachment":[{"href":"https:\/\/www.tjes.jus.br\/corregedoria\/wp-json\/wp\/v2\/media?parent=27473"}],"wp:term":[{"taxonomy":"category","embeddable":true,"href":"https:\/\/www.tjes.jus.br\/corregedoria\/wp-json\/wp\/v2\/categories?post=27473"},{"taxonomy":"post_tag","embeddable":true,"href":"https:\/\/www.tjes.jus.br\/corregedoria\/wp-json\/wp\/v2\/tags?post=27473"}],"curies":[{"name":"wp","href":"https:\/\/api.w.org\/{rel}","templated":true}]}}