{"id":27513,"date":"2019-07-22T14:15:26","date_gmt":"2019-07-22T17:15:26","guid":{"rendered":"https:\/\/www.tjes.jus.br\/corregedoria\/?p=27513"},"modified":"2026-04-23T14:06:32","modified_gmt":"2026-04-23T17:06:32","slug":"ato-normativo-no-101-2019-disp-22-07-2019","status":"publish","type":"post","link":"https:\/\/www.tjes.jus.br\/corregedoria\/2019\/07\/22\/ato-normativo-no-101-2019-disp-22-07-2019\/","title":{"rendered":"ATO NORMATIVO N\u00ba 101\/2019 \u2013 DISP. 22\/07\/2019 \u2013 REVOGADO"},"content":{"rendered":"<div align=\"center\">\n<h4><span style=\"color: #ff0000;\"><strong>REVOGADO PELO\u00a0<a href=\"https:\/\/www.tjes.jus.br\/corregedoria\/2026\/04\/23\/ato-normativo-no-068-2026-disp-23-04-2026\/\">ATO NORMATIVO N\u00ba 068\/2026<\/a>\u00a0DISP. 23\/04\/2026<\/strong><\/span><\/h4>\n<\/div>\n<div class=\"override-text\" align=\"center\"><del>ESTADO DO ESP\u00cdRITO SANTO<\/del><\/div>\n<div class=\"override-text\" align=\"center\"><del>PODER JUDICI\u00c1RIO<\/del><\/div>\n<div class=\"override-text\" align=\"center\"><del>TRIBUNAL DE JUSTI\u00c7A<\/del><\/div>\n<div class=\"override-text\" align=\"center\"><del>GABINETE DA PRESID\u00caNCIA<\/del><\/div>\n<div class=\"override-text\" align=\"center\"><\/div>\n<p style=\"text-align: center;\"><del><strong>ATO NORMATIVO n\u00ba\u00a0 101\/2019<\/strong><\/del><\/p>\n<p style=\"text-align: justify;\"><del>Cria Comiss\u00e3o para elabora\u00e7\u00e3o de estudos voltados \u00e0 aplica\u00e7\u00e3o dos artigos 4\u00ba, 5\u00ba e 6\u00ba, da Lei Complementar Estadual n\u00ba 234\/2002, alterados pela Lei Complementar Estadual n\u00ba 788\/2014.<\/del><\/p>\n<p style=\"text-align: justify;\"><del>O Excelent\u00edssimo Senhor Desembargador S\u00e9rgio Luiz Teixeira Gama, Presidente do Egr\u00e9gio Tribunal de Justi\u00e7a do Estado do Esp\u00edrito Santo, no uso de suas atribui\u00e7\u00f5es legais, e<\/del><\/p>\n<p style=\"text-align: justify;\"><del>CONSIDERANDO a determina\u00e7\u00e3o da Corregedoria Nacional de Justi\u00e7a, constante no subitem 3.1.6.1 do Auto Circunstanciado de Inspe\u00e7\u00e3o no Tribunal de Justi\u00e7a do Estado do Esp\u00edrito Santo (Processo de Inspe\u00e7\u00e3o n. 0000371-27.2019.2.00.0000 e Pedido de Provid\u00eancias n\u00ba 0003203-48.2019.2.00.0000), realizada no per\u00edodo de 18 a 22 de fevereiro de 2019;<\/del><\/p>\n<p style=\"text-align: justify;\"><del>CONSIDERANDO os termos do Of. Gab. N\u00ba 91\/2019, subscrito pelo Exm\u00ba. Sr. Presidente do Comit\u00ea Gestor Regional Or\u00e7ament\u00e1rio e de Gest\u00e3o e Implementa\u00e7\u00e3o da Pol\u00edtica Nacional de Aten\u00e7\u00e3o Priorit\u00e1ria ao Primeiro Grau;<\/del><\/p>\n<p style=\"text-align: justify;\"><del>CONSIDERANDO as disposi\u00e7\u00f5es contidas no artigo 3\u00ba da Lei Complementar n\u00ba 788\/2014, que prev\u00ea que ser\u00e1 constitu\u00edda Comiss\u00e3o para elabora\u00e7\u00e3o de estudos voltados \u00e0 aplica\u00e7\u00e3o dos artigos 4\u00ba, 5\u00ba e 6\u00ba, da Lei Complementar n\u00ba 234\/2014, alterados pela Lei Complementar Estadual n\u00ba 788\/2014;<\/del><\/p>\n<p><del>RESOLVE:<\/del><\/p>\n<p style=\"text-align: justify;\"><del>Art. 1\u00ba \u2013\u00a0 Fica constitu\u00edda Comiss\u00e3o para elabora\u00e7\u00e3o de estudos referentes \u00e0 Lei Complementar Estadual n\u00ba 788\/2014, nos moldes como previsto no seu artigo 3\u00ba, que ser\u00e1 composta pelos membros da Comiss\u00e3o de Reforma Judici\u00e1ria, por 03 (tr\u00eas) membros indicados pela OAB-ES, por 03 (tr\u00eas) membros indicados pela AMAGES.<\/del><\/p>\n<p style=\"text-align: justify;\"><del>Art. 2\u00ba \u2013\u00a0 Os trabalhos da referida Comiss\u00e3o dever\u00e3o observar o disposto no \u00a72\u00ba, do artigo 3\u00ba, da Lei Complementar Estadual n\u00ba 788\/2014.<\/del><\/p>\n<p><del>Art. 3\u00ba \u2013 Fica revogado o inciso XII, do Artigo 2\u00ba, do <a href=\"https:\/\/www.tjes.jus.br\/corregedoria\/2016\/07\/05\/ato-normativo-no-0712016-disp-09062016\/\">Ato Normativo n\u00ba 071\/2016<\/a>.<\/del><\/p>\n<p><del>Art. 4\u00ba \u2013 Este Ato Normativo entra em vigor na data de sua publica\u00e7\u00e3o.<\/del><\/p>\n<p><del>Publique-se.<\/del><\/p>\n<p><del>Vit\u00f3ria, 19 de Julho de 2019.<\/del><\/p>\n<p style=\"text-align: center;\"><del>\u00a0DES. S\u00c9RGIO LUIZ TEIXEIRA GAMA<\/del><\/p>\n<p style=\"text-align: center;\"><del>Presidente<\/del><\/p>\n","protected":false},"excerpt":{"rendered":"<p>REVOGADO PELO\u00a0ATO NORMATIVO N\u00ba 068\/2026\u00a0DISP. 23\/04\/2026 ESTADO DO ESP\u00cdRITO SANTO PODER JUDICI\u00c1RIO TRIBUNAL DE JUSTI\u00c7A GABINETE DA PRESID\u00caNCIA ATO NORMATIVO n\u00ba\u00a0 101\/2019 Cria Comiss\u00e3o para elabora\u00e7\u00e3o de estudos voltados \u00e0 aplica\u00e7\u00e3o dos artigos 4\u00ba, 5\u00ba e 6\u00ba, da Lei Complementar Estadual n\u00ba 234\/2002, alterados pela Lei Complementar Estadual n\u00ba 788\/2014. O Excelent\u00edssimo Senhor Desembargador S\u00e9rgio [&hellip;]<\/p>\n","protected":false},"author":8,"featured_media":0,"comment_status":"closed","ping_status":"closed","sticky":false,"template":"","format":"standard","meta":{"footnotes":""},"categories":[4,14],"tags":[],"_links":{"self":[{"href":"https:\/\/www.tjes.jus.br\/corregedoria\/wp-json\/wp\/v2\/posts\/27513"}],"collection":[{"href":"https:\/\/www.tjes.jus.br\/corregedoria\/wp-json\/wp\/v2\/posts"}],"about":[{"href":"https:\/\/www.tjes.jus.br\/corregedoria\/wp-json\/wp\/v2\/types\/post"}],"author":[{"embeddable":true,"href":"https:\/\/www.tjes.jus.br\/corregedoria\/wp-json\/wp\/v2\/users\/8"}],"replies":[{"embeddable":true,"href":"https:\/\/www.tjes.jus.br\/corregedoria\/wp-json\/wp\/v2\/comments?post=27513"}],"version-history":[{"count":3,"href":"https:\/\/www.tjes.jus.br\/corregedoria\/wp-json\/wp\/v2\/posts\/27513\/revisions"}],"predecessor-version":[{"id":47067,"href":"https:\/\/www.tjes.jus.br\/corregedoria\/wp-json\/wp\/v2\/posts\/27513\/revisions\/47067"}],"wp:attachment":[{"href":"https:\/\/www.tjes.jus.br\/corregedoria\/wp-json\/wp\/v2\/media?parent=27513"}],"wp:term":[{"taxonomy":"category","embeddable":true,"href":"https:\/\/www.tjes.jus.br\/corregedoria\/wp-json\/wp\/v2\/categories?post=27513"},{"taxonomy":"post_tag","embeddable":true,"href":"https:\/\/www.tjes.jus.br\/corregedoria\/wp-json\/wp\/v2\/tags?post=27513"}],"curies":[{"name":"wp","href":"https:\/\/api.w.org\/{rel}","templated":true}]}}