{"id":27555,"date":"2019-07-26T13:10:04","date_gmt":"2019-07-26T16:10:04","guid":{"rendered":"https:\/\/www.tjes.jus.br\/corregedoria\/?p=27555"},"modified":"2019-07-30T15:28:57","modified_gmt":"2019-07-30T18:28:57","slug":"portaria-no-22-2019-disp-26-07-2019","status":"publish","type":"post","link":"https:\/\/www.tjes.jus.br\/corregedoria\/2019\/07\/26\/portaria-no-22-2019-disp-26-07-2019\/","title":{"rendered":"PORTARIA N\u00ba 22\/2019 \u2013 DISP. 26\/07\/2019 \u2013 REPUBLICADO"},"content":{"rendered":"<h2 style=\"text-align: center;\"><span style=\"color: #ff0000;\">REPUBLICADO EM 30\/07\/2019 POR TER SIDO PUBLICADO<\/span><\/h2>\n<h2 style=\"text-align: center;\"><span style=\"color: #ff0000;\"> SEM O ANEXO \u00a0(<\/span><a href=\"https:\/\/www.tjes.jus.br\/corregedoria\/2019\/07\/30\/portaria-no-22-2019-disp-30-07-2019-republicacao\/\">CLIQUE AQUI<\/a><span style=\"color: #ff0000;\">)<\/span><\/h2>\n<p>&nbsp;<\/p>\n<p style=\"text-align: center;\"><del><strong>PODER JUDICI\u00c1RIO DO ESTADO DO ESP\u00cdRITO SANTO &#8211; PJES<\/strong><\/del><\/p>\n<p style=\"text-align: center;\"><del><strong>CORREGEDORIA GERAL DA\u00a0JUSTI\u00c7A<\/strong><\/del><\/p>\n<p>&nbsp;<\/p>\n<p style=\"text-align: center;\"><del><strong>PORTARIA N\u00ba 22\/2019<\/strong><\/del><\/p>\n<p>&nbsp;<\/p>\n<p><del>O Desembargador SAMUEL MEIRA BRASIL J\u00daNIOR, Corregedor-Geral da Justi\u00e7a do Estado do Esp\u00edrito Santo, no uso de suas atribui\u00e7\u00f5es legais,<\/del><\/p>\n<p>&nbsp;<\/p>\n<p><del>Em atendimento ao art. 60, inciso V, e art. 61, par\u00e1grafos 1\u00ba e 2\u00ba, da Resolu\u00e7\u00e3o N\u00ba 15\/95, DETERMINOU que se instaure\u00a0<strong>CORREI\u00c7\u00c3O GERAL ORDIN\u00c1RIA NA 1\u00aa e 2\u00aa VARA DA COMARCA DE BAIXO GUANDU\u00a0<\/strong><strong>bem como Cart\u00f3rio do 1\u00ba Of\u00edcio, Cart\u00f3rio de Registro Civil e Tabelionato\u00a0<\/strong><strong>do Distrito de\u00a0<\/strong><strong>Alto Mutum Preto, Cart\u00f3rio de Regisro Civil e Tabelionato\u00a0<\/strong><strong>do Distrito de\u00a0<\/strong><strong>Mascarenhas, Cart\u00f3rio de Registro Civil e Tabelionato\u00a0<\/strong><strong>do Distrito de\u00a0<\/strong><strong>Vila Nova do Bananal, Cart\u00f3rio de Registro Civil e Tabelionato\u00a0<\/strong><strong>do Distrito de Ibi<\/strong><strong>tuba\u00a0<\/strong><strong>e<\/strong><strong>\u00a0Cart\u00f3rio de Registro Civil e Tabelionato da Sede.<\/strong><\/del><\/p>\n<p>&nbsp;<\/p>\n<p><del>A sess\u00e3o de instala\u00e7\u00e3o foi designada para o dia 27 de agosto do ano de 2019, \u00e0s horas, na Sala do Tribunal do J\u00fari da aludida Comarca.<\/del><\/p>\n<p>&nbsp;<\/p>\n<p><del>Aos 24 (vinte e quatro)\u00a0dias do m\u00eas de\u00a0 julho do ano dois mil e dezenove (2019).<\/del><\/p>\n<p>&nbsp;<\/p>\n<p>&nbsp;<\/p>\n<p style=\"text-align: center;\"><del>Desembargador\u00a0<strong>SAMUEL MEIRA BRASIL J\u00daNIOR<\/strong><\/del><\/p>\n<p style=\"text-align: center;\"><del>Corregedor-Geral da Justi\u00e7a<\/del><\/p>\n","protected":false},"excerpt":{"rendered":"<p>REPUBLICADO EM 30\/07\/2019 POR TER SIDO PUBLICADO SEM O ANEXO \u00a0(CLIQUE AQUI) &nbsp; PODER JUDICI\u00c1RIO DO ESTADO DO ESP\u00cdRITO SANTO &#8211; PJES CORREGEDORIA GERAL DA\u00a0JUSTI\u00c7A &nbsp; PORTARIA N\u00ba 22\/2019 &nbsp; O Desembargador SAMUEL MEIRA BRASIL J\u00daNIOR, Corregedor-Geral da Justi\u00e7a do Estado do Esp\u00edrito Santo, no uso de suas atribui\u00e7\u00f5es legais, &nbsp; Em atendimento ao art. [&hellip;]<\/p>\n","protected":false},"author":1,"featured_media":0,"comment_status":"closed","ping_status":"closed","sticky":false,"template":"","format":"standard","meta":{"footnotes":""},"categories":[14,6],"tags":[],"_links":{"self":[{"href":"https:\/\/www.tjes.jus.br\/corregedoria\/wp-json\/wp\/v2\/posts\/27555"}],"collection":[{"href":"https:\/\/www.tjes.jus.br\/corregedoria\/wp-json\/wp\/v2\/posts"}],"about":[{"href":"https:\/\/www.tjes.jus.br\/corregedoria\/wp-json\/wp\/v2\/types\/post"}],"author":[{"embeddable":true,"href":"https:\/\/www.tjes.jus.br\/corregedoria\/wp-json\/wp\/v2\/users\/1"}],"replies":[{"embeddable":true,"href":"https:\/\/www.tjes.jus.br\/corregedoria\/wp-json\/wp\/v2\/comments?post=27555"}],"version-history":[{"count":3,"href":"https:\/\/www.tjes.jus.br\/corregedoria\/wp-json\/wp\/v2\/posts\/27555\/revisions"}],"predecessor-version":[{"id":27586,"href":"https:\/\/www.tjes.jus.br\/corregedoria\/wp-json\/wp\/v2\/posts\/27555\/revisions\/27586"}],"wp:attachment":[{"href":"https:\/\/www.tjes.jus.br\/corregedoria\/wp-json\/wp\/v2\/media?parent=27555"}],"wp:term":[{"taxonomy":"category","embeddable":true,"href":"https:\/\/www.tjes.jus.br\/corregedoria\/wp-json\/wp\/v2\/categories?post=27555"},{"taxonomy":"post_tag","embeddable":true,"href":"https:\/\/www.tjes.jus.br\/corregedoria\/wp-json\/wp\/v2\/tags?post=27555"}],"curies":[{"name":"wp","href":"https:\/\/api.w.org\/{rel}","templated":true}]}}