{"id":27594,"date":"2019-07-31T16:13:43","date_gmt":"2019-07-31T19:13:43","guid":{"rendered":"https:\/\/www.tjes.jus.br\/corregedoria\/?p=27594"},"modified":"2019-07-31T16:18:16","modified_gmt":"2019-07-31T19:18:16","slug":"ato-normativo-no-106-2019-disp-31-07-2019","status":"publish","type":"post","link":"https:\/\/www.tjes.jus.br\/corregedoria\/2019\/07\/31\/ato-normativo-no-106-2019-disp-31-07-2019\/","title":{"rendered":"ATO NORMATIVO N\u00ba 106\/2019 \u2013 DISP. 31\/07\/2019"},"content":{"rendered":"<p align=\"center\"><strong>PODER JUDICI\u00c1RIO<\/strong><\/p>\n<p align=\"center\"><strong>TRIBUNAL DE JUSTI\u00c7A DO ESTADO DO ESP\u00cdRITO SANTO<\/strong><\/p>\n<p align=\"center\"><strong>PRESID\u00caNCIA<\/strong><\/p>\n<p align=\"center\"><strong>ATO NORMATIVO N\u00ba 106 \/2019<\/strong><\/p>\n<p>&nbsp;<\/p>\n<p>Determina a utiliza\u00e7\u00e3o obrigat\u00f3ria do Sistema Eletr\u00f4nico de Informa\u00e7\u00f5es \u2013 SEI em toda 1\u00aa inst\u00e2ncia do Poder Judici\u00e1rio do Estado do Esp\u00edrito Santo.<\/p>\n<p align=\"justify\">O Excelent\u00edssimo Senhor Desembargador SERGIO LUIZ TEIXEIRA GAMA, Presidente do Egr\u00e9gio Tribunal de Justi\u00e7a do Estado do Esp\u00edrito Santo, no uso de suas atribui\u00e7\u00f5es legais e<\/p>\n<p>&nbsp;<\/p>\n<p align=\"justify\">CONSIDERANDO a implanta\u00e7\u00e3o e regulamenta\u00e7\u00e3o, no \u00e2mbito administrativo do Poder Judici\u00e1rio do Estado do Esp\u00edrito Santo, do Sistema Eletr\u00f4nico de Informa\u00e7\u00f5es \u2013 SEI pela <a href=\"https:\/\/www.tjes.jus.br\/corregedoria\/2016\/07\/05\/resolucao-no-0702013-disp-05122013\/\">Resolu\u00e7\u00e3o n\u00ba. 70\/2013<\/a>, deste Egr\u00e9gio Tribunal de Justi\u00e7a;<\/p>\n<p align=\"justify\">CONSIDERANDO o <a href=\"https:\/\/www.tjes.jus.br\/corregedoria\/2017\/12\/07\/oficio-circular-no-1532017-disp-07122017\/\">Ato Normativo n\u00ba 153\/2017<\/a>, publicado do Di\u00e1rio da Justi\u00e7a Eletr\u00f4nico no dia 25 de outubro de 2017, que instituiu o Comit\u00ea Deliberativo do Sistema Eletr\u00f4nico de Informa\u00e7\u00f5es e estabeleceu suas atribui\u00e7\u00f5es para a gest\u00e3o dos processos administrativos no Sistema Eletr\u00f4nico de Informa\u00e7\u00f5es \u2013 SEI, no \u00e2mbito do Egr\u00e9gio Tribunal de Justi\u00e7a do Estado do Esp\u00edrito Santo;<\/p>\n<p align=\"justify\">CONSIDERANDO o <a href=\"https:\/\/www.tjes.jus.br\/corregedoria\/2019\/03\/01\/ato-normativo-no-029-2019-disp-01-03-2019\/\">Ato Normativo n\u00ba 029\/2019<\/a>, publicado do Di\u00e1rio da Justi\u00e7a Eletr\u00f4nico no dia 01 de mar\u00e7o de 2019, que determinou a utiliza\u00e7\u00e3o obrigat\u00f3ria do Sistema Eletr\u00f4nico de Informa\u00e7\u00f5es \u2013 SEI em toda 2\u00aa inst\u00e2ncia do Poder Judici\u00e1rio do Estado do Esp\u00edrito Santo, a partir do dia 11 de mar\u00e7o de 2019;<\/p>\n<p align=\"justify\">CONSIDERANDO, finalmente, a capacita\u00e7\u00e3o dos servidores da 1\u00aa Inst\u00e2ncia do Poder Judici\u00e1rio do Estado do Esp\u00edrito Santo, para utiliza\u00e7\u00e3o do Sistema Eletr\u00f4nico de Informa\u00e7\u00f5es \u2013 SEI;<\/p>\n<p align=\"justify\">RESOLVE:<\/p>\n<p align=\"justify\">Art. 1\u00ba. O registro e processamento dos procedimentos, expedientes e\/ou documentos administrativos origin\u00e1rios das unidades judici\u00e1rias e administrativas do 1\u00ba grau de jurisdi\u00e7\u00e3o, dever\u00e3o ocorrer, a partir de 05 de agosto de 2019, obrigatoriamente, atrav\u00e9s do Sistema Eletr\u00f4nico de Informa\u00e7\u00f5es \u2013 SEI.<\/p>\n<p align=\"justify\">Par\u00e1grafo \u00fanico. N\u00e3o ser\u00e3o processados os procedimentos e documentos administrativos que n\u00e3o observarem a regra prevista no\u00a0<i>caput,\u00a0<\/i>exceto:<\/p>\n<p align=\"justify\">I &#8211; Averba\u00e7\u00e3o de tempo de servi\u00e7o e contribui\u00e7\u00e3o para aposentadoria;<\/p>\n<p align=\"justify\">II &#8211; Declara\u00e7\u00e3o de tempo de contribui\u00e7\u00e3o;<\/p>\n<p align=\"justify\">III &#8211; Licen\u00e7a m\u00e9dica para pr\u00f3pria sa\u00fade,<\/p>\n<p align=\"justify\">IV &#8211; Licen\u00e7a para acompanhar pessoa da fam\u00edlia;<\/p>\n<p align=\"justify\">V &#8211; Licen\u00e7a maternidade;<\/p>\n<p align=\"justify\">VI &#8211; Licen\u00e7a para trato de interesses particulares;<\/p>\n<p align=\"justify\">VII &#8211; Posse;<\/p>\n<p align=\"justify\">VIII &#8211; Frequ\u00eancia (sistema pr\u00f3prio j\u00e1 utilizado);<\/p>\n<p align=\"justify\">IX &#8211; Abono (sistema pr\u00f3prio j\u00e1 utilizado);<\/p>\n<p align=\"justify\">X &#8211; E-gap (Gest\u00e3o de almoxarifado e patrim\u00f4nio);<\/p>\n<p align=\"justify\">XI &#8211; Frequ\u00eancia dos motorista terceirizados.<\/p>\n<p align=\"justify\">Art. 2\u00ba. Este ato normativo entrar\u00e1 em vigor na data da sua publica\u00e7\u00e3o.<\/p>\n<p>&nbsp;<\/p>\n<p>Publique-se.<\/p>\n<p align=\"center\">Vit\u00f3ria\/ES, 30 de julho de 2019.<\/p>\n<p align=\"center\">Desembargador SERGIO LUIZ TEIXEIRA GAMA<\/p>\n<p align=\"center\">Presidente<\/p>\n<p>&nbsp;<\/p>\n","protected":false},"excerpt":{"rendered":"<p>PODER JUDICI\u00c1RIO TRIBUNAL DE JUSTI\u00c7A DO ESTADO DO ESP\u00cdRITO SANTO PRESID\u00caNCIA ATO NORMATIVO N\u00ba 106 \/2019 &nbsp; Determina a utiliza\u00e7\u00e3o obrigat\u00f3ria do Sistema Eletr\u00f4nico de Informa\u00e7\u00f5es \u2013 SEI em toda 1\u00aa inst\u00e2ncia do Poder Judici\u00e1rio do Estado do Esp\u00edrito Santo. O Excelent\u00edssimo Senhor Desembargador SERGIO LUIZ TEIXEIRA GAMA, Presidente do Egr\u00e9gio Tribunal de Justi\u00e7a do [&hellip;]<\/p>\n","protected":false},"author":1,"featured_media":0,"comment_status":"closed","ping_status":"closed","sticky":false,"template":"","format":"standard","meta":{"footnotes":""},"categories":[4,14],"tags":[],"_links":{"self":[{"href":"https:\/\/www.tjes.jus.br\/corregedoria\/wp-json\/wp\/v2\/posts\/27594"}],"collection":[{"href":"https:\/\/www.tjes.jus.br\/corregedoria\/wp-json\/wp\/v2\/posts"}],"about":[{"href":"https:\/\/www.tjes.jus.br\/corregedoria\/wp-json\/wp\/v2\/types\/post"}],"author":[{"embeddable":true,"href":"https:\/\/www.tjes.jus.br\/corregedoria\/wp-json\/wp\/v2\/users\/1"}],"replies":[{"embeddable":true,"href":"https:\/\/www.tjes.jus.br\/corregedoria\/wp-json\/wp\/v2\/comments?post=27594"}],"version-history":[{"count":4,"href":"https:\/\/www.tjes.jus.br\/corregedoria\/wp-json\/wp\/v2\/posts\/27594\/revisions"}],"predecessor-version":[{"id":27602,"href":"https:\/\/www.tjes.jus.br\/corregedoria\/wp-json\/wp\/v2\/posts\/27594\/revisions\/27602"}],"wp:attachment":[{"href":"https:\/\/www.tjes.jus.br\/corregedoria\/wp-json\/wp\/v2\/media?parent=27594"}],"wp:term":[{"taxonomy":"category","embeddable":true,"href":"https:\/\/www.tjes.jus.br\/corregedoria\/wp-json\/wp\/v2\/categories?post=27594"},{"taxonomy":"post_tag","embeddable":true,"href":"https:\/\/www.tjes.jus.br\/corregedoria\/wp-json\/wp\/v2\/tags?post=27594"}],"curies":[{"name":"wp","href":"https:\/\/api.w.org\/{rel}","templated":true}]}}