{"id":27598,"date":"2019-07-31T16:23:22","date_gmt":"2019-07-31T19:23:22","guid":{"rendered":"https:\/\/www.tjes.jus.br\/corregedoria\/?p=27598"},"modified":"2019-07-31T16:24:19","modified_gmt":"2019-07-31T19:24:19","slug":"circular-geral-de-vacancias-cmfe-no-011-2018-disp-31-07-2019","status":"publish","type":"post","link":"https:\/\/www.tjes.jus.br\/corregedoria\/2019\/07\/31\/circular-geral-de-vacancias-cmfe-no-011-2018-disp-31-07-2019\/","title":{"rendered":"CIRCULAR GERAL DE VAC\u00c2NCIAS CMFE N\u00ba 011\/2018 \u2013 DISP. 31\/07\/2019"},"content":{"rendered":"<p align=\"center\"><strong>ESTADO DO ESP\u00cdRITO SANTO<\/strong><\/p>\n<p align=\"center\"><strong>Poder Judici\u00e1rio<\/strong><\/p>\n<p align=\"center\"><strong>Corregedoria Geral da Justi\u00e7a<\/strong><\/p>\n<p style=\"text-align: center;\" align=\"justify\"><strong><span lang=\"pt-BR\">CIRCULAR GERAL DE VAC\u00c2NCIAS\u00a0<\/span><span lang=\"pt-BR\">CMFE<\/span><span lang=\"pt-BR\">\u00a0N.\u00ba\u00a0<\/span><span lang=\"pt-BR\">0<\/span><span lang=\"pt-BR\">1<\/span><span lang=\"pt-BR\">1<\/span><span lang=\"pt-BR\">\/201<\/span><span lang=\"pt-BR\">8<\/span><\/strong><\/p>\n<p style=\"text-align: center;\" align=\"justify\"><strong>(<i>Proc. CGJES n.\u00ba\u00a0<\/i><i>201200854601<\/i>)<\/strong><\/p>\n<p align=\"justify\"><span lang=\"pt-BR\">O Desembargador\u00a0<\/span><span lang=\"pt-BR\">SAMUEL MEIRA BRASIL J\u00daNIOR<\/span>, Corregedor- Geral da Justi\u00e7a do Estado do Esp\u00edrito Santo, no uso de suas atribui\u00e7\u00f5es e,<\/p>\n<p align=\"justify\"><strong>CONSIDERANDO<\/strong>\u00a0que a Corregedoria Geral da Justi\u00e7a \u00e9 \u00f3rg\u00e3o de fiscaliza\u00e7\u00e3o, disciplina e orienta\u00e7\u00e3o administrativa do foro extrajudicial, com circunscri\u00e7\u00e3o em todo o Estado, conforme art. 35 da Lei Complementar Estadual n.\u00ba 234\/2002 (COJES) c\/c art. 37 da Lei 9.835\/94 (LNR);<\/p>\n<p style=\"text-align: justify;\" align=\"justify\"><strong><span lang=\"pt-BR\">CONSIDERANDO\u00a0<\/span><\/strong><strong><span lang=\"pt-BR\">o disposto no<\/span><\/strong><strong><span lang=\"pt-BR\">s<\/span><\/strong><strong><span lang=\"pt-BR\">\u00a7 3\u00ba do art. 11 da Resolu\u00e7\u00e3o 80,\u00a0<\/span><\/strong><strong><span lang=\"pt-BR\">\u00a7\u00a0<\/span><\/strong><strong><span lang=\"pt-BR\">2<\/span><\/strong><strong><span lang=\"pt-BR\">\u00ba do art. 2\u00ba da Resolu\u00e7\u00e3o n.\u00ba 81,\u00a0<\/span><\/strong><strong><span lang=\"pt-BR\">ambas\u00a0<\/span><\/strong><strong><span lang=\"pt-BR\">do Conselho Nacional de Justi\u00e7a;<\/span><\/strong><span lang=\"pt-BR\">bem como\u00a0<\/span><span lang=\"pt-BR\">na Ordem de Servi\u00e7o n.\u00ba\u00a0<\/span><span lang=\"pt-BR\">001<\/span><span lang=\"pt-BR\">\/2014\u00a0<\/span><span lang=\"pt-BR\">da Corregedoria Geral da Justi\u00e7a deste Estado.<\/span><\/p>\n<p style=\"text-align: justify;\" align=\"justify\"><strong>RESOLVE:<\/strong><\/p>\n<p style=\"text-align: justify;\" align=\"justify\"><strong>TORNAR P\u00daBLICA<\/strong>\u00a0a Rela\u00e7\u00e3o Geral de Vac\u00e2ncia das Delega\u00e7\u00f5es para a Atividade Notarial e de Registro do Estado do Esp\u00edrito Santo e\u00a0que se encontram aptas a serem oferecidas em concurso p\u00fablico, respeitado o crit\u00e9rio de ingresso na rela\u00e7\u00e3o\u00a0(provimento ou remo\u00e7\u00e3o), conforme Anexo\u00a0I que acompanha a presente Circular, atualizado at\u00e9\u00a0<strong>30 de julho<\/strong><strong>\u00a0de 2019<\/strong>.<\/p>\n<p style=\"text-align: justify;\" align=\"justify\">Esclare\u00e7o que os Editais do Sorteio P\u00fablico para desempate da ordem de ingresso das serventias constantes do Grupo I, que integra o Anexo II que acompanha a presente Circular, ser\u00e3o publicados oportunamente.<\/p>\n<p style=\"text-align: justify;\" align=\"justify\">A rela\u00e7\u00e3o geral de vac\u00e2ncias ser\u00e1 publicada no Di\u00e1rio da Justi\u00e7a Eletr\u00f4nico (e-Di\u00e1rio) pelo prazo de 05 (cinco) dias \u00fateis consecutivos, e poder\u00e1 ser impugnada no prazo de 15 (quinze) dias contados do encerramento da divulga\u00e7\u00e3o.<\/p>\n<p align=\"center\"><span lang=\"pt-BR\"><strong>Publique-se.\u00a0<\/strong><\/span><span lang=\"pt-BR\"><strong>Cumpra-se.<\/strong><\/span><\/p>\n<p align=\"center\"><span lang=\"pt-BR\">Vit\u00f3ria,\u00a0<\/span><span lang=\"pt-BR\">30 de julho\u00a0<\/span><span lang=\"pt-BR\">de 201<\/span><span lang=\"pt-BR\">9<\/span><span lang=\"pt-BR\">.<\/span><\/p>\n<p align=\"center\"><strong>Desembargador\u00a0SAMUEL MEIRA BRASIL JUNIOR<\/strong><\/p>\n<p align=\"center\"><strong>CORREGEDOR-GERAL DA JUSTI\u00c7A<\/strong><\/p>\n<p align=\"center\"><strong><a href=\"https:\/\/sistemas.tjes.jus.br\/ediario\/images\/anexo_I_copia_copia.pdf\" target=\"_blank\" rel=\"noopener\">ANEXO I &#8211; CLIQUE AQUI<\/a><\/strong><\/p>\n<p align=\"center\"><strong><a href=\"https:\/\/sistemas.tjes.jus.br\/ediario\/images\/ANEXO_ii.pdf\" target=\"_blank\" rel=\"noopener\">ANEXO II &#8211; CLIQUE AQUI<\/a><\/strong><\/p>\n<p align=\"center\">\n","protected":false},"excerpt":{"rendered":"<p>ESTADO DO ESP\u00cdRITO SANTO Poder Judici\u00e1rio Corregedoria Geral da Justi\u00e7a CIRCULAR GERAL DE VAC\u00c2NCIAS\u00a0CMFE\u00a0N.\u00ba\u00a0011\/2018 (Proc. CGJES n.\u00ba\u00a0201200854601) O Desembargador\u00a0SAMUEL MEIRA BRASIL J\u00daNIOR, Corregedor- Geral da Justi\u00e7a do Estado do Esp\u00edrito Santo, no uso de suas atribui\u00e7\u00f5es e, CONSIDERANDO\u00a0que a Corregedoria Geral da Justi\u00e7a \u00e9 \u00f3rg\u00e3o de fiscaliza\u00e7\u00e3o, disciplina e orienta\u00e7\u00e3o administrativa do foro extrajudicial, com [&hellip;]<\/p>\n","protected":false},"author":8,"featured_media":0,"comment_status":"closed","ping_status":"closed","sticky":false,"template":"","format":"standard","meta":{"footnotes":""},"categories":[17,14],"tags":[],"_links":{"self":[{"href":"https:\/\/www.tjes.jus.br\/corregedoria\/wp-json\/wp\/v2\/posts\/27598"}],"collection":[{"href":"https:\/\/www.tjes.jus.br\/corregedoria\/wp-json\/wp\/v2\/posts"}],"about":[{"href":"https:\/\/www.tjes.jus.br\/corregedoria\/wp-json\/wp\/v2\/types\/post"}],"author":[{"embeddable":true,"href":"https:\/\/www.tjes.jus.br\/corregedoria\/wp-json\/wp\/v2\/users\/8"}],"replies":[{"embeddable":true,"href":"https:\/\/www.tjes.jus.br\/corregedoria\/wp-json\/wp\/v2\/comments?post=27598"}],"version-history":[{"count":2,"href":"https:\/\/www.tjes.jus.br\/corregedoria\/wp-json\/wp\/v2\/posts\/27598\/revisions"}],"predecessor-version":[{"id":27606,"href":"https:\/\/www.tjes.jus.br\/corregedoria\/wp-json\/wp\/v2\/posts\/27598\/revisions\/27606"}],"wp:attachment":[{"href":"https:\/\/www.tjes.jus.br\/corregedoria\/wp-json\/wp\/v2\/media?parent=27598"}],"wp:term":[{"taxonomy":"category","embeddable":true,"href":"https:\/\/www.tjes.jus.br\/corregedoria\/wp-json\/wp\/v2\/categories?post=27598"},{"taxonomy":"post_tag","embeddable":true,"href":"https:\/\/www.tjes.jus.br\/corregedoria\/wp-json\/wp\/v2\/tags?post=27598"}],"curies":[{"name":"wp","href":"https:\/\/api.w.org\/{rel}","templated":true}]}}