{"id":27658,"date":"2019-08-06T13:00:54","date_gmt":"2019-08-06T16:00:54","guid":{"rendered":"https:\/\/www.tjes.jus.br\/corregedoria\/?p=27658"},"modified":"2019-08-06T13:07:35","modified_gmt":"2019-08-06T16:07:35","slug":"ato-normativo-conjunto-no-017-2019-disp-06-08-2019","status":"publish","type":"post","link":"https:\/\/www.tjes.jus.br\/corregedoria\/2019\/08\/06\/ato-normativo-conjunto-no-017-2019-disp-06-08-2019\/","title":{"rendered":"ATO NORMATIVO CONJUNTO N\u00ba 017\/2019 \u2013 DISP. 06\/08\/2019"},"content":{"rendered":"<p align=\"center\">ESTADO DO ESP\u00cdRITO SANTO<\/p>\n<p align=\"center\">PODER JUDICI\u00c1RIO<\/p>\n<p align=\"center\">TRIBUNAL DE JUSTI\u00c7A<\/p>\n<p align=\"center\">GABINETE DA PRESID\u00caNCIA<\/p>\n<p>&nbsp;<\/p>\n<p align=\"center\"><strong><span lang=\"pt-BR\">ATO NORMATIVO CONJUNTO N\u00ba 017\/2019<\/span><\/strong><\/p>\n<p align=\"justify\"><span lang=\"pt-BR\">Institui Regime Especial de atua\u00e7\u00e3o nas Varas de Execu\u00e7\u00e3o Penal do Estado do Esp\u00edrito Santo e define a sua abrang\u00eancia.<\/span><\/p>\n<p align=\"justify\"><span lang=\"pt-BR\">O Excelent\u00edssimo Senhor Desembargador\u00a0<\/span><span lang=\"pt-BR\">S\u00c9RGIO LUIZ TEIXEIRA GAMA,<\/span><span lang=\"pt-BR\">\u00a0Presidente do Egr\u00e9gio Tribunal de Justi\u00e7a do Estado do Esp\u00edrito Santo, e o Excelent\u00edssimo Senhor Desembargador FERNANDO ZARDINI ANTONIO, Supervisor das Varas Criminais e de Execu\u00e7\u00f5es Penais, no uso de suas atribui\u00e7\u00f5es legais e,<\/span><\/p>\n<p align=\"justify\"><span lang=\"pt-BR\">CONSIDERANDO que o Supremo Tribunal Federal, no julgamento da Argui\u00e7\u00e3o de Descumprimento de Preceito Fundamental \u2013 ADPF 347, reconheceu o\u00a0<\/span><span lang=\"pt-BR\"><i>estado de coisas inconstitucional\u00a0<\/i><\/span><span lang=\"pt-BR\">relativamente ao sistema penitenci\u00e1rio brasileiro, diante da viola\u00e7\u00e3o generalizada de direitos fundamentais dos presos e, em raz\u00e3o disso, determinou a ado\u00e7\u00e3o de medidas estruturais e coordenadas que visem enfrentar o problema da superlota\u00e7\u00e3o prisional por parte dos Estados-membros e da Uni\u00e3o\u037e<\/span><\/p>\n<p align=\"justify\"><span lang=\"pt-BR\">CONSIDERANDO que, neste contexto, o C. Conselho Nacional de Justi\u00e7a e o Programa das Na\u00e7\u00f5es Unidas para o Desenvolvimento (PNUD), buscando solu\u00e7\u00f5es que intervenham eficazmente sobre esse quadro desfavor\u00e1vel, conceberam o Programa Justi\u00e7a Presente, que se divide em quatro eixos de atua\u00e7\u00e3o: sistemas eletr\u00f4nicos, propostas e alternativas ao superencarceramento, pol\u00edticas de cidadania e sistema socioeducativo;<\/span><\/p>\n<p align=\"justify\"><span lang=\"pt-BR\">CONSIDERANDO que, dentre as atividades previstas no Programa Justi\u00e7a Presente, est\u00e3o a implanta\u00e7\u00e3o do SEEU \u2013 Sistema Eletr\u00f4nico de Execu\u00e7\u00e3o Unificado e a realiza\u00e7\u00e3o de mutir\u00f5es carcer\u00e1rios de forma eletr\u00f4nica;<\/span><\/p>\n<p align=\"justify\"><span lang=\"pt-BR\">CONSIDERANDO que o E. Tribunal de Justi\u00e7a do Estado do Esp\u00edrito Santo aderiu ao Programa Justi\u00e7a Presente, implementado de forma pioneira neste Estado, e concluiu a implanta\u00e7\u00e3o do SEEU nas Varas Privativas de Execu\u00e7\u00e3o Penal como sistema \u00fanico de processamento de informa\u00e7\u00f5es e pr\u00e1tica de atos processuais relativos \u00e0 execu\u00e7\u00e3o penal;<\/span><\/p>\n<p align=\"justify\"><span lang=\"pt-BR\">CONSIDERANDO as informa\u00e7\u00f5es penitenci\u00e1rias do Estado do Esp\u00edrito Santo fornecidos pela Subsecretaria de Ressocializa\u00e7\u00e3o (SRES), pertencente \u00e0 Secretaria de Estado de Justi\u00e7a (SEJUS), que revelam o estado de superlota\u00e7\u00e3o das unidades prisionais do estado;<\/span><\/p>\n<p style=\"text-align: justify;\" align=\"justify\"><span lang=\"pt-BR\">CONSIDERANDO o teor do Oficio n\u00ba 568 \u2013 DMF\/2019, de lavra do Exm\u00b0. Juiz Auxiliar da Presid\u00eancia do CNJ e Coordenador do Departamento de Monitoramento e Fiscaliza\u00e7\u00e3o do Sistema Carcer\u00e1rio, informando sobre a realiza\u00e7\u00e3o do primeiro mutir\u00e3o carcer\u00e1rio eletr\u00f4nico no pa\u00eds, designado para o per\u00edodo compreendido entre\u00a0<\/span><span lang=\"pt-BR\">02 e 13 de setembro de 2019 no Estado do Esp\u00edrito Santo;<\/span><\/p>\n<p style=\"text-align: justify;\" align=\"justify\"><span lang=\"pt-BR\">CONSIDERANDO os alinhamentos e articula\u00e7\u00f5es fomentados entre o Conselho Nacional de Justi\u00e7a o Col\u00e9gio Nacional de Defensores P\u00fablicos Gerais \u2013 CONDEGE, a Defensoria P\u00fablica da Uni\u00e3o e a Associa\u00e7\u00e3o Nacional das Defensoras e Defensores P\u00fablicos \u2013 ANADEP, de modo a possibilitar a atua\u00e7\u00e3o da Defensoria Sem Fronteiras;<\/span><\/p>\n<p style=\"text-align: justify;\" align=\"justify\"><span lang=\"pt-BR\">CONSIDERANDO o trabalho do Escrit\u00f3rio Social existente e em funcionamento no Estado do Esp\u00edrito Santo no acolhimento e encaminhamento das pessoas egressas do sistema prisional, o qual ter\u00e1 sua atua\u00e7\u00e3o potencializada durante o mutir\u00e3o carcer\u00e1rio, balizando as a\u00e7\u00f5es de cidadania e reintegra\u00e7\u00e3o social da popula\u00e7\u00e3o egressa;<\/span><\/p>\n<p style=\"text-align: justify;\" align=\"justify\"><span lang=\"pt-BR\">CONSIDERANDO a necessidade de estabelecimento de um regime especial de atua\u00e7\u00e3o nas Varas de Execu\u00e7\u00e3o do Estado do Esp\u00edrito Santo, a fim de assegurar a c\u00e9lere e eficaz tomada de decis\u00e3o nos processos de execu\u00e7\u00e3o penal que ser\u00e3o objeto do mutir\u00e3o, com a cria\u00e7\u00e3o de nova rotina de prepara\u00e7\u00e3o de expedientes, processamento e julgamento dos pedidos a serem formulados naqueles feitos, inclusive sob a modalidade de audi\u00eancias concentradas, tamb\u00e9m propondo alternativas para a gest\u00e3o administrativa dos espa\u00e7os prisionais;<\/span><\/p>\n<p>&nbsp;<\/p>\n<p>&nbsp;<\/p>\n<p><span lang=\"pt-BR\">RESOLVEM:<\/span><\/p>\n<p align=\"justify\"><span lang=\"pt-BR\">Art. 1\u00ba. Fica institu\u00eddo o regime especial de atua\u00e7\u00e3o nas Varas com compet\u00eancia exclusiva em Execu\u00e7\u00e3o Penal do Esp\u00edrito Santo, no per\u00edodo de\u00a0<\/span><span lang=\"pt-BR\"><strong>05 de agosto a 30 de setembro do ano corrente<\/strong><\/span><span lang=\"pt-BR\">, conforme \u201cPlano de A\u00e7\u00e3o\u201d a ser apresentado pelo Grupo de Monitoramento e Fiscaliza\u00e7\u00e3o do Sistema Carcer\u00e1rio e conferido pelo Conselho Nacional de Justi\u00e7a.<\/span><\/p>\n<p align=\"justify\"><span lang=\"pt-BR\">Art. 2\u00ba. O regime especial de atua\u00e7\u00e3o indicado no artigo anterior compreende a cria\u00e7\u00e3o excepcional de m\u00e9todos e rotinas coordenados para a gest\u00e3o administrativa do processamento das execu\u00e7\u00f5es penais, segundo crit\u00e9rios definidos no \u201cPlano de A\u00e7\u00e3o\u201d a que se refere o artigo anterior, de modo a priorizar a an\u00e1lise de benef\u00edcios vencidos e a vencer, an\u00e1lise de teses jur\u00eddicas consensualizadas entre os atores, sem preju\u00edzo de determina\u00e7\u00f5es relacionadas \u00e0 ocupa\u00e7\u00e3o dos espa\u00e7os prisionais, especialmente nas hip\u00f3teses de cumprimento de pena em local inadequado.<\/span><\/p>\n<p style=\"text-align: justify;\" align=\"justify\"><span lang=\"pt-BR\">Art. 3\u00ba. A Coordena\u00e7\u00e3o do GMF \u2013 Grupo de Monitoramento e Fiscaliza\u00e7\u00e3o do Sistema Prisional poder\u00e1 indicar \u00e0 Presid\u00eancia ju\u00edzes volunt\u00e1rios para atuar, com designa\u00e7\u00e3o especial, nas Varas de Execu\u00e7\u00e3o Penal durante a vig\u00eancia do regime especial de atua\u00e7\u00e3o, visando \u00e0 consecu\u00e7\u00e3o de seus objetivos.<\/span><\/p>\n<p style=\"text-align: justify;\" align=\"justify\"><span lang=\"pt-BR\">Art. 4\u00ba. Durante o per\u00edodo de vig\u00eancia do regime especial de atua\u00e7\u00e3o, a Presid\u00eancia do Tribunal de Justi\u00e7a do Esp\u00edrito Santo poder\u00e1 designar, excepcionalmente, servidores e estagi\u00e1rios de outras unidades judici\u00e1rias nas Varas de Execu\u00e7\u00e3o Penal a fim de agilizar os trabalhos cartor\u00e1rios.<\/span><\/p>\n<p style=\"text-align: justify;\" align=\"justify\"><span lang=\"pt-BR\">Art. 5\u00ba. Visando atingir os objetivos do regime especial de atua\u00e7\u00e3o, poder\u00e1 o Tribunal de Justi\u00e7a do Esp\u00edrito Santo firmar parcerias com institui\u00e7\u00f5es externas, p\u00fablicas ou privadas, conforme a necessidade, inclusive para o fortalecimento da rede de assist\u00eancia social, de modo a qualificar a porta de sa\u00edda do sistema prisional.<\/span><\/p>\n<p style=\"text-align: justify;\" align=\"justify\"><span lang=\"pt-BR\">Art. 6\u00ba. A coordena\u00e7\u00e3o dos trabalhos ficar\u00e1 a cargo das Ju\u00edzas de Direito Gisele Souza de Oliveira, Coordenadora do Grupo de Monitoramento e Fiscaliza\u00e7\u00e3o do Sistema Carcer\u00e1rio do Esp\u00edrito Santo \u2013 GMF\/SC, e Graciela de Rezende Henriquez, designada para responder pela Vara de Execu\u00e7\u00f5es Penais de Vila Velha, sob a Supervis\u00e3o do Desembargador Fernando Zardini Antonio, Supervisor do Grupo de Monitoramento e Fiscaliza\u00e7\u00e3o do Sistema Carcer\u00e1rio do Esp\u00edrito Santo \u2013 GMF\/SC.<\/span><\/p>\n<p align=\"justify\"><span lang=\"pt-BR\">Art. 7\u00ba. Este Ato Normativo Conjunto entra em vigor na data de sua publica\u00e7\u00e3o, revogando-se as disposi\u00e7\u00f5es em contr\u00e1rio.<\/span><\/p>\n<p>&nbsp;<\/p>\n<p>&nbsp;<\/p>\n<p><span lang=\"pt-BR\">Publique-se.<\/span><\/p>\n<p>&nbsp;<\/p>\n<p>&nbsp;<\/p>\n<p><span lang=\"pt-BR\">Vit\u00f3ria\/ES, 05 de agosto de 2019.<\/span><\/p>\n<p>&nbsp;<\/p>\n<p>&nbsp;<\/p>\n<p style=\"text-align: center;\"><span lang=\"pt-BR\">Des. S\u00c9RGIO LUIZ TEIXEIRA GAMA<\/span><\/p>\n<p align=\"center\"><span lang=\"pt-BR\">Presidente<\/span><\/p>\n<p align=\"center\"><span lang=\"pt-BR\">Des. FERNANDO ZARDINI ANTONIO<\/span><\/p>\n<p align=\"center\"><span lang=\"pt-BR\">Supervisor das Varas Criminais, de Execu\u00e7\u00f5es Penais e de Viol\u00eancia Dom\u00e9stica<\/span><\/p>\n","protected":false},"excerpt":{"rendered":"<p>ESTADO DO ESP\u00cdRITO SANTO PODER JUDICI\u00c1RIO TRIBUNAL DE JUSTI\u00c7A GABINETE DA PRESID\u00caNCIA &nbsp; ATO NORMATIVO CONJUNTO N\u00ba 017\/2019 Institui Regime Especial de atua\u00e7\u00e3o nas Varas de Execu\u00e7\u00e3o Penal do Estado do Esp\u00edrito Santo e define a sua abrang\u00eancia. O Excelent\u00edssimo Senhor Desembargador\u00a0S\u00c9RGIO LUIZ TEIXEIRA GAMA,\u00a0Presidente do Egr\u00e9gio Tribunal de Justi\u00e7a do Estado do Esp\u00edrito Santo, [&hellip;]<\/p>\n","protected":false},"author":8,"featured_media":0,"comment_status":"closed","ping_status":"closed","sticky":false,"template":"","format":"standard","meta":{"footnotes":""},"categories":[4,14],"tags":[],"_links":{"self":[{"href":"https:\/\/www.tjes.jus.br\/corregedoria\/wp-json\/wp\/v2\/posts\/27658"}],"collection":[{"href":"https:\/\/www.tjes.jus.br\/corregedoria\/wp-json\/wp\/v2\/posts"}],"about":[{"href":"https:\/\/www.tjes.jus.br\/corregedoria\/wp-json\/wp\/v2\/types\/post"}],"author":[{"embeddable":true,"href":"https:\/\/www.tjes.jus.br\/corregedoria\/wp-json\/wp\/v2\/users\/8"}],"replies":[{"embeddable":true,"href":"https:\/\/www.tjes.jus.br\/corregedoria\/wp-json\/wp\/v2\/comments?post=27658"}],"version-history":[{"count":2,"href":"https:\/\/www.tjes.jus.br\/corregedoria\/wp-json\/wp\/v2\/posts\/27658\/revisions"}],"predecessor-version":[{"id":27661,"href":"https:\/\/www.tjes.jus.br\/corregedoria\/wp-json\/wp\/v2\/posts\/27658\/revisions\/27661"}],"wp:attachment":[{"href":"https:\/\/www.tjes.jus.br\/corregedoria\/wp-json\/wp\/v2\/media?parent=27658"}],"wp:term":[{"taxonomy":"category","embeddable":true,"href":"https:\/\/www.tjes.jus.br\/corregedoria\/wp-json\/wp\/v2\/categories?post=27658"},{"taxonomy":"post_tag","embeddable":true,"href":"https:\/\/www.tjes.jus.br\/corregedoria\/wp-json\/wp\/v2\/tags?post=27658"}],"curies":[{"name":"wp","href":"https:\/\/api.w.org\/{rel}","templated":true}]}}