{"id":27676,"date":"2019-08-09T13:32:51","date_gmt":"2019-08-09T16:32:51","guid":{"rendered":"https:\/\/www.tjes.jus.br\/corregedoria\/?p=27676"},"modified":"2019-08-09T13:32:51","modified_gmt":"2019-08-09T16:32:51","slug":"ato-normativo-no-109-2019-disp-09-08-2019","status":"publish","type":"post","link":"https:\/\/www.tjes.jus.br\/corregedoria\/2019\/08\/09\/ato-normativo-no-109-2019-disp-09-08-2019\/","title":{"rendered":"ATO NORMATIVO N\u00ba 109\/ 2019 &#8211; DISP. 09\/08\/2019"},"content":{"rendered":"<p align=\"center\"><strong>ESTADO DO ESP\u00cdRITO SANTO<\/strong><\/p>\n<p align=\"center\"><strong>PODER JUDICI\u00c1RIO<\/strong><\/p>\n<p align=\"center\"><strong>TRIBUNAL DE JUSTI\u00c7A<\/strong><\/p>\n<p align=\"center\"><strong><i>GABINETE DA PRESID\u00caNCIA<\/i><\/strong><\/p>\n<p align=\"center\">\n<p align=\"center\"><strong>ATO NORMATIVO n\u00ba 109\/2019<\/strong><\/p>\n<p align=\"center\">\n<p align=\"justify\">O Excelent\u00edssimo Senhor Desembargador S\u00e9rgio Luiz Teixeira Gama, Presidente do Egr\u00e9gio Tribunal de Justi\u00e7a do Estado do Esp\u00edrito Santo, no uso de suas atribui\u00e7\u00f5es legais,<\/p>\n<p align=\"justify\">\n<p align=\"justify\">CONSIDERANDO o teor do expediente protocolado neste Egr\u00e9gio Tribunal de Justi\u00e7a sob o n\u00famero 7004181-62.2019.8.08.0000, encaminhado pelo Exmo. Sr. Dr. Murilo Ribeiro Ferreira, Juiz de Direito Diretor do Foro de Cachoeiro de Itapemirim, por meio do qual informa a interrup\u00e7\u00e3o do servi\u00e7o de energia el\u00e9trica no dia 05 de Agosto de 2019 naquela Comarca, o que inviabilizou o regular desempenho das atividades forenses;<\/p>\n<p align=\"justify\">\n<p align=\"justify\">RESOLVE:<\/p>\n<p align=\"justify\">\n<p lang=\"en-US\" align=\"justify\">CONSIDERAR SUSPENSOS os<span lang=\"pt-BR\">\u00a0prazos processuais na Comarca de Cachoeiro de Itapemirim no dia 05 de Agosto de 2019, sem preju\u00edzo dos atos que puderam ser praticados.<\/span><\/p>\n<p lang=\"en-US\" align=\"justify\">\n<p align=\"justify\">Publique-se.<\/p>\n<p align=\"justify\">\n<p align=\"center\">Vit\u00f3ria, 08 de Agosto de 2019.<\/p>\n<p align=\"center\">\n<p lang=\"pt-BR\" align=\"center\">Desembargador S\u00c9RGIO LUIZ TEIXEIRA GAMA<\/p>\n<p lang=\"pt-BR\" align=\"center\">Presidente<\/p>\n","protected":false},"excerpt":{"rendered":"<p>ESTADO DO ESP\u00cdRITO SANTO PODER JUDICI\u00c1RIO TRIBUNAL DE JUSTI\u00c7A GABINETE DA PRESID\u00caNCIA ATO NORMATIVO n\u00ba 109\/2019 O Excelent\u00edssimo Senhor Desembargador S\u00e9rgio Luiz Teixeira Gama, Presidente do Egr\u00e9gio Tribunal de Justi\u00e7a do Estado do Esp\u00edrito Santo, no uso de suas atribui\u00e7\u00f5es legais, CONSIDERANDO o teor do expediente protocolado neste Egr\u00e9gio Tribunal de Justi\u00e7a sob o n\u00famero [&hellip;]<\/p>\n","protected":false},"author":1,"featured_media":0,"comment_status":"closed","ping_status":"closed","sticky":false,"template":"","format":"standard","meta":{"footnotes":""},"categories":[4,14],"tags":[],"_links":{"self":[{"href":"https:\/\/www.tjes.jus.br\/corregedoria\/wp-json\/wp\/v2\/posts\/27676"}],"collection":[{"href":"https:\/\/www.tjes.jus.br\/corregedoria\/wp-json\/wp\/v2\/posts"}],"about":[{"href":"https:\/\/www.tjes.jus.br\/corregedoria\/wp-json\/wp\/v2\/types\/post"}],"author":[{"embeddable":true,"href":"https:\/\/www.tjes.jus.br\/corregedoria\/wp-json\/wp\/v2\/users\/1"}],"replies":[{"embeddable":true,"href":"https:\/\/www.tjes.jus.br\/corregedoria\/wp-json\/wp\/v2\/comments?post=27676"}],"version-history":[{"count":1,"href":"https:\/\/www.tjes.jus.br\/corregedoria\/wp-json\/wp\/v2\/posts\/27676\/revisions"}],"predecessor-version":[{"id":27678,"href":"https:\/\/www.tjes.jus.br\/corregedoria\/wp-json\/wp\/v2\/posts\/27676\/revisions\/27678"}],"wp:attachment":[{"href":"https:\/\/www.tjes.jus.br\/corregedoria\/wp-json\/wp\/v2\/media?parent=27676"}],"wp:term":[{"taxonomy":"category","embeddable":true,"href":"https:\/\/www.tjes.jus.br\/corregedoria\/wp-json\/wp\/v2\/categories?post=27676"},{"taxonomy":"post_tag","embeddable":true,"href":"https:\/\/www.tjes.jus.br\/corregedoria\/wp-json\/wp\/v2\/tags?post=27676"}],"curies":[{"name":"wp","href":"https:\/\/api.w.org\/{rel}","templated":true}]}}