{"id":27677,"date":"2019-08-09T13:34:33","date_gmt":"2019-08-09T16:34:33","guid":{"rendered":"https:\/\/www.tjes.jus.br\/corregedoria\/?p=27677"},"modified":"2019-08-09T13:34:33","modified_gmt":"2019-08-09T16:34:33","slug":"ato-normativo-no-110-2019-disp-09-08-2019","status":"publish","type":"post","link":"https:\/\/www.tjes.jus.br\/corregedoria\/2019\/08\/09\/ato-normativo-no-110-2019-disp-09-08-2019\/","title":{"rendered":"ATO NORMATIVO N\u00ba 110\/ 2019 &#8211; DISP. 09\/08\/2019"},"content":{"rendered":"<p align=\"center\"><strong>ESTADO DO ESP\u00cdRITO SANTO<\/strong><\/p>\n<p align=\"center\"><strong>PODER JUDICI\u00c1RIO<\/strong><\/p>\n<p align=\"center\"><strong>TRIBUNAL DE JUSTI\u00c7A<\/strong><\/p>\n<p align=\"center\"><strong>GABINETE DA PRESID\u00caNCIA<\/strong><\/p>\n<p align=\"center\">\n<p align=\"center\"><strong>ATO NORMATIVO N\u00ba 110 \/2019<\/strong><\/p>\n<p align=\"justify\">O Excelent\u00edssimo Senhor Desembargador SERGIO LUIZ TEIXEIRA GAMA, Presidente do Egr\u00e9gio Tribunal de Justi\u00e7a do Estado do Esp\u00edrito Santo, no uso de suas atribui\u00e7\u00f5es legais e,<\/p>\n<p align=\"justify\">\n<p align=\"justify\">CONSIDERANDO o disposto no artigo 58, da Resolu\u00e7\u00e3o n\u00ba. 15\/1995 (Regimento Interno do Tribunal de Justi\u00e7a do Esp\u00edrito Santo), que atribui ao Presidente do Egr\u00e9gio Tribunal de Justi\u00e7a do Estado do Esp\u00edrito Santo compet\u00eancia geral para exercer a superintend\u00eancia de todo o servi\u00e7o judici\u00e1rio, na qualidade de Chefe do Poder Judici\u00e1rio Estadual;<\/p>\n<p align=\"justify\">\n<p align=\"justify\">CONSIDERANDO a vig\u00eancia do Novo C\u00f3digo de Processo Civil (Lei 13.105\/2015), da Lei da Media\u00e7\u00e3o (Lei 13.140\/2015) e da Resolu\u00e7\u00e3o 125\/2010, do Conselho Nacional de Justi\u00e7a-CNJ, que instituiu a Pol\u00edtica de Tratamento adequado de Resolu\u00e7\u00e3o de Conflitos;<\/p>\n<p>&nbsp;<\/p>\n<p><strong>RESOLVE:<\/strong><\/p>\n<p>&nbsp;<\/p>\n<p align=\"justify\">Art. 1\u00ba &#8211;\u00a0Instituir e convocar Equipe de Trabalho para a realiza\u00e7\u00e3o de\u00a0Pauta\u00a0Concentrada que ser\u00e1 realizada no\u00a02\u00ba Centro Judici\u00e1rio de Solu\u00e7\u00e3o de Conflitos e Cidadania \u2013\u00a0Colatina, \u00e0 pedido da Subse\u00e7\u00e3o da OAB de Colatina, no per\u00edodo de\u00a012\/08\u00a0a\u00a016\/08\/19, no hor\u00e1rio das 8h \u00e0s 18h.<\/p>\n<p align=\"justify\">\n<table cellspacing=\"0\" cellpadding=\"2\">\n<colgroup>\n<col width=\"308\" \/>\n<col width=\"258\" \/><\/colgroup>\n<tbody>\n<tr>\n<td width=\"308\" height=\"13\">GRASIELI A.R.T. POLESI<\/td>\n<td width=\"258\">CHEFE DO SETOR DE CONCILIA\u00c7\u00c3O\u00a0&#8211; MEDIADORA\u00a0JUDICIAL<\/td>\n<\/tr>\n<\/tbody>\n<\/table>\n<table cellspacing=\"0\" cellpadding=\"2\">\n<colgroup>\n<col width=\"308\" \/>\n<col width=\"258\" \/><\/colgroup>\n<tbody>\n<tr>\n<td width=\"308\" height=\"13\">P\u00c2MELA DINIZ MARTINS<\/td>\n<td width=\"258\">CHEFE DE SETOR DE CONCILIA\u00c7\u00c3O\u00a0&#8211; MEDIADORA\u00a0JUDICIAL<\/td>\n<\/tr>\n<\/tbody>\n<\/table>\n<p align=\"justify\">\n<p align=\"justify\"><span lang=\"pt-BR\">Ar<\/span><span lang=\"pt-BR\">t. 2\u00ba &#8211; O Grupo de Trabalho promover\u00e1 os atos executivos necess\u00e1rios \u00e0 realiza\u00e7\u00e3o das Sess\u00f5es de Media\u00e7\u00e3o\/<\/span><span lang=\"pt-BR\">concilia\u00e7\u00e3o\u00a0<\/span><span lang=\"pt-BR\">mediante libera\u00e7\u00e3o da chefia imediata,<\/span><span lang=\"pt-BR\">\u00a0devendo cumprir o C\u00f3digo de \u00c9tica dos\u00a0<\/span><span lang=\"pt-BR\">Conciliadores e\u00a0<\/span><span lang=\"pt-BR\">Mediadores Judiciais, estabelecido pela resolu\u00e7\u00e3o 125\/2010, do Conselho Nacional de Justi\u00e7a.<\/span><\/p>\n<p align=\"justify\">\n<p align=\"justify\">Art. 3\u00ba &#8211; O N\u00facleo Permanente de M\u00e9todos Consensuais de Solu\u00e7\u00e3o de Conflitos encaminhar\u00e1 \u00e0 Secretaria de Gest\u00e3o de Pessoas, no prazo de 10 (dez) dias ap\u00f3s a realiza\u00e7\u00e3o do evento, informa\u00e7\u00f5es com rela\u00e7\u00e3o \u00e0s horas trabalhadas, al\u00e9m do expediente normal, para anota\u00e7\u00e3o em ficha funcional, para fins de compensa\u00e7\u00e3o e gozo oportuno, mediante autoriza\u00e7\u00e3o da chefia imediata e sem preju\u00edzo do servi\u00e7o.<\/p>\n<p align=\"justify\">\n<p align=\"justify\">Art. 4\u00ba &#8211; Os servidores efetivos constantes desta Equipe de Trabalho ter\u00e3o reconhecido, para fins de promo\u00e7\u00e3o na carreira, a pontua\u00e7\u00e3o equivalente \u00e0 participa\u00e7\u00e3o em Equipe Especial de Trabalho, conforme disposto no Ato Normativo 2773\/2012.<\/p>\n<p align=\"justify\">\n<p align=\"justify\">Art. 5\u00ba &#8211; Este Ato Normativo entra em vigor na data de sua publica\u00e7\u00e3o.<\/p>\n<p align=\"justify\">\n<p align=\"justify\">Publique-se.<\/p>\n<p align=\"justify\">\n<p align=\"justify\">Vit\u00f3ria, 06 de agosto de 2019.<\/p>\n<p align=\"justify\">\n<p style=\"text-align: center;\" align=\"justify\">\n<p style=\"text-align: center;\" align=\"justify\">Des. S\u00c9RGIO LUIZ TEIXEIRA GAMA<\/p>\n<p align=\"center\">PRESIDENTE DO TRIBUNAL DE JUSTI\u00c7A DO ESTADO DO ESP\u00cdRITO SANTO<\/p>\n","protected":false},"excerpt":{"rendered":"<p>ESTADO DO ESP\u00cdRITO SANTO PODER JUDICI\u00c1RIO TRIBUNAL DE JUSTI\u00c7A GABINETE DA PRESID\u00caNCIA ATO NORMATIVO N\u00ba 110 \/2019 O Excelent\u00edssimo Senhor Desembargador SERGIO LUIZ TEIXEIRA GAMA, Presidente do Egr\u00e9gio Tribunal de Justi\u00e7a do Estado do Esp\u00edrito Santo, no uso de suas atribui\u00e7\u00f5es legais e, CONSIDERANDO o disposto no artigo 58, da Resolu\u00e7\u00e3o n\u00ba. 15\/1995 (Regimento Interno [&hellip;]<\/p>\n","protected":false},"author":1,"featured_media":0,"comment_status":"closed","ping_status":"closed","sticky":false,"template":"","format":"standard","meta":{"footnotes":""},"categories":[4,14],"tags":[],"_links":{"self":[{"href":"https:\/\/www.tjes.jus.br\/corregedoria\/wp-json\/wp\/v2\/posts\/27677"}],"collection":[{"href":"https:\/\/www.tjes.jus.br\/corregedoria\/wp-json\/wp\/v2\/posts"}],"about":[{"href":"https:\/\/www.tjes.jus.br\/corregedoria\/wp-json\/wp\/v2\/types\/post"}],"author":[{"embeddable":true,"href":"https:\/\/www.tjes.jus.br\/corregedoria\/wp-json\/wp\/v2\/users\/1"}],"replies":[{"embeddable":true,"href":"https:\/\/www.tjes.jus.br\/corregedoria\/wp-json\/wp\/v2\/comments?post=27677"}],"version-history":[{"count":1,"href":"https:\/\/www.tjes.jus.br\/corregedoria\/wp-json\/wp\/v2\/posts\/27677\/revisions"}],"predecessor-version":[{"id":27679,"href":"https:\/\/www.tjes.jus.br\/corregedoria\/wp-json\/wp\/v2\/posts\/27677\/revisions\/27679"}],"wp:attachment":[{"href":"https:\/\/www.tjes.jus.br\/corregedoria\/wp-json\/wp\/v2\/media?parent=27677"}],"wp:term":[{"taxonomy":"category","embeddable":true,"href":"https:\/\/www.tjes.jus.br\/corregedoria\/wp-json\/wp\/v2\/categories?post=27677"},{"taxonomy":"post_tag","embeddable":true,"href":"https:\/\/www.tjes.jus.br\/corregedoria\/wp-json\/wp\/v2\/tags?post=27677"}],"curies":[{"name":"wp","href":"https:\/\/api.w.org\/{rel}","templated":true}]}}