{"id":27689,"date":"2019-08-12T14:42:44","date_gmt":"2019-08-12T17:42:44","guid":{"rendered":"https:\/\/www.tjes.jus.br\/corregedoria\/?p=27689"},"modified":"2019-08-12T14:42:44","modified_gmt":"2019-08-12T17:42:44","slug":"ato-normativo-no-111-2019-disp-12-08-2019","status":"publish","type":"post","link":"https:\/\/www.tjes.jus.br\/corregedoria\/2019\/08\/12\/ato-normativo-no-111-2019-disp-12-08-2019\/","title":{"rendered":"ATO NORMATIVO N\u00ba 111\/ 2019 &#8211; DISP. 12\/08\/2019"},"content":{"rendered":"<p style=\"text-align: center;\"><strong>ESTADO DO ESP\u00cdRITO SANTO<\/strong><\/p>\n<p style=\"text-align: center;\"><strong>PODER JUDICI\u00c1RIO<\/strong><\/p>\n<p style=\"text-align: center;\"><strong>\u00a0TRIBUNAL DE JUSTI\u00c7A<\/strong><\/p>\n<p style=\"text-align: center;\"><strong>\u00a0GABINETE DA PRESID\u00caNCIA<\/strong><\/p>\n<p style=\"text-align: center;\">\n<p style=\"text-align: center;\"><strong>ATO NORMATIVO N\u00ba 111\/2019<\/strong><\/p>\n<dl>\n<dd><\/dd>\n<\/dl>\n<p align=\"justify\">\n<p align=\"justify\">O Excelent\u00edssimo Senhor Desembargador S\u00c9RGIO LUIZ TEIXEIRA GAMA, Presidente do Egr\u00e9gio Tribunal de Justi\u00e7a do Estado do Esp\u00edrito Santo, no uso de suas atribui\u00e7\u00f5es legais e,<\/p>\n<p>&nbsp;<\/p>\n<p align=\"justify\">CONSIDERANDO o disposto no artigo 58, da Resolu\u00e7\u00e3o n\u00ba. 15\/1995 (Regimento Interno do Tribunal de Justi\u00e7a do Esp\u00edrito Santo), que atribui ao Presidente do Egr\u00e9gio Tribunal de Justi\u00e7a do Estado do Esp\u00edrito Santo compet\u00eancia geral para exercer a superintend\u00eancia de todo o servi\u00e7o judici\u00e1rio, na qualidade de Chefe do Poder Judici\u00e1rio Estadual;<\/p>\n<p>&nbsp;<\/p>\n<p align=\"justify\">CONSIDERANDO a vig\u00eancia do Novo C\u00f3digo de Processo Civil (Lei 13.105\/2015), da Lei da Media\u00e7\u00e3o (Lei 13.140\/2015) e da Resolu\u00e7\u00e3o 125\/2010, do Conselho Nacional de Justi\u00e7a-CNJ, que instituiu a Pol\u00edtica de Tratamento adequado de Resolu\u00e7\u00e3o de Conflitos;<\/p>\n<p>&nbsp;<\/p>\n<p><strong>RESOLVE:<\/strong><\/p>\n<p>&nbsp;<\/p>\n<p align=\"justify\">Art. 1\u00ba &#8211; Instituir e convocar a Equipe de Trabalho para a realiza\u00e7\u00e3o de Pauta Concentrada de Media\u00e7\u00e3o Judicial, atendendo a parte pr\u00e1tica dos alunos da EMES e demais cursos, contendo 56 (cinquenta e seis) processos nas \u00e1reas c\u00edveis e de fam\u00edlia, da unidade judici\u00e1ria da Comarca de Cariacica, que ser\u00e1 realizada no 7\u00b0 Centro Judici\u00e1rio de Solu\u00e7\u00e3o de Conflitos e Cidadania &#8211; CEJUSC, nos dias 12\/08\/2019 a 15\/08 e 27\/08 a 29\/08, no hor\u00e1rio das 8h \u00e0s 19h, conforme abaixo:<\/p>\n<p>&nbsp;<\/p>\n<dl>\n<dd>\n<table cellspacing=\"0\" cellpadding=\"0\">\n<colgroup>\n<col width=\"306\" \/>\n<col width=\"271\" \/><\/colgroup>\n<tbody>\n<tr valign=\"top\">\n<td width=\"306\" height=\"21\">&nbsp;<\/td>\n<td width=\"271\">INSTRUTORA DE MEDIA\u00c7\u00c3O JUDICIAL EM<\/td>\n<\/tr>\n<tr valign=\"top\">\n<td rowspan=\"2\" width=\"306\" height=\"19\">MARCIA CRISTINA DE GODOYS MONTEIRO<\/td>\n<td width=\"271\">FORMA\u00c7\u00c3O &#8211; CHEFE DO SETOR DE<\/td>\n<\/tr>\n<tr valign=\"top\">\n<td rowspan=\"2\" width=\"271\">CONCILIA\u00c7\u00c3O DO 1\u00b0 JUIZADO ESPECIAL<\/td>\n<\/tr>\n<tr valign=\"top\">\n<td width=\"306\" height=\"10\">&nbsp;<\/td>\n<\/tr>\n<tr valign=\"top\">\n<td width=\"306\" height=\"19\">&nbsp;<\/td>\n<td width=\"271\">C\u00cdVEL DE CARIACICA<\/td>\n<\/tr>\n<\/tbody>\n<tbody>\n<tr valign=\"top\">\n<td width=\"306\" height=\"21\">JAKLANE DE SOUZA ALMEIDA<\/td>\n<td width=\"271\">INSTRUTORA DE MEDIA\u00c7\u00c3O JUDICIAL EM<\/td>\n<\/tr>\n<tr valign=\"top\">\n<td width=\"306\" height=\"19\">&nbsp;<\/td>\n<td width=\"271\">FORMA\u00c7\u00c3O \u2013 ANALISTA JUDICI\u00c1RIO 02<\/td>\n<\/tr>\n<\/tbody>\n<\/table>\n<\/dd>\n<\/dl>\n<p>&nbsp;<\/p>\n<p align=\"justify\">Art. 2\u00ba &#8211; O Grupo de Trabalho promover\u00e1 os atos executivos necess\u00e1rios \u00e0 realiza\u00e7\u00e3o das Sess\u00f5es de Media\u00e7\u00e3o, devendo cumprir o C\u00f3digo de \u00c9tica dos Mediadores Judiciais, estabelecido pela resolu\u00e7\u00e3o 125\/2010, do Conselho Nacional de Justi\u00e7a, ficando respons\u00e1veis pela supervis\u00e3o das media\u00e7\u00f5es realizadas pelos mediadores em forma\u00e7\u00e3o, em pr\u00e1tica do Curso de Media\u00e7\u00e3o Judicial.<\/p>\n<p>&nbsp;<\/p>\n<p>Art. 3\u00ba &#8211; O N\u00facleo Permanente de M\u00e9todos Consensuais de Solu\u00e7\u00e3o de Conflitos encaminhar\u00e1 \u00e0\u00a0Secretaria de Gest\u00e3o de Pessoas, no prazo de 10 (dez) dias ap\u00f3s a realiza\u00e7\u00e3o do evento, informa\u00e7\u00f5es com rela\u00e7\u00e3o \u00e0s horas trabalhadas, al\u00e9m do expediente normal, para anota\u00e7\u00e3o em\u00a0ficha funcional, para fins de compensa\u00e7\u00e3o.<\/p>\n<p>&nbsp;<\/p>\n<p align=\"justify\">Art. 4\u00ba &#8211; Os servidores efetivos constantes desta Equipe de Trabalho ter\u00e3o reconhecido, para fins de promo\u00e7\u00e3o na carreira, a pontua\u00e7\u00e3o equivalente \u00e0 participa\u00e7\u00e3o em Equipe Especial de Trabalho, conforme disposto no Ato Normativo 2773\/2012.<\/p>\n<p>&nbsp;<\/p>\n<p>Art. 5\u00ba &#8211; Este Ato Normativo entra em vigor na data de sua publica\u00e7\u00e3o.<\/p>\n<p>&nbsp;<\/p>\n<p>Publique-se.<\/p>\n<p>&nbsp;<\/p>\n<p>Vit\u00f3ria, 06 de agosto de 2019.<\/p>\n<p>&nbsp;<\/p>\n<p style=\"text-align: center;\">Des. S\u00c9RGIO LUIZ TEIXEIRA GAMA<\/p>\n<p style=\"text-align: center;\">PRESIDENTE<\/p>\n","protected":false},"excerpt":{"rendered":"<p>ESTADO DO ESP\u00cdRITO SANTO PODER JUDICI\u00c1RIO \u00a0TRIBUNAL DE JUSTI\u00c7A \u00a0GABINETE DA PRESID\u00caNCIA ATO NORMATIVO N\u00ba 111\/2019 O Excelent\u00edssimo Senhor Desembargador S\u00c9RGIO LUIZ TEIXEIRA GAMA, Presidente do Egr\u00e9gio Tribunal de Justi\u00e7a do Estado do Esp\u00edrito Santo, no uso de suas atribui\u00e7\u00f5es legais e, &nbsp; CONSIDERANDO o disposto no artigo 58, da Resolu\u00e7\u00e3o n\u00ba. 15\/1995 (Regimento Interno [&hellip;]<\/p>\n","protected":false},"author":1,"featured_media":0,"comment_status":"closed","ping_status":"closed","sticky":false,"template":"","format":"standard","meta":{"footnotes":""},"categories":[4,14],"tags":[],"_links":{"self":[{"href":"https:\/\/www.tjes.jus.br\/corregedoria\/wp-json\/wp\/v2\/posts\/27689"}],"collection":[{"href":"https:\/\/www.tjes.jus.br\/corregedoria\/wp-json\/wp\/v2\/posts"}],"about":[{"href":"https:\/\/www.tjes.jus.br\/corregedoria\/wp-json\/wp\/v2\/types\/post"}],"author":[{"embeddable":true,"href":"https:\/\/www.tjes.jus.br\/corregedoria\/wp-json\/wp\/v2\/users\/1"}],"replies":[{"embeddable":true,"href":"https:\/\/www.tjes.jus.br\/corregedoria\/wp-json\/wp\/v2\/comments?post=27689"}],"version-history":[{"count":1,"href":"https:\/\/www.tjes.jus.br\/corregedoria\/wp-json\/wp\/v2\/posts\/27689\/revisions"}],"predecessor-version":[{"id":27690,"href":"https:\/\/www.tjes.jus.br\/corregedoria\/wp-json\/wp\/v2\/posts\/27689\/revisions\/27690"}],"wp:attachment":[{"href":"https:\/\/www.tjes.jus.br\/corregedoria\/wp-json\/wp\/v2\/media?parent=27689"}],"wp:term":[{"taxonomy":"category","embeddable":true,"href":"https:\/\/www.tjes.jus.br\/corregedoria\/wp-json\/wp\/v2\/categories?post=27689"},{"taxonomy":"post_tag","embeddable":true,"href":"https:\/\/www.tjes.jus.br\/corregedoria\/wp-json\/wp\/v2\/tags?post=27689"}],"curies":[{"name":"wp","href":"https:\/\/api.w.org\/{rel}","templated":true}]}}