{"id":27717,"date":"2019-08-14T18:08:25","date_gmt":"2019-08-14T21:08:25","guid":{"rendered":"https:\/\/www.tjes.jus.br\/corregedoria\/?p=27717"},"modified":"2019-08-14T18:08:25","modified_gmt":"2019-08-14T21:08:25","slug":"portaria-no-24-2019-disp-14-08-2019","status":"publish","type":"post","link":"https:\/\/www.tjes.jus.br\/corregedoria\/2019\/08\/14\/portaria-no-24-2019-disp-14-08-2019\/","title":{"rendered":"PORTARIA N\u00ba 24\/2019 \u2013 DISP. 14\/08\/\/2019"},"content":{"rendered":"<p style=\"text-align: center;\"><strong>PODER JUDICI\u00c1RIO DO ESTADO DO ESP\u00cdRITO SANTO &#8211; PJES<\/strong><\/p>\n<p style=\"text-align: center;\"><strong>CORREGEDORIA GERAL DA\u00a0JUSTI\u00c7A<\/strong><\/p>\n<p style=\"text-align: center;\">\n<p style=\"text-align: center;\"><strong>PORTARIA N\u00ba 24\/2019<\/strong><\/p>\n<p style=\"text-align: justify;\">\n<p style=\"text-align: justify;\">O Desembargador SAMUEL MEIRA BRASIL J\u00daNIOR, Corregedor-Geral da Justi\u00e7a do Estado do Esp\u00edrito Santo, no uso de suas atribui\u00e7\u00f5es legais,<\/p>\n<p style=\"text-align: justify;\">\n<p style=\"text-align: justify;\">Em atendimento ao art. 60, inciso V, e art. 61, par\u00e1grafos 1\u00ba e 2\u00ba, da Resolu\u00e7\u00e3o N\u00ba 15\/95, DETERMINOU que se instaure\u00a0<strong>CORREI\u00c7\u00c3O GERAL ORDIN\u00c1RIA NA 1\u00aa VARA CRIMINAL, 1\u00aa VARA DE FAM\u00cdLIA, \u00d3RF\u00c3OS E SUCESS\u00d5ES E VARA DA FAZENDA P\u00daBLICA ESTADUAL, REGISTROS P\u00daBLICOS E MEIO AMBIENTE, AMBAS\u00a0DA\u00a0COMARCA DE COLATINA.<\/strong><\/p>\n<p style=\"text-align: justify;\">\n<p style=\"text-align: justify;\">A sess\u00e3o de instala\u00e7\u00e3o foi designada para o dia 23 (vinte e tr\u00eas) de setembro de 2019, \u00e0s 13:00 horas, na Sala do Tribunal do J\u00fari da aludida Comarca.<\/p>\n<p style=\"text-align: justify;\">\n<p style=\"text-align: justify;\">Aos 31 dias do m\u00eas de julho do ano dois mil e dezenove\u00a0(2019).<\/p>\n<p style=\"text-align: justify;\">\n<p style=\"text-align: center;\">\u00a0<strong>SAMUEL MEIRA BRASIL JUNIOR<\/strong><\/p>\n<p style=\"text-align: center;\"><strong>CORREGEDOR<\/strong><\/p>\n","protected":false},"excerpt":{"rendered":"<p>PODER JUDICI\u00c1RIO DO ESTADO DO ESP\u00cdRITO SANTO &#8211; PJES CORREGEDORIA GERAL DA\u00a0JUSTI\u00c7A PORTARIA N\u00ba 24\/2019 O Desembargador SAMUEL MEIRA BRASIL J\u00daNIOR, Corregedor-Geral da Justi\u00e7a do Estado do Esp\u00edrito Santo, no uso de suas atribui\u00e7\u00f5es legais, Em atendimento ao art. 60, inciso V, e art. 61, par\u00e1grafos 1\u00ba e 2\u00ba, da Resolu\u00e7\u00e3o N\u00ba 15\/95, DETERMINOU que [&hellip;]<\/p>\n","protected":false},"author":8,"featured_media":0,"comment_status":"closed","ping_status":"closed","sticky":false,"template":"","format":"standard","meta":{"footnotes":""},"categories":[14,6],"tags":[],"_links":{"self":[{"href":"https:\/\/www.tjes.jus.br\/corregedoria\/wp-json\/wp\/v2\/posts\/27717"}],"collection":[{"href":"https:\/\/www.tjes.jus.br\/corregedoria\/wp-json\/wp\/v2\/posts"}],"about":[{"href":"https:\/\/www.tjes.jus.br\/corregedoria\/wp-json\/wp\/v2\/types\/post"}],"author":[{"embeddable":true,"href":"https:\/\/www.tjes.jus.br\/corregedoria\/wp-json\/wp\/v2\/users\/8"}],"replies":[{"embeddable":true,"href":"https:\/\/www.tjes.jus.br\/corregedoria\/wp-json\/wp\/v2\/comments?post=27717"}],"version-history":[{"count":1,"href":"https:\/\/www.tjes.jus.br\/corregedoria\/wp-json\/wp\/v2\/posts\/27717\/revisions"}],"predecessor-version":[{"id":27718,"href":"https:\/\/www.tjes.jus.br\/corregedoria\/wp-json\/wp\/v2\/posts\/27717\/revisions\/27718"}],"wp:attachment":[{"href":"https:\/\/www.tjes.jus.br\/corregedoria\/wp-json\/wp\/v2\/media?parent=27717"}],"wp:term":[{"taxonomy":"category","embeddable":true,"href":"https:\/\/www.tjes.jus.br\/corregedoria\/wp-json\/wp\/v2\/categories?post=27717"},{"taxonomy":"post_tag","embeddable":true,"href":"https:\/\/www.tjes.jus.br\/corregedoria\/wp-json\/wp\/v2\/tags?post=27717"}],"curies":[{"name":"wp","href":"https:\/\/api.w.org\/{rel}","templated":true}]}}