{"id":27775,"date":"2019-08-21T14:52:43","date_gmt":"2019-08-21T17:52:43","guid":{"rendered":"https:\/\/www.tjes.jus.br\/corregedoria\/?p=27775"},"modified":"2019-08-21T14:52:43","modified_gmt":"2019-08-21T17:52:43","slug":"ato-normativo-no-116-2019-disp-21-08-2019","status":"publish","type":"post","link":"https:\/\/www.tjes.jus.br\/corregedoria\/2019\/08\/21\/ato-normativo-no-116-2019-disp-21-08-2019\/","title":{"rendered":"ATO NORMATIVO N\u00ba 116\/ 2019 \u2013 DISP. 21\/08\/2019"},"content":{"rendered":"<p style=\"text-align: center;\">\n<p style=\"text-align: center;\"><strong>ESTADO DO ESP\u00cdRITO SANTO<\/strong><\/p>\n<p style=\"text-align: center;\"><strong>PODER JUDICI\u00c1RIO<\/strong><\/p>\n<p style=\"text-align: center;\"><strong>TRIBUNAL DE JUSTI\u00c7A<\/strong><\/p>\n<p style=\"text-align: center;\"><strong><i>GABINETE DA PRESID\u00caNCIA<\/i><\/strong><\/p>\n<p style=\"text-align: center;\">\n<p style=\"text-align: center;\"><strong>ATO NORMATIVO N\u00ba 116\/2019<\/strong><\/p>\n<p>&nbsp;<\/p>\n<p>O Exmo. Sr. Desembargador S\u00c9RGIO LUIZ TEIXEIRA GAMA, Presidente do Egr\u00e9gio Tribunal de Justi\u00e7a do Estado do Esp\u00edrito Santo, no uso de suas atribui\u00e7\u00f5es legais e regimentais:<\/p>\n<p>&nbsp;<\/p>\n<p><strong>CONSIDERANDO\u00a0<\/strong>a necessidade de manter atualizado o invent\u00e1rio de bens im\u00f3veis\u00a0em uso pelo Poder Judici\u00e1rio do Estado do Esp\u00edrito Santo, com respectiva documenta\u00e7\u00e3o da\u00a0carga patrimonial, conforme Resolu\u00e7\u00e3o n\u00ba 20\/2018 do Egr\u00e9gio Tribunal de Justi\u00e7a do Estado do Esp\u00edrito Santo,<\/p>\n<p>&nbsp;<\/p>\n<p><strong>CONSIDERANDO\u00a0<\/strong>que os Magistrados\u00a0Diretores\u00a0de\u00a0Foros s\u00e3o\u00a0respons\u00e1veis\u00a0pela\u00a0guarda dos im\u00f3veis em uso pelo Poder Judici\u00e1rio do Estado do Esp\u00edrito Santo nas Comarcas, preservando-os de forma a evitar invas\u00f5es e\/ou ocupa\u00e7\u00f5es indevidas, zelando ainda pela tempestiva manuten\u00e7\u00e3o e conserva\u00e7\u00e3o das edifica\u00e7\u00f5es e diligenciando para a quita\u00e7\u00e3o de taxas e tributos diversos,<\/p>\n<p>&nbsp;<\/p>\n<p><strong>CONSIDERANDO\u00a0<\/strong>que, atualmente, o termo de responsabilidade de\u00a0bem\u00a0im\u00f3vel\u00a0em uso pelo Poder Judici\u00e1rio do Estado do Esp\u00edrito Santo\u00a0\u00e9 impresso em papel para assinatura dos Magistrados\u00a0Diretores\u00a0de\u00a0Foros, registrando a\u00a0carga patrimonial dos\u00a0bens im\u00f3veis,<\/p>\n<p>&nbsp;<\/p>\n<p><strong>CONSIDERANDO\u00a0<\/strong>os fundamentos expostos no processo SEI de n\u00ba 7003940-25.2018.8.08.0000\u00a0e a necessidade de adotar\u00a0novas tecnologias para manter a acuidade dos registros patrimoniais e aumentar a efici\u00eancia das atividades executadas pelas unidades judici\u00e1rias,<\/p>\n<p>&nbsp;<\/p>\n<p><strong>CONSIDERANDO\u00a0<\/strong>a necessidade de implantar procedimentos que visem\u00a0a redu\u00e7\u00e3o\u00a0do consumo de papel e outros materiais no \u00e2mbito deste Poder Judici\u00e1rio, objetivando\u00a0menor\u00a0impacto ambiental e maior sustentabilidade,<\/p>\n<p>&nbsp;<\/p>\n<p><strong>CONSIDERANDO\u00a0<\/strong>que foi implantado o Sistema\u00a0e-GAP, incluindo\u00a0o m\u00f3dulo Im\u00f3veis do Patrim\u00f4nio,\u00a0na intranet deste Poder Judici\u00e1rio, dispon\u00edvel\u00a0para uso de todas as unidades judici\u00e1rias, possibilitando a assinatura eletr\u00f4nica do termo de responsabilidade de bem im\u00f3vel,<\/p>\n<p>&nbsp;<\/p>\n<p><strong>RESOLVE<\/strong>:<\/p>\n<p>&nbsp;<\/p>\n<p><strong>Art. 1\u00ba<\/strong>\u00a0\u2013 Os Magistrados\u00a0Diretores de Foros dever\u00e3o,\u00a0no prazo m\u00e1ximo de 30 dias corridos\u00a0a partir da\u00a0publica\u00e7\u00e3o deste Ato Normativo, assinar eletronicamente o termo de responsabilidade dos\u00a0bens\u00a0im\u00f3veis de\u00a0suas respectivas Comarcas, atrav\u00e9s do Sistema e-Gap, dispon\u00edvel na intranet deste Poder Judici\u00e1rio.<\/p>\n<p>&nbsp;<\/p>\n<p><strong>Par\u00e1grafo \u00danico<\/strong>\u00a0\u2013 Os Magistrados\u00a0que n\u00e3o possuem acesso ao Sistema e-Gap\u00a0dever\u00e3o enviar e-mail para &#8220;<a href=\"mailto:patrimonio@tjes.jus.br\">patrimonio@tjes.jus.br<\/a>&#8221; informando seus\u00a0dados para cadastro: nome completo, cargo, matr\u00edcula, cpf,\u00a0login\/usu\u00e1rio da intranet, e-mail funcional\u00a0e setor de lota\u00e7\u00e3o (Diretoria do Foro que representa).<\/p>\n<p>&nbsp;<\/p>\n<p><strong>Art. 2\u00ba<\/strong>\u00a0\u2013 No prazo de 30 dias corridos a partir da publica\u00e7\u00e3o de Ato designando novo(a) Magistrado(a) Diretor(a) do\u00a0Foro, dever\u00e1 o(a) Magistrado(a) designado(a) assinar eletronicamente o termo de responsabilidade dos\u00a0bens im\u00f3veis de sua Comarca, mantendo atualizada a carga patrimonial no Sistema e-Gap.<\/p>\n<p>&nbsp;<\/p>\n<p><strong>Art. 3\u00ba<\/strong>\u00a0\u2013 O termo de responsabilidade dos bens im\u00f3veis em uso pela Corregedoria Geral da Justi\u00e7a do Estado do Esp\u00edrito Santo dever\u00e1 ser assinado pelo(a) Desembargador(a) Corregedor(a),\u00a0e\u00a0o\u00a0termo de responsabilidade dos bens im\u00f3veis em uso pelo Tribunal de Justi\u00e7a do Estado do Esp\u00edrito Santo\u00a0dever\u00e1 ser assinado pelo(a) Secret\u00e1rio(a)\u00a0Geral, adotando-se os mesmos procedimentos e prazos descritos no Art. 1\u00ba e 2\u00ba deste Ato Normativo.<\/p>\n<p>&nbsp;<\/p>\n<p><strong>Art. 4\u00ba<\/strong>\u00a0\u2013 Este Ato Normativo entra em vigor na data de sua publica\u00e7\u00e3o.<\/p>\n<p>&nbsp;<\/p>\n<p><strong>PUBLIQUE\u2013SE.<\/strong><\/p>\n<p>&nbsp;<\/p>\n<p>Vit\u00f3ria(ES), 13 de agosto de 2019.<\/p>\n<p>&nbsp;<\/p>\n<p style=\"text-align: center;\"><strong>Des. S\u00c9RGIO LUIZ TEIXEIRA GAMA<\/strong><\/p>\n<p style=\"text-align: center;\"><strong><i>Presidente<\/i><\/strong><\/p>\n","protected":false},"excerpt":{"rendered":"<p>ESTADO DO ESP\u00cdRITO SANTO PODER JUDICI\u00c1RIO TRIBUNAL DE JUSTI\u00c7A GABINETE DA PRESID\u00caNCIA ATO NORMATIVO N\u00ba 116\/2019 &nbsp; O Exmo. Sr. Desembargador S\u00c9RGIO LUIZ TEIXEIRA GAMA, Presidente do Egr\u00e9gio Tribunal de Justi\u00e7a do Estado do Esp\u00edrito Santo, no uso de suas atribui\u00e7\u00f5es legais e regimentais: &nbsp; CONSIDERANDO\u00a0a necessidade de manter atualizado o invent\u00e1rio de bens im\u00f3veis\u00a0em [&hellip;]<\/p>\n","protected":false},"author":1,"featured_media":0,"comment_status":"closed","ping_status":"closed","sticky":false,"template":"","format":"standard","meta":{"footnotes":""},"categories":[4,14],"tags":[],"_links":{"self":[{"href":"https:\/\/www.tjes.jus.br\/corregedoria\/wp-json\/wp\/v2\/posts\/27775"}],"collection":[{"href":"https:\/\/www.tjes.jus.br\/corregedoria\/wp-json\/wp\/v2\/posts"}],"about":[{"href":"https:\/\/www.tjes.jus.br\/corregedoria\/wp-json\/wp\/v2\/types\/post"}],"author":[{"embeddable":true,"href":"https:\/\/www.tjes.jus.br\/corregedoria\/wp-json\/wp\/v2\/users\/1"}],"replies":[{"embeddable":true,"href":"https:\/\/www.tjes.jus.br\/corregedoria\/wp-json\/wp\/v2\/comments?post=27775"}],"version-history":[{"count":1,"href":"https:\/\/www.tjes.jus.br\/corregedoria\/wp-json\/wp\/v2\/posts\/27775\/revisions"}],"predecessor-version":[{"id":27776,"href":"https:\/\/www.tjes.jus.br\/corregedoria\/wp-json\/wp\/v2\/posts\/27775\/revisions\/27776"}],"wp:attachment":[{"href":"https:\/\/www.tjes.jus.br\/corregedoria\/wp-json\/wp\/v2\/media?parent=27775"}],"wp:term":[{"taxonomy":"category","embeddable":true,"href":"https:\/\/www.tjes.jus.br\/corregedoria\/wp-json\/wp\/v2\/categories?post=27775"},{"taxonomy":"post_tag","embeddable":true,"href":"https:\/\/www.tjes.jus.br\/corregedoria\/wp-json\/wp\/v2\/tags?post=27775"}],"curies":[{"name":"wp","href":"https:\/\/api.w.org\/{rel}","templated":true}]}}