{"id":27918,"date":"2019-10-04T16:50:28","date_gmt":"2019-10-04T19:50:28","guid":{"rendered":"https:\/\/www.tjes.jus.br\/corregedoria\/?p=27918"},"modified":"2019-10-04T16:50:28","modified_gmt":"2019-10-04T19:50:28","slug":"ato-normativo-conjunto-no-019-2019-disp-10-09-2019","status":"publish","type":"post","link":"https:\/\/www.tjes.jus.br\/corregedoria\/2019\/10\/04\/ato-normativo-conjunto-no-019-2019-disp-10-09-2019\/","title":{"rendered":"ATO NORMATIVO CONJUNTO N\u00ba 019\/2019 \u2013 DISP. 10\/09\/2019"},"content":{"rendered":"<p align=\"center\">ESTADO DO ESP\u00cdRITO SANTO<\/p>\n<p align=\"center\">PODER JUDICI\u00c1RIO<\/p>\n<p align=\"center\">GABINETE DA PRESID\u00caNCIA<\/p>\n<p align=\"center\">\n<p align=\"center\"><strong>ATO NORMATIVO CONJUNTO n\u00b0 019 \/2019<\/strong><\/p>\n<p align=\"justify\">\n<p align=\"justify\">Institui Grupo de Trabalho do M\u00eas Nacional do J\u00fari para planejar, organizar e executar as a\u00e7\u00f5es necess\u00e1rias ao \u00eaxito do programa \u201cM\u00eas Nacional do J\u00fari\u201d (Portaria n\u00ba 69\/2017, do CNJ).<\/p>\n<p align=\"justify\">\n<p align=\"justify\">Os Excelent\u00edssimos Senhores Desembargadores S\u00c9RGIO LUIZ TEIXEIRA GAMA, Presidente do Egr\u00e9gio Tribunal de Justi\u00e7a do Estado do Esp\u00edrito Santo, e FERNANDO ZARDINI ANTONIO, Supervisor das Varas Criminais, de Execu\u00e7\u00e3o Penal e de Viol\u00eancia Dom\u00e9stica, no uso de suas atribui\u00e7\u00f5es legais e regimentais, e<\/p>\n<p style=\"text-align: justify;\" align=\"justify\">\n<p style=\"text-align: justify;\" align=\"justify\">CONSIDERANDO o disposto no artigo 1\u00ba, inciso II da Portaria n\u00ba 69\/2017, do Colendo Conselho Nacional de Justi\u00e7a, que institui o M\u00eas Nacional do J\u00fari como esfor\u00e7o concentrado de julgamento dos crimes dolosos contra a vida;<\/p>\n<p style=\"text-align: justify;\" align=\"justify\">\n<p style=\"text-align: justify;\" align=\"justify\">CONSIDERANDO a necessidade de fomentar a pol\u00edtica de capacita\u00e7\u00e3o permanente de magistrados e servidores, destinada \u00e0 realiza\u00e7\u00e3o de esfor\u00e7os voltada ao aprimoramento da presta\u00e7\u00e3o jurisdicional, com a finalidade de alcan\u00e7ar maior celeridade e efetividade na solu\u00e7\u00e3o dos processos;<\/p>\n<p style=\"text-align: justify;\" align=\"justify\">\n<p style=\"text-align: justify;\" align=\"justify\">CONSIDERANDO o disposto no artigo 58, da Resolu\u00e7\u00e3o 15\/95 \u2013 Regimento Interno do Tribunal de Justi\u00e7a do Estado do Esp\u00edrito Santo \u2013 que atribui ao Presidente compet\u00eancia geral para exercer a superintend\u00eancia de todo o servi\u00e7o judici\u00e1rio, na qualidade de Chefe da Magistratura do Estado;<\/p>\n<p style=\"text-align: justify;\" align=\"justify\">\n<p style=\"text-align: justify;\" align=\"justify\">RESOLVEM:<\/p>\n<p style=\"text-align: justify;\" align=\"justify\">\n<p style=\"text-align: justify;\" align=\"justify\">Art. 1\u00ba \u2013 Fica institu\u00eddo, no \u00e2mbito do Poder Judici\u00e1rio do Estado do Esp\u00edrito Santo,\u00a0<strong>Grupo de Trabalho do M\u00eas Nacional do J\u00fari<\/strong>, que ser\u00e1 integrado pelos seguintes membros:<\/p>\n<p style=\"text-align: justify;\" align=\"justify\">\n<p style=\"text-align: justify;\" align=\"justify\">I \u2013 GISELE SOUZA DE OLIVEIRA \u2013 Ju\u00edza de Direito Coordenadora das Varas Criminais e de Execu\u00e7\u00f5es Penais, que o presidir\u00e1;<\/p>\n<p style=\"text-align: justify;\" align=\"justify\">\n<p align=\"justify\">II \u2013 ANDR\u00c9 GUASTI MOTTA &#8211; Juiz de Direito;<\/p>\n<p align=\"justify\">\n<p align=\"justify\">III \u2013 MARCOS PEREIRA SANCHES \u2013 Juiz de Direito;<\/p>\n<p align=\"justify\">\n<p style=\"text-align: justify;\" align=\"justify\">IV \u2013 RITA DE CASSIA BARCELLOS ALMEIDA &#8211; Assessora de Planejamento, Or\u00e7amento e Gest\u00e3o Estrat\u00e9gica;<\/p>\n<p style=\"text-align: justify;\" align=\"justify\">\n<p style=\"text-align: justify;\" align=\"justify\">V \u2013 CARLOS VINICIUS DE ARIMATEA &#8211; Secret\u00e1rio de Tecnologia da Informa\u00e7\u00e3o;<\/p>\n<p style=\"text-align: justify;\" align=\"justify\">\n<p style=\"text-align: justify;\" align=\"justify\">Par\u00e1grafo \u00fanico \u2013 O grupo reunir-se-\u00e1 neste Tribunal de Justi\u00e7a sempre que necess\u00e1rio.<\/p>\n<p style=\"text-align: justify;\" align=\"justify\">\n<p style=\"text-align: justify;\" align=\"justify\">Art. 2\u00ba \u2013 O grupo ficar\u00e1 encarregado de planejar, organizar e executar as a\u00e7\u00f5es necess\u00e1rias ao \u00eaxito do programa \u201cM\u00eas Nacional do J\u00fari\u201d (Portaria n\u00ba 69\/2017, do CNJ), no \u00e2mbito de todo o Poder Judici\u00e1rio do Estado do Esp\u00edrito Santo.<\/p>\n<p style=\"text-align: justify;\" align=\"justify\">\n<p style=\"text-align: justify;\" align=\"justify\">Art. 3\u00ba \u2013 O presente Ato Normativo Conjunto entra em vigor na data de sua publica\u00e7\u00e3o.<\/p>\n<p style=\"text-align: justify;\" align=\"justify\">\n<p align=\"justify\">Publique-se.<\/p>\n<p align=\"justify\">\n<p align=\"justify\">Vit\u00f3ria\/ES, 09 de setembro de 2019.<\/p>\n<p align=\"center\">\n<p align=\"center\">\n<p align=\"center\">Des. S\u00c9RGIO LUIZ TEIXEIRA GAMA<\/p>\n<p align=\"center\">Presidente<\/p>\n<p align=\"center\">\n<p align=\"center\">\n<p align=\"center\">Des. FERNANDO ZARDINI ANTONIO<\/p>\n<p align=\"center\">Supervisor das Varas Criminais, de Execu\u00e7\u00e3o Penal e de Viol\u00eancia Dom\u00e9stica<\/p>\n","protected":false},"excerpt":{"rendered":"<p>ESTADO DO ESP\u00cdRITO SANTO PODER JUDICI\u00c1RIO GABINETE DA PRESID\u00caNCIA ATO NORMATIVO CONJUNTO n\u00b0 019 \/2019 Institui Grupo de Trabalho do M\u00eas Nacional do J\u00fari para planejar, organizar e executar as a\u00e7\u00f5es necess\u00e1rias ao \u00eaxito do programa \u201cM\u00eas Nacional do J\u00fari\u201d (Portaria n\u00ba 69\/2017, do CNJ). Os Excelent\u00edssimos Senhores Desembargadores S\u00c9RGIO LUIZ TEIXEIRA GAMA, Presidente do [&hellip;]<\/p>\n","protected":false},"author":8,"featured_media":0,"comment_status":"closed","ping_status":"closed","sticky":false,"template":"","format":"standard","meta":{"footnotes":""},"categories":[4,14],"tags":[],"_links":{"self":[{"href":"https:\/\/www.tjes.jus.br\/corregedoria\/wp-json\/wp\/v2\/posts\/27918"}],"collection":[{"href":"https:\/\/www.tjes.jus.br\/corregedoria\/wp-json\/wp\/v2\/posts"}],"about":[{"href":"https:\/\/www.tjes.jus.br\/corregedoria\/wp-json\/wp\/v2\/types\/post"}],"author":[{"embeddable":true,"href":"https:\/\/www.tjes.jus.br\/corregedoria\/wp-json\/wp\/v2\/users\/8"}],"replies":[{"embeddable":true,"href":"https:\/\/www.tjes.jus.br\/corregedoria\/wp-json\/wp\/v2\/comments?post=27918"}],"version-history":[{"count":1,"href":"https:\/\/www.tjes.jus.br\/corregedoria\/wp-json\/wp\/v2\/posts\/27918\/revisions"}],"predecessor-version":[{"id":27919,"href":"https:\/\/www.tjes.jus.br\/corregedoria\/wp-json\/wp\/v2\/posts\/27918\/revisions\/27919"}],"wp:attachment":[{"href":"https:\/\/www.tjes.jus.br\/corregedoria\/wp-json\/wp\/v2\/media?parent=27918"}],"wp:term":[{"taxonomy":"category","embeddable":true,"href":"https:\/\/www.tjes.jus.br\/corregedoria\/wp-json\/wp\/v2\/categories?post=27918"},{"taxonomy":"post_tag","embeddable":true,"href":"https:\/\/www.tjes.jus.br\/corregedoria\/wp-json\/wp\/v2\/tags?post=27918"}],"curies":[{"name":"wp","href":"https:\/\/api.w.org\/{rel}","templated":true}]}}