{"id":27937,"date":"2019-10-09T16:49:35","date_gmt":"2019-10-09T19:49:35","guid":{"rendered":"https:\/\/www.tjes.jus.br\/corregedoria\/?p=27937"},"modified":"2019-10-09T16:49:35","modified_gmt":"2019-10-09T19:49:35","slug":"portaria-no-26-2019-disp-13-09-2019","status":"publish","type":"post","link":"https:\/\/www.tjes.jus.br\/corregedoria\/2019\/10\/09\/portaria-no-26-2019-disp-13-09-2019\/","title":{"rendered":"PORTARIA N\u00ba 26\/2019 \u2013 DISP. 13\/09\/2019"},"content":{"rendered":"<p align=\"center\"><strong>ESTADO DO ESP\u00cdRITO SANTO<\/strong><\/p>\n<p align=\"center\"><strong>PODER JUDICI\u00c1RIO<\/strong><\/p>\n<p align=\"center\"><strong>CORREGEDORIA GERAL DA JUSTI\u00c7A<\/strong><\/p>\n<p align=\"center\">\n<p align=\"center\"><strong>PORTARIA N\u00ba 26\/2019<\/strong><\/p>\n<p align=\"justify\">\n<p align=\"justify\">O Desembargador\u00a0<strong>SAMUEL MEIRA BRASIL J\u00daNIOR<\/strong>, Corregedor-Geral da Justi\u00e7a do Estado do Esp\u00edrito Santo, no uso de suas atribui\u00e7\u00f5es legais,<\/p>\n<p align=\"justify\">\n<p align=\"justify\">Em atendimento ao art. 60, inciso V, e art. 61, par\u00e1grafos 1\u00ba e 2\u00ba, da Resolu\u00e7\u00e3o N\u00ba 15\/95, DETERMINO que se instaure\u00a0<strong>CORREI\u00c7\u00c3O<\/strong>\u00a0<strong>GERAL ORDIN\u00c1RIA EM TODAS AS<\/strong>\u00a0<strong>UNIDADES\u00a0<\/strong><strong>JUDICI\u00c1RIAS<\/strong>\u00a0<strong>DO JU\u00cdZO<\/strong>\u00a0<strong>DE VIT\u00d3RIA COMARCA DA CAPITAL<\/strong>.<\/p>\n<p align=\"justify\">\n<p align=\"justify\">Designo a sess\u00e3o de instala\u00e7\u00e3o para o dia 27 de setembro do ano de 2019, \u00e0s 13:00 horas, na Sala do Tribunal do J\u00fari do F\u00f3rum de Vit\u00f3ria\/ES.<\/p>\n<p align=\"center\">\n<p align=\"center\">Aos 12 (doze) dias do m\u00eas de setembro do ano dois mil e dezenove (2019).<\/p>\n<p align=\"center\">\n<p align=\"center\">\n<p align=\"center\"><strong>Desembargador SAMUEL MEIRA BRASIL JR<\/strong><\/p>\n<p align=\"center\"><strong>Corregedor Geral da Justi\u00e7a<\/strong><\/p>\n","protected":false},"excerpt":{"rendered":"<p>ESTADO DO ESP\u00cdRITO SANTO PODER JUDICI\u00c1RIO CORREGEDORIA GERAL DA JUSTI\u00c7A PORTARIA N\u00ba 26\/2019 O Desembargador\u00a0SAMUEL MEIRA BRASIL J\u00daNIOR, Corregedor-Geral da Justi\u00e7a do Estado do Esp\u00edrito Santo, no uso de suas atribui\u00e7\u00f5es legais, Em atendimento ao art. 60, inciso V, e art. 61, par\u00e1grafos 1\u00ba e 2\u00ba, da Resolu\u00e7\u00e3o N\u00ba 15\/95, DETERMINO que se instaure\u00a0CORREI\u00c7\u00c3O\u00a0GERAL ORDIN\u00c1RIA [&hellip;]<\/p>\n","protected":false},"author":8,"featured_media":0,"comment_status":"closed","ping_status":"closed","sticky":false,"template":"","format":"standard","meta":{"footnotes":""},"categories":[14,6],"tags":[],"_links":{"self":[{"href":"https:\/\/www.tjes.jus.br\/corregedoria\/wp-json\/wp\/v2\/posts\/27937"}],"collection":[{"href":"https:\/\/www.tjes.jus.br\/corregedoria\/wp-json\/wp\/v2\/posts"}],"about":[{"href":"https:\/\/www.tjes.jus.br\/corregedoria\/wp-json\/wp\/v2\/types\/post"}],"author":[{"embeddable":true,"href":"https:\/\/www.tjes.jus.br\/corregedoria\/wp-json\/wp\/v2\/users\/8"}],"replies":[{"embeddable":true,"href":"https:\/\/www.tjes.jus.br\/corregedoria\/wp-json\/wp\/v2\/comments?post=27937"}],"version-history":[{"count":1,"href":"https:\/\/www.tjes.jus.br\/corregedoria\/wp-json\/wp\/v2\/posts\/27937\/revisions"}],"predecessor-version":[{"id":27938,"href":"https:\/\/www.tjes.jus.br\/corregedoria\/wp-json\/wp\/v2\/posts\/27937\/revisions\/27938"}],"wp:attachment":[{"href":"https:\/\/www.tjes.jus.br\/corregedoria\/wp-json\/wp\/v2\/media?parent=27937"}],"wp:term":[{"taxonomy":"category","embeddable":true,"href":"https:\/\/www.tjes.jus.br\/corregedoria\/wp-json\/wp\/v2\/categories?post=27937"},{"taxonomy":"post_tag","embeddable":true,"href":"https:\/\/www.tjes.jus.br\/corregedoria\/wp-json\/wp\/v2\/tags?post=27937"}],"curies":[{"name":"wp","href":"https:\/\/api.w.org\/{rel}","templated":true}]}}