{"id":27939,"date":"2019-10-09T16:50:42","date_gmt":"2019-10-09T19:50:42","guid":{"rendered":"https:\/\/www.tjes.jus.br\/corregedoria\/?p=27939"},"modified":"2019-10-09T16:50:42","modified_gmt":"2019-10-09T19:50:42","slug":"portaria-no-27-2019-disp-13-09-2019","status":"publish","type":"post","link":"https:\/\/www.tjes.jus.br\/corregedoria\/2019\/10\/09\/portaria-no-27-2019-disp-13-09-2019\/","title":{"rendered":"PORTARIA N\u00ba 27\/2019 \u2013 DISP. 13\/09\/2019"},"content":{"rendered":"<p align=\"center\"><span lang=\"pt-BR\"><strong>ESTADO DO ESP\u00cdRITO SANTO<\/strong><\/span><\/p>\n<p align=\"center\"><span lang=\"pt-BR\"><strong>PODER JUDICI\u00c1RIO<\/strong><\/span><\/p>\n<p align=\"center\"><span lang=\"pt-BR\"><strong>CORREGEDORIA GERAL DA JUSTI\u00c7A<\/strong><\/span><\/p>\n<p>&nbsp;<\/p>\n<p align=\"center\"><span lang=\"pt-BR\"><strong>P O R T A R I A N.\u00ba 27\/2019<\/strong><\/span><\/p>\n<p>&nbsp;<\/p>\n<p>&nbsp;<\/p>\n<p align=\"justify\"><span lang=\"pt-BR\">O\u00a0<\/span><span lang=\"pt-BR\">Desembargador<\/span><span lang=\"pt-BR\"><strong>\u00a0SAMUEL MEIRA BRASIL JUNIOR<\/strong><\/span><span lang=\"pt-BR\">,<\/span><span lang=\"pt-BR\">Corregedor Geral da Justi\u00e7a do Estado do Esp\u00edrito Santo, no uso de suas atribui\u00e7\u00f5es legais,<\/span><\/p>\n<p align=\"justify\">\n<p align=\"justify\"><span lang=\"pt-BR\">Considerando a previs\u00e3o de altera\u00e7\u00e3o no cronograma das Correi\u00e7\u00f5es em qualquer de suas modalidades;<\/span><\/p>\n<p align=\"justify\">\n<p align=\"justify\"><span lang=\"pt-BR\"><strong>RESOLVE:<\/strong><\/span><\/p>\n<p align=\"justify\">\n<p align=\"justify\"><span lang=\"pt-BR\"><strong>SUSPENDER<\/strong><\/span><span lang=\"pt-BR\">\u00a0os efeitos da <a href=\"https:\/\/www.tjes.jus.br\/corregedoria\/2019\/08\/14\/portaria-no-24-2019-disp-14-08-2019\/\">Portaria n\u00ba 24\/2019<\/a>, publicada no DJ de 14\/08\/2019 que determinou a instaura\u00e7\u00e3o da\u00a0<\/span><span lang=\"pt-BR\"><strong>CORREI\u00c7\u00c3O GERAL ORDIN\u00c1RIA ORDIN\u00c1RIA NA 1\u00aa VARA CRIMINAL, 1\u00aa VARA DE FAM\u00cdLIA, \u00d3RF\u00c3OS E SUCESS\u00d5ES E VARA DA FAZENDA P\u00daBLICA ESTADUAL, REGISTROS P\u00daBLICOS E MEIO AMBIENTE, AMBAS DA COMARCA DE COLATINA.<\/strong><\/span><\/p>\n<p align=\"justify\">\n<p align=\"justify\">\n<p align=\"justify\"><span lang=\"pt-BR\">Aos 12 (doze) dias do m\u00eas de setembro do ano dois mil e dezenove (2019).<\/span><\/p>\n<p>&nbsp;<\/p>\n<p>&nbsp;<\/p>\n<p align=\"center\"><span lang=\"pt-BR\"><strong>Desembargador SAMUEL MEIRA BRASIL JR.<\/strong><\/span><\/p>\n<p align=\"center\"><span lang=\"pt-BR\"><strong>Corregedor Geral da Justi\u00e7a<\/strong><\/span><\/p>\n","protected":false},"excerpt":{"rendered":"<p>ESTADO DO ESP\u00cdRITO SANTO PODER JUDICI\u00c1RIO CORREGEDORIA GERAL DA JUSTI\u00c7A &nbsp; P O R T A R I A N.\u00ba 27\/2019 &nbsp; &nbsp; O\u00a0Desembargador\u00a0SAMUEL MEIRA BRASIL JUNIOR,Corregedor Geral da Justi\u00e7a do Estado do Esp\u00edrito Santo, no uso de suas atribui\u00e7\u00f5es legais, Considerando a previs\u00e3o de altera\u00e7\u00e3o no cronograma das Correi\u00e7\u00f5es em qualquer de suas modalidades; [&hellip;]<\/p>\n","protected":false},"author":8,"featured_media":0,"comment_status":"closed","ping_status":"closed","sticky":false,"template":"","format":"standard","meta":{"footnotes":""},"categories":[14,6],"tags":[],"_links":{"self":[{"href":"https:\/\/www.tjes.jus.br\/corregedoria\/wp-json\/wp\/v2\/posts\/27939"}],"collection":[{"href":"https:\/\/www.tjes.jus.br\/corregedoria\/wp-json\/wp\/v2\/posts"}],"about":[{"href":"https:\/\/www.tjes.jus.br\/corregedoria\/wp-json\/wp\/v2\/types\/post"}],"author":[{"embeddable":true,"href":"https:\/\/www.tjes.jus.br\/corregedoria\/wp-json\/wp\/v2\/users\/8"}],"replies":[{"embeddable":true,"href":"https:\/\/www.tjes.jus.br\/corregedoria\/wp-json\/wp\/v2\/comments?post=27939"}],"version-history":[{"count":1,"href":"https:\/\/www.tjes.jus.br\/corregedoria\/wp-json\/wp\/v2\/posts\/27939\/revisions"}],"predecessor-version":[{"id":27940,"href":"https:\/\/www.tjes.jus.br\/corregedoria\/wp-json\/wp\/v2\/posts\/27939\/revisions\/27940"}],"wp:attachment":[{"href":"https:\/\/www.tjes.jus.br\/corregedoria\/wp-json\/wp\/v2\/media?parent=27939"}],"wp:term":[{"taxonomy":"category","embeddable":true,"href":"https:\/\/www.tjes.jus.br\/corregedoria\/wp-json\/wp\/v2\/categories?post=27939"},{"taxonomy":"post_tag","embeddable":true,"href":"https:\/\/www.tjes.jus.br\/corregedoria\/wp-json\/wp\/v2\/tags?post=27939"}],"curies":[{"name":"wp","href":"https:\/\/api.w.org\/{rel}","templated":true}]}}