{"id":27943,"date":"2019-10-09T17:34:11","date_gmt":"2019-10-09T20:34:11","guid":{"rendered":"https:\/\/www.tjes.jus.br\/corregedoria\/?p=27943"},"modified":"2019-10-09T17:34:11","modified_gmt":"2019-10-09T20:34:11","slug":"portaria-no-28-2019-disp-16-09-2019","status":"publish","type":"post","link":"https:\/\/www.tjes.jus.br\/corregedoria\/2019\/10\/09\/portaria-no-28-2019-disp-16-09-2019\/","title":{"rendered":"PORTARIA N\u00ba 28\/2019 \u2013 DISP. 16\/09\/2019"},"content":{"rendered":"<p align=\"center\"><strong>ESTADO DO ESP\u00cdRITO SANTO<\/strong><\/p>\n<p align=\"center\"><strong>PODER JUDICI\u00c1RIO<\/strong><\/p>\n<p align=\"center\"><strong>CORREGEDORIA GERAL DA JUSTI\u00c7A<\/strong><\/p>\n<p align=\"center\">\n<p align=\"center\"><strong>PORTARIA N\u00ba 28\/2019<\/strong><\/p>\n<p align=\"center\">\n<p align=\"justify\">O Desembargador\u00a0<strong>SAMUEL MEIRA BRASIL JUNIOR<\/strong>, Corregedor Geral da Justi\u00e7a do Estado do Esp\u00edrito Santo, no uso de suas atribui\u00e7\u00f5es legais,<\/p>\n<p align=\"justify\">\n<p align=\"justify\">Considerando a previs\u00e3o de altera\u00e7\u00e3o no cronograma de Correi\u00e7\u00f5es, em qualquer de suas modalidades, conforme estabelece o art. 1\u00ba, par\u00e1grafo \u00fanico da <a href=\"https:\/\/www.tjes.jus.br\/corregedoria\/2018\/12\/07\/portaria-no-13-2018-disp-07-12-2018\/\">Portaria n\u00ba 13\/2018<\/a>;<\/p>\n<p align=\"justify\">\n<p align=\"justify\"><strong>RESOLVE:<\/strong><\/p>\n<p align=\"justify\">\n<p align=\"justify\"><strong>EXCLUIR\u00a0<\/strong>a\u00a0<strong>2\u00aa Vara C\u00edvel do Ju\u00edzo de Vit\u00f3ria \u2013 Comarca da Capital\u00a0<\/strong>do Cronograma de Correi\u00e7\u00f5es Virtuais, previsto na <a href=\"https:\/\/www.tjes.jus.br\/corregedoria\/2018\/12\/07\/portaria-no-13-2018-disp-07-12-2018\/\">Portaria n\u00ba 13\/2018<\/a>.<\/p>\n<p align=\"justify\">\n<p align=\"justify\">Aos 13 (treze) dias do m\u00eas de setembro do ano de 2019 (dois mil e dezenove).<\/p>\n<p>&nbsp;<\/p>\n<p align=\"center\"><strong>Desembargador SAMUEL MEIRA BRASIL JR.<\/strong><\/p>\n<p align=\"center\"><strong>Corregedor Geral da Justi\u00e7a<\/strong><\/p>\n","protected":false},"excerpt":{"rendered":"<p>ESTADO DO ESP\u00cdRITO SANTO PODER JUDICI\u00c1RIO CORREGEDORIA GERAL DA JUSTI\u00c7A PORTARIA N\u00ba 28\/2019 O Desembargador\u00a0SAMUEL MEIRA BRASIL JUNIOR, Corregedor Geral da Justi\u00e7a do Estado do Esp\u00edrito Santo, no uso de suas atribui\u00e7\u00f5es legais, Considerando a previs\u00e3o de altera\u00e7\u00e3o no cronograma de Correi\u00e7\u00f5es, em qualquer de suas modalidades, conforme estabelece o art. 1\u00ba, par\u00e1grafo \u00fanico da [&hellip;]<\/p>\n","protected":false},"author":8,"featured_media":0,"comment_status":"closed","ping_status":"closed","sticky":false,"template":"","format":"standard","meta":{"footnotes":""},"categories":[14,6],"tags":[],"_links":{"self":[{"href":"https:\/\/www.tjes.jus.br\/corregedoria\/wp-json\/wp\/v2\/posts\/27943"}],"collection":[{"href":"https:\/\/www.tjes.jus.br\/corregedoria\/wp-json\/wp\/v2\/posts"}],"about":[{"href":"https:\/\/www.tjes.jus.br\/corregedoria\/wp-json\/wp\/v2\/types\/post"}],"author":[{"embeddable":true,"href":"https:\/\/www.tjes.jus.br\/corregedoria\/wp-json\/wp\/v2\/users\/8"}],"replies":[{"embeddable":true,"href":"https:\/\/www.tjes.jus.br\/corregedoria\/wp-json\/wp\/v2\/comments?post=27943"}],"version-history":[{"count":1,"href":"https:\/\/www.tjes.jus.br\/corregedoria\/wp-json\/wp\/v2\/posts\/27943\/revisions"}],"predecessor-version":[{"id":27944,"href":"https:\/\/www.tjes.jus.br\/corregedoria\/wp-json\/wp\/v2\/posts\/27943\/revisions\/27944"}],"wp:attachment":[{"href":"https:\/\/www.tjes.jus.br\/corregedoria\/wp-json\/wp\/v2\/media?parent=27943"}],"wp:term":[{"taxonomy":"category","embeddable":true,"href":"https:\/\/www.tjes.jus.br\/corregedoria\/wp-json\/wp\/v2\/categories?post=27943"},{"taxonomy":"post_tag","embeddable":true,"href":"https:\/\/www.tjes.jus.br\/corregedoria\/wp-json\/wp\/v2\/tags?post=27943"}],"curies":[{"name":"wp","href":"https:\/\/api.w.org\/{rel}","templated":true}]}}