{"id":27946,"date":"2019-10-09T17:43:14","date_gmt":"2019-10-09T20:43:14","guid":{"rendered":"https:\/\/www.tjes.jus.br\/corregedoria\/?p=27946"},"modified":"2019-10-09T17:44:13","modified_gmt":"2019-10-09T20:44:13","slug":"ato-normativo-conjunto-no-021-2019-disp-17-09-2019","status":"publish","type":"post","link":"https:\/\/www.tjes.jus.br\/corregedoria\/2019\/10\/09\/ato-normativo-conjunto-no-021-2019-disp-17-09-2019\/","title":{"rendered":"ATO NORMATIVO CONJUNTO N\u00ba 021\/2019 \u2013 DISP. 17\/09\/2019"},"content":{"rendered":"<p align=\"center\">ESTADO DO ESP\u00cdRITO SANTO<\/p>\n<p align=\"center\">PODER JUDICI\u00c1RIO<\/p>\n<p align=\"center\">TRIBUNAL DE JUSTI\u00c7A<\/p>\n<p align=\"center\">GABINETE DA PRESID\u00caNCIA<\/p>\n<p align=\"center\"><strong>ATO NORMATIVO CONJUNTO N\u00ba 021\/2019<\/strong><\/p>\n<p align=\"justify\">Prorroga o Regime Especial de atua\u00e7\u00e3o nas Varas de Execu\u00e7\u00e3o Penal do Estado do Esp\u00edrito Santo e define a sua abrang\u00eancia.<\/p>\n<p align=\"justify\">O Excelent\u00edssimo Senhor Desembargador S\u00c9RGIO LUIZ TEIXEIRA GAMA, Presidente do Egr\u00e9gio Tribunal de Justi\u00e7a do Estado do Esp\u00edrito Santo, e o Excelent\u00edssimo Senhor Desembargador FERNANDO ZARDINI ANTONIO, Supervisor das Varas Criminais e de Execu\u00e7\u00f5es Penais, no uso de suas atribui\u00e7\u00f5es legais e,<\/p>\n<p align=\"justify\">CONSIDERANDO que o Supremo Tribunal Federal \u2013 STF no julgamento da Argui\u00e7\u00e3o de Descumprimento de Preceito Fundamental ADPF 347 reconheceu o\u00a0<i>estado de coisas inconstitucional\u00a0<\/i>relativamente ao sistema penitenci\u00e1rio brasileiro, diante da viola\u00e7\u00e3o generalizada de direitos fundamentais dos presos e, em raz\u00e3o disso, determinou a ado\u00e7\u00e3o de medidas estruturais e coordenadas que visem enfrentar o problema da superlota\u00e7\u00e3o prisional por parte dos Estados-membros e da Uni\u00e3o\u037e<\/p>\n<p align=\"justify\">CONSIDERANDO que, neste contexto, o c. Conselho Nacional de Justi\u00e7a e o Programa das Na\u00e7\u00f5es Unidas para o Desenvolvimento (PNUD), buscando solu\u00e7\u00f5es que intervenham eficazmente sobre esse quadro desfavor\u00e1vel, conceberam o Programa Justi\u00e7a Presente, que se divide em quatro eixos de atua\u00e7\u00e3o: sistemas eletr\u00f4nicos, propostas e alternativas ao super encarceramento, pol\u00edticas de cidadania e sistema socieducativo;<\/p>\n<p align=\"justify\">CONSIDERANDO que, dentre as atividades previstas no Programa Justi\u00e7a Presente, est\u00e3o a implanta\u00e7\u00e3o do SEEU \u2013 Sistema Eletr\u00f4nico de Execu\u00e7\u00e3o Unificado e a realiza\u00e7\u00e3o de mutir\u00f5es carcer\u00e1rios de forma eletr\u00f4nica;<\/p>\n<p align=\"justify\">CONSIDERANDO que o Tribunal de Justi\u00e7a do Esp\u00edrito Santo aderiu ao Programa Justi\u00e7a Presente, implementado de forma pioneira neste Estado, e concluiu a implanta\u00e7\u00e3o do SEEU nas Varas Privativas de Execu\u00e7\u00e3o Penal como sistema \u00fanico de processamento de informa\u00e7\u00f5es e pr\u00e1tica de atos processuais relativos \u00e0 execu\u00e7\u00e3o penal;<\/p>\n<p align=\"justify\">CONSIDERANDO o teor do Oficio n\u00ba 568 \u2013 DMF\/2019, da lavra do Exmo. Juiz Auxiliar da Presid\u00eancia do CNJ e Coordenador do Departamento de Monitoramento e Fiscaliza\u00e7\u00e3o do Sistema Carcer\u00e1rio, informando sobre a realiza\u00e7\u00e3o do primeiro mutir\u00e3o carcer\u00e1rio eletr\u00f4nico no pa\u00eds, designado para o per\u00edodo compreendido entre os dias\u00a002 e 13 de setembro de 2019 no Estado do Esp\u00edrito Santo;<\/p>\n<p align=\"justify\">CONSIDERANDO que com a conclus\u00e3o da atua\u00e7\u00e3o dos Defensores P\u00fablicos, com grande n\u00famero de peticionamentos, haver\u00e1 a necessidade de prorroga\u00e7\u00e3o do regime especial de atua\u00e7\u00e3o, a fim de assegurar a c\u00e9lere e eficaz tomada de decis\u00e3o nos processos de execu\u00e7\u00e3o penal que s\u00e3o objeto do mutir\u00e3o, com a cria\u00e7\u00e3o de nova rotina de prepara\u00e7\u00e3o de expedientes, processamento e julgamento dos pedidos a serem formulados naqueles feitos, inclusive sob a modalidade de audi\u00eancias concentradas, tamb\u00e9m propondo alternativas para a gest\u00e3o administrativa dos espa\u00e7os prisionais;<\/p>\n<p align=\"justify\">CONSIDERANDO o teor do Ato Normativo Conjunto n\u00ba 017\/2019, publicado no DJ de 06\/08\/2019, instituindo o regime especial de atua\u00e7\u00e3o no per\u00edodo de 05 de agosto a 30 de setembro de 2019, bem como a necessidade de sua prorroga\u00e7\u00e3o para a an\u00e1lise dos processos peticionados;<\/p>\n<p>&nbsp;<\/p>\n<p>&nbsp;<\/p>\n<p>RESOLVEM:<\/p>\n<p align=\"justify\">Art. 1\u00ba. Prorrogar o regime especial de atua\u00e7\u00e3o nas Varas com compet\u00eancia exclusiva em Execu\u00e7\u00e3o Penal do Esp\u00edrito Santo at\u00e9 o dia\u00a0<strong>15 de outubro do corrente ano<\/strong>, visando a an\u00e1lise dos processos peticionados durante o Mutir\u00e3o Carcer\u00e1rio Eletr\u00f4nico.<\/p>\n<p align=\"justify\">Art. 2\u00ba. O regime especial de atua\u00e7\u00e3o indicado no artigo anterior compreende a cria\u00e7\u00e3o excepcional de m\u00e9todos e rotinas coordenados para a gest\u00e3o administrativa do processamento das execu\u00e7\u00f5es penais, de modo a priorizar a an\u00e1lise de benef\u00edcios vencidos e a vencer, an\u00e1lise de teses jur\u00eddicas consensualizadas entre os atores, sem preju\u00edzo de determina\u00e7\u00f5es relacionadas \u00e0 ocupa\u00e7\u00e3o dos espa\u00e7os prisionais, especialmente nas hip\u00f3teses de cumprimento de pena em local inadequado.<\/p>\n<p align=\"justify\">Art. 3\u00ba. A Coordena\u00e7\u00e3o do GMF \u2013 Grupo de Monitoramento e Fiscaliza\u00e7\u00e3o do Sistema Prisional poder\u00e1 indicar \u00e0 Presid\u00eancia ju\u00edzes volunt\u00e1rios para atuar, com designa\u00e7\u00e3o especial, nas Varas de Execu\u00e7\u00e3o Penal durante a vig\u00eancia do regime especial de atua\u00e7\u00e3o, visando \u00e0 consecu\u00e7\u00e3o de seus objetivos.<\/p>\n<p align=\"justify\">Art. 4\u00ba. Durante o per\u00edodo de vig\u00eancia do regime especial de atua\u00e7\u00e3o, a Presid\u00eancia do Tribunal de Justi\u00e7a do Esp\u00edrito Santo poder\u00e1 designar, excepcionalmente, servidores e estagi\u00e1rios de outras unidades judici\u00e1rias nas Varas de Execu\u00e7\u00e3o Penal a fim de agilizar os trabalhos cartor\u00e1rios.<\/p>\n<p align=\"justify\">Art. 5\u00ba. Visando atingir os objetivos do regime especial de atua\u00e7\u00e3o, poder\u00e1 o Tribunal de Justi\u00e7a do Esp\u00edrito Santo firmar parcerias com institui\u00e7\u00f5es externas, p\u00fablicas ou privadas, conforme a necessidade, inclusive para o fortalecimento da rede de assist\u00eancia social, de modo a qualificar a porta de sa\u00edda do sistema prisional.<\/p>\n<p align=\"justify\">Art. 6\u00ba. A coordena\u00e7\u00e3o dos trabalhos ficar\u00e1 a cargo das Ju\u00edzas de Direito Gisele Souza de Oliveira, Coordenadora do Grupo de Monitoramento e Fiscaliza\u00e7\u00e3o do Sistema Carcer\u00e1rio do Esp\u00edrito Santo \u2013 GMF\/SC, e Graciela de Rezende Henriquez, respondendo pela Vara de Execu\u00e7\u00f5es Penais de Vila Velha, sob a Supervis\u00e3o do Desembargador Fernando Zardini Antonio, Supervisor do Grupo de Monitoramento e Fiscaliza\u00e7\u00e3o do Sistema Carcer\u00e1rio do Esp\u00edrito Santo \u2013 GMF\/SC.<\/p>\n<p align=\"justify\">Art. 7\u00ba. Este Ato Normativo Conjunto entra em vigor na data de sua publica\u00e7\u00e3o, revogando-se as disposi\u00e7\u00f5es em contr\u00e1rio.<\/p>\n<p>&nbsp;<\/p>\n<p>&nbsp;<\/p>\n<p>Publique-se.<\/p>\n<p>&nbsp;<\/p>\n<p>Vit\u00f3ria\/ES, 16 de setembro de 2019.<\/p>\n<p>&nbsp;<\/p>\n<p>&nbsp;<\/p>\n<p style=\"text-align: center;\">Des. S\u00c9RGIO LUIZ TEIXEIRA GAMA<\/p>\n<p align=\"center\">Presidente<\/p>\n<p align=\"center\">Des. FERNANDO ZARDINI ANTONIO<\/p>\n<p align=\"center\">Supervisor das Varas Criminais, de Execu\u00e7\u00f5es Penais e de Viol\u00eancia Dom\u00e9stica<\/p>\n<p>&nbsp;<\/p>\n","protected":false},"excerpt":{"rendered":"<p>ESTADO DO ESP\u00cdRITO SANTO PODER JUDICI\u00c1RIO TRIBUNAL DE JUSTI\u00c7A GABINETE DA PRESID\u00caNCIA ATO NORMATIVO CONJUNTO N\u00ba 021\/2019 Prorroga o Regime Especial de atua\u00e7\u00e3o nas Varas de Execu\u00e7\u00e3o Penal do Estado do Esp\u00edrito Santo e define a sua abrang\u00eancia. O Excelent\u00edssimo Senhor Desembargador S\u00c9RGIO LUIZ TEIXEIRA GAMA, Presidente do Egr\u00e9gio Tribunal de Justi\u00e7a do Estado do [&hellip;]<\/p>\n","protected":false},"author":8,"featured_media":0,"comment_status":"closed","ping_status":"closed","sticky":false,"template":"","format":"standard","meta":{"footnotes":""},"categories":[4,14],"tags":[],"_links":{"self":[{"href":"https:\/\/www.tjes.jus.br\/corregedoria\/wp-json\/wp\/v2\/posts\/27946"}],"collection":[{"href":"https:\/\/www.tjes.jus.br\/corregedoria\/wp-json\/wp\/v2\/posts"}],"about":[{"href":"https:\/\/www.tjes.jus.br\/corregedoria\/wp-json\/wp\/v2\/types\/post"}],"author":[{"embeddable":true,"href":"https:\/\/www.tjes.jus.br\/corregedoria\/wp-json\/wp\/v2\/users\/8"}],"replies":[{"embeddable":true,"href":"https:\/\/www.tjes.jus.br\/corregedoria\/wp-json\/wp\/v2\/comments?post=27946"}],"version-history":[{"count":2,"href":"https:\/\/www.tjes.jus.br\/corregedoria\/wp-json\/wp\/v2\/posts\/27946\/revisions"}],"predecessor-version":[{"id":27949,"href":"https:\/\/www.tjes.jus.br\/corregedoria\/wp-json\/wp\/v2\/posts\/27946\/revisions\/27949"}],"wp:attachment":[{"href":"https:\/\/www.tjes.jus.br\/corregedoria\/wp-json\/wp\/v2\/media?parent=27946"}],"wp:term":[{"taxonomy":"category","embeddable":true,"href":"https:\/\/www.tjes.jus.br\/corregedoria\/wp-json\/wp\/v2\/categories?post=27946"},{"taxonomy":"post_tag","embeddable":true,"href":"https:\/\/www.tjes.jus.br\/corregedoria\/wp-json\/wp\/v2\/tags?post=27946"}],"curies":[{"name":"wp","href":"https:\/\/api.w.org\/{rel}","templated":true}]}}