{"id":28074,"date":"2019-10-15T14:37:52","date_gmt":"2019-10-15T17:37:52","guid":{"rendered":"https:\/\/www.tjes.jus.br\/corregedoria\/?p=28074"},"modified":"2019-10-17T13:18:25","modified_gmt":"2019-10-17T16:18:25","slug":"ato-normativo-no-130-2019-disp-27-09-2019","status":"publish","type":"post","link":"https:\/\/www.tjes.jus.br\/corregedoria\/2019\/10\/15\/ato-normativo-no-130-2019-disp-27-09-2019\/","title":{"rendered":"ATO NORMATIVO N\u00ba 130\/2019 \u2013 DISP. 27\/09\/2019 &#8211; ALTERADO"},"content":{"rendered":"<p align=\"center\">ESTADO DO ESP\u00cdRITO SANTO \u2013 PODER JUDICI\u00c1RIO<\/p>\n<p align=\"center\">TRIBUNAL DE JUSTI\u00c7A<\/p>\n<p align=\"center\">PRESID\u00caNCIA<\/p>\n<p align=\"center\"><strong>Ato Normativo N\u00ba 130 \/2019<\/strong><\/p>\n<p align=\"justify\">O Excelent\u00edssimo Senhor Desembargador\u00a0<strong><span lang=\"pt-BR\">S\u00c9RGIO LUIZ TEIXEIRA GAMA, Presidente do Egr\u00e9gio Tribunal de Justi\u00e7a do Estado do Esp\u00edrito Santo, no uso de suas atribui\u00e7\u00f5es legais e,<\/span><\/strong><\/p>\n<p style=\"text-align: justify;\" align=\"justify\"><strong>CONSIDERANDO\u00a0<\/strong>o disposto no art.58, da Resolu\u00e7\u00e3o n\u00ba 15\/95\u00a0(Regimento Interno do Tribunal de Justi\u00e7a do Estado do Esp\u00edrito Santo), que atribui ao Presidente compet\u00eancia geral para exercer a superintend\u00eancia de todo servi\u00e7o judici\u00e1rio, na qualidade de Chefe do Poder Judici\u00e1rio Estadual;<\/p>\n<p style=\"text-align: justify;\" align=\"justify\"><strong>CONSIDERANDO\u00a0<\/strong>a vig\u00eancia do C\u00f3digo de Processo Civil (Lei 13.105\/2015), bem como da Lei de Media\u00e7\u00e3o (Lei 13.140\/2015) e\u00a0da Resolu\u00e7\u00e3o 125\/2010, do Conselho Nacional de Justi\u00e7a \u2013 CNJ, que instituiu a Pol\u00edtica de Tratamento adequado de\u00a0Conflitos;<\/p>\n<p style=\"text-align: justify;\" align=\"justify\">CONSIDERANDO a necessidade de coordenar, conduzir e auxiliar a realiza\u00e7\u00e3o das sess\u00f5es de media\u00e7\u00e3o e concilia\u00e7\u00e3o judicial.<\/p>\n<p style=\"text-align: justify;\" align=\"justify\">RESOLVE:<\/p>\n<p style=\"text-align: justify;\" align=\"justify\">Art. 1\u00ba \u2013 Designar o Excelent\u00edssimo Dr. Adelino Augusto Pinheiro Pires, Juiz de Direito, para a pr\u00e1tica dos atos judiciais e administrativos necess\u00e1rios ao suporte e \u00e0 supervis\u00e3o da Pauta Concentrada de media\u00e7\u00e3o e concilia\u00e7\u00e3o dos processos em tr\u00e2mite na 1\u00aa Vara da Comarca de Pancas<span lang=\"pt-BR\">.<\/span><\/p>\n<p style=\"text-align: justify;\" align=\"justify\">Art. 2\u00ba \u2013 Instituir e convocar a Equipe de Trabalho para atuar na Pauta Concentrada que ser\u00e1 realizada na 1\u00aa Vara da Comarca de Pancas, no per\u00edodo de 14 a 18 de outubro do corrente ano, no hor\u00e1rio das\u00a0<span lang=\"pt-BR\">8:<\/span><span lang=\"pt-BR\">00\u00a0<\/span><span lang=\"pt-BR\">h<\/span><span lang=\"pt-BR\">oras<\/span><span lang=\"pt-BR\">\u00a0\u00e0s 1<\/span><span lang=\"pt-BR\">8:<\/span><span lang=\"pt-BR\">00 horas<\/span>, conforme segue:<\/p>\n<table style=\"width: 1059px;\" cellspacing=\"0\" cellpadding=\"4\">\n<colgroup>\n<col width=\"143*\" \/>\n<col width=\"113*\" \/><\/colgroup>\n<tbody>\n<tr valign=\"top\">\n<td style=\"width: 593.04px;\" width=\"56%\">\n<p align=\"justify\">Izabella Dalla Sily Casagrande<\/p>\n<\/td>\n<td style=\"width: 465.96px;\" width=\"44%\">\n<p align=\"justify\">Coordenadora\/Mediadora Judicial<\/p>\n<\/td>\n<\/tr>\n<tr valign=\"top\">\n<td style=\"width: 593.04px;\" width=\"56%\">\n<p align=\"justify\">Hevelin Flor do Nascimento Sidequersky<\/p>\n<\/td>\n<td style=\"width: 465.96px;\" width=\"44%\">\n<p align=\"justify\">Mediadora Judicial<\/p>\n<\/td>\n<\/tr>\n<tr valign=\"top\">\n<td style=\"width: 593.04px;\" width=\"56%\">\n<p align=\"justify\">Jackson Haese<\/p>\n<\/td>\n<td style=\"width: 465.96px;\" width=\"44%\">\n<p align=\"justify\">Chefe do Setor de Concilia\u00e7\u00e3o<\/p>\n<\/td>\n<\/tr>\n<tr valign=\"top\">\n<td style=\"width: 593.04px;\" width=\"56%\">\n<p align=\"justify\"><del>Marcia Cristina de Godoys Monteiro<\/del><\/p>\n<\/td>\n<td style=\"width: 465.96px;\" width=\"44%\">\n<p align=\"justify\"><del>Mediadora Judicial<\/del><\/p>\n<\/td>\n<\/tr>\n<tr valign=\"top\">\n<td style=\"width: 593.04px;\" width=\"56%\">\n<p align=\"justify\">M\u00f4nica Reis Moraes Corassa<\/p>\n<\/td>\n<td style=\"width: 465.96px;\" width=\"44%\">\n<p align=\"justify\">Analista Judici\u00e1ria Especial<\/p>\n<\/td>\n<\/tr>\n<tr valign=\"top\">\n<td style=\"width: 593.04px;\" width=\"56%\">\n<p align=\"justify\">Rosa Eliana Ferreira Fraga<\/p>\n<\/td>\n<td style=\"width: 465.96px;\" width=\"44%\">\n<p align=\"justify\">Assessora de Juiz<\/p>\n<\/td>\n<\/tr>\n<tr valign=\"top\">\n<td style=\"width: 593.04px;\" width=\"56%\">\n<p align=\"justify\">Weber Andrade Oliveira<\/p>\n<\/td>\n<td style=\"width: 465.96px;\" width=\"44%\">\n<p align=\"justify\">T\u00e9cnico Judici\u00e1rio<\/p>\n<\/td>\n<\/tr>\n<tr>\n<td style=\"width: 593.04px;\">Adriana Paiva Klawa Cau<\/td>\n<td style=\"width: 465.96px;\" width=\"44%\">\n<p align=\"justify\">T\u00e9cnico Judici\u00e1rio<\/p>\n<p align=\"justify\">Mediadora Judicial<\/p>\n<\/td>\n<\/tr>\n<\/tbody>\n<\/table>\n<p style=\"text-align: justify;\" align=\"justify\">Art. 3\u00ba \u2013 A Equipe de Trabalho promover\u00e1 os atos executivos necess\u00e1rios \u00e0 realiza\u00e7\u00e3o das sess\u00f5es de media\u00e7\u00e3o e concilia\u00e7\u00e3o, devendo cumprir o C\u00f3digo de \u00c9tica dos Mediadores Judiciais, estabelecido pela Resolu\u00e7\u00e3o 125\/10, do Conselho Nacional de Justi\u00e7a, ficando respons\u00e1veis pela coordena\u00e7\u00e3o e\/ou condu\u00e7\u00e3o das media\u00e7\u00f5es e concilia\u00e7\u00f5es realizadas.<\/p>\n<p style=\"text-align: justify;\" align=\"justify\">Art. 4\u00ba \u2013 O NUPEMEC encaminhar\u00e1 \u00e0 Secretaria de Gest\u00e3o de Pessoas do Egr\u00e9gio Tribunal de Justi\u00e7a, no prazo de 10(dez) dias \u00fateis ap\u00f3s o encerramento do evento, informa\u00e7\u00e3o acerca das horas trabalhadas pelos servidores para anota\u00e7\u00e3o em ficha funcional.<\/p>\n<p style=\"text-align: justify;\" align=\"justify\">Art. 5\u00ba \u2013 As horas extraordin\u00e1rias realizadas pelos integrantes da equipe ser\u00e3o computadas exclusivamente para fins de compensa\u00e7\u00e3o.<\/p>\n<p style=\"text-align: justify;\" align=\"justify\">\u00a7 1\u00ba \u2013 As horas extraordin\u00e1rias ser\u00e3o devidamente anotadas em ficha funcional, para gozo oportuno, mediante autoriza\u00e7\u00e3o da chefia imediata e sem preju\u00edzo do servi\u00e7o.<\/p>\n<p style=\"text-align: justify;\" align=\"justify\">Art. 6\u00ba \u2013 Os servidores efetivos est\u00e1veis que atuar\u00e3o no mutir\u00e3o ter\u00e3o reconhecida, para fins de promo\u00e7\u00e3o na carreira, a pontua\u00e7\u00e3o equivalente \u00e0 participa\u00e7\u00e3o em Equipe Especial de Trabalho, conforme disposto no Ato n\u00ba 2.773\/2012.<\/p>\n<p align=\"justify\">Art. 7\u00ba \u2013 Este Ato Normativo entra em vigor na data de sua publica\u00e7\u00e3o.<\/p>\n<p align=\"justify\">Publique-se.<\/p>\n<p style=\"text-align: left;\" align=\"center\">Vit\u00f3ria, 26 de setembro de 2019.<\/p>\n<p>&nbsp;<\/p>\n<p align=\"center\">Des. S\u00c9RGIO LUIZ TEIXEIRA GAMA<\/p>\n<p align=\"center\"><span lang=\"pt-BR\">Presidente<\/span><\/p>\n<h2 align=\"center\"><span style=\"color: #ff0000;\"><strong>ALTERADO PELO <a href=\"https:\/\/www.tjes.jus.br\/corregedoria\/2019\/10\/17\/ato-normativo-no-142-2019-disp-16-10-2019\/\">ATO NORMATIVO N\u00ba 142\/2019<\/a> DISPON\u00cdVEL EM 16\/10\/2019<\/strong><\/span><\/h2>\n","protected":false},"excerpt":{"rendered":"<p>ESTADO DO ESP\u00cdRITO SANTO \u2013 PODER JUDICI\u00c1RIO TRIBUNAL DE JUSTI\u00c7A PRESID\u00caNCIA Ato Normativo N\u00ba 130 \/2019 O Excelent\u00edssimo Senhor Desembargador\u00a0S\u00c9RGIO LUIZ TEIXEIRA GAMA, Presidente do Egr\u00e9gio Tribunal de Justi\u00e7a do Estado do Esp\u00edrito Santo, no uso de suas atribui\u00e7\u00f5es legais e, CONSIDERANDO\u00a0o disposto no art.58, da Resolu\u00e7\u00e3o n\u00ba 15\/95\u00a0(Regimento Interno do Tribunal de Justi\u00e7a do [&hellip;]<\/p>\n","protected":false},"author":8,"featured_media":0,"comment_status":"closed","ping_status":"closed","sticky":false,"template":"","format":"standard","meta":{"footnotes":""},"categories":[4,14],"tags":[],"_links":{"self":[{"href":"https:\/\/www.tjes.jus.br\/corregedoria\/wp-json\/wp\/v2\/posts\/28074"}],"collection":[{"href":"https:\/\/www.tjes.jus.br\/corregedoria\/wp-json\/wp\/v2\/posts"}],"about":[{"href":"https:\/\/www.tjes.jus.br\/corregedoria\/wp-json\/wp\/v2\/types\/post"}],"author":[{"embeddable":true,"href":"https:\/\/www.tjes.jus.br\/corregedoria\/wp-json\/wp\/v2\/users\/8"}],"replies":[{"embeddable":true,"href":"https:\/\/www.tjes.jus.br\/corregedoria\/wp-json\/wp\/v2\/comments?post=28074"}],"version-history":[{"count":6,"href":"https:\/\/www.tjes.jus.br\/corregedoria\/wp-json\/wp\/v2\/posts\/28074\/revisions"}],"predecessor-version":[{"id":28185,"href":"https:\/\/www.tjes.jus.br\/corregedoria\/wp-json\/wp\/v2\/posts\/28074\/revisions\/28185"}],"wp:attachment":[{"href":"https:\/\/www.tjes.jus.br\/corregedoria\/wp-json\/wp\/v2\/media?parent=28074"}],"wp:term":[{"taxonomy":"category","embeddable":true,"href":"https:\/\/www.tjes.jus.br\/corregedoria\/wp-json\/wp\/v2\/categories?post=28074"},{"taxonomy":"post_tag","embeddable":true,"href":"https:\/\/www.tjes.jus.br\/corregedoria\/wp-json\/wp\/v2\/tags?post=28074"}],"curies":[{"name":"wp","href":"https:\/\/api.w.org\/{rel}","templated":true}]}}