{"id":28080,"date":"2019-10-15T16:07:35","date_gmt":"2019-10-15T19:07:35","guid":{"rendered":"https:\/\/www.tjes.jus.br\/corregedoria\/?p=28080"},"modified":"2019-10-15T16:07:35","modified_gmt":"2019-10-15T19:07:35","slug":"ato-normativo-no-131-2019-disp-01-10-2019","status":"publish","type":"post","link":"https:\/\/www.tjes.jus.br\/corregedoria\/2019\/10\/15\/ato-normativo-no-131-2019-disp-01-10-2019\/","title":{"rendered":"ATO NORMATIVO N\u00ba 131\/2019 \u2013 DISP. 01\/10\/2019"},"content":{"rendered":"<p align=\"center\"><strong>ESTADO DO ESP\u00cdRITO SANTO<br \/>\nPODER JUDICI\u00c1RIO<br \/>\nTRIBUNAL DE JUSTI\u00c7A<br \/>\nPRESID\u00caNCIA<\/strong><\/p>\n<p align=\"center\">\n<p align=\"center\"><strong>ATO NORMATIVO N\u00ba 131\/2019<\/strong><\/p>\n<p align=\"justify\">\nInstitui Pauta Concentrada na Semana Nacional de Concilia\u00e7\u00e3o dos processos envolvendo\u00a0Institui\u00e7\u00f5es Financeiras em\u00a0tr\u00e2mite nas Comarcas de\u00a0Vit\u00f3ria,Vila Velha, Serra, Cariacica\u00a0e Guarapari.<\/p>\n<p align=\"justify\">\n<p align=\"justify\">O Excelent\u00edssimo Desembargador S\u00c9RGIO LUIZ TEIXEIRA GAMA, DD. Presidente do Egr\u00e9gio Tribunal de Justi\u00e7a do Estado do Esp\u00edrito Santo, no uso de suas atribui\u00e7\u00f5es legais e a Desembargadora JANETE VARGAS SIM\u00d5ES, Supervisora do N\u00facleo Permanente de M\u00e9todos Consensuais de Solu\u00e7\u00e3o de Conflitos \u2013 NUPEMEC;<\/p>\n<p align=\"justify\">\n<p align=\"justify\">CONSIDERANDO a <a href=\"https:\/\/www.tjes.jus.br\/corregedoria\/2017\/02\/16\/resolucao-no-032011-publ-em-24012011\/\">Resolu\u00e7\u00e3o n\u00ba. 003\/2011<\/a> que instituiu o N\u00facleo Permanente de M\u00e9todos Consensuais de Solu\u00e7\u00e3o de Conflitos do Poder Judici\u00e1rio do Estado do Esp\u00edrito Santo, posteriormente alterada pela <a href=\"https:\/\/www.tjes.jus.br\/corregedoria\/2017\/02\/21\/resolucao-no-192012-publ-em-17042012\/\">Resolu\u00e7\u00e3o n\u00ba. 19\/2012<\/a>;<\/p>\n<p align=\"justify\">\n<p align=\"justify\">CONSIDERANDO a <a href=\"https:\/\/www.tjes.jus.br\/corregedoria\/2016\/07\/06\/resolucao-no-0172013-disp-13042013\/\">Resolu\u00e7\u00e3o n\u00ba. 017\/2013<\/a> que disciplina a institui\u00e7\u00e3o de Centros Judici\u00e1rios de Solu\u00e7\u00e3o de Conflitos e Cidadania no \u00e2mbito do Poder Judici\u00e1rio do Estado do Esp\u00edrito Santo nos termos da Resolu\u00e7\u00e3o n\u00ba. 125\/2010 do CNJ;<\/p>\n<p align=\"justify\">\n<p align=\"justify\">CONSIDERANDO que aos \u00f3rg\u00e3os judici\u00e1rios incumbe, al\u00e9m da solu\u00e7\u00e3o adjudicada mediante senten\u00e7a, oferecer outros mecanismos de solu\u00e7\u00f5es de controv\u00e9rsias, em especial os chamados meios consensuais, como a media\u00e7\u00e3o e a concilia\u00e7\u00e3o, bem como prestar atendimento e orienta\u00e7\u00e3o ao cidad\u00e3o.<\/p>\n<p align=\"justify\">\n<p align=\"justify\">CONSIDERANDO o Of\u00edcio Circular\/GAB\/CNJ n\u00ba 06\/2019, que informa a instala\u00e7\u00e3o da XIV Semana Nacional de Concilia\u00e7\u00e3o, no per\u00edodo de 04 a 08 de novembro de 2019.<\/p>\n<p align=\"justify\">\n<p>RESOLVE:<\/p>\n<p>&nbsp;<\/p>\n<p style=\"text-align: justify;\" align=\"justify\">Art. 1\u00ba \u2013 INSTITUIR\u00a0Pauta Concentrada na Semana Nacional de Concilia\u00e7\u00e3o dos processos envolvendo\u00a0Institui\u00e7\u00f5es Financeiras em\u00a0tr\u00e2mite nas Comarcas de\u00a0Vit\u00f3ria,Vila Velha, Serra, Cariacica\u00a0e Guarapari, no hor\u00e1rio de 12\u00a0h \u00e0s 18\u00a0h, no\u00a03\u00ba Centro Judici\u00e1rio de Solu\u00e7\u00e3o de Conflito e Cidadania \u2013 CEJUSC\u00a0localizado\u00a0na Rua das Palmeiras, n\u00ba 685, Ed. Contempor\u00e2neo, 12\u00ba andar \u2013 Santa L\u00facia \u2013 Vit\u00f3ria\/ES.<\/p>\n<p style=\"text-align: justify;\" align=\"justify\">\n<p style=\"text-align: justify;\" align=\"justify\">Art. 2\u00ba \u2013\u00a0Os Ju\u00edzes das Varas C\u00edveis, quando cientificados dos processos que participar\u00e3o da Pauta Concentrada,\u00a0bem como\u00a0do\u00a0dia e hor\u00e1rio para as intima\u00e7\u00f5es,\u00a0atrav\u00e9s de e-mail subscrito pelo\u00a03\u00ba Centro Judici\u00e1rio de Solu\u00e7\u00e3o de Conflito e Cidadania \u2013 CEJUSC, dever\u00e3o encaminhar\u00a0at\u00e9 o dia\u00a031 de\u00a0outubro\u00a0de 2019\u00a0todos os autos listados para\u00a0o3\u00ba\u00a0CEJUSC,\u00a0localizado\u00a0na Rua das Palmeiras, n\u00ba 685, Ed. Contempor\u00e2neo, 12\u00ba andar \u2013 Santa L\u00facia \u2013 Vit\u00f3ria\/ES.<\/p>\n<p align=\"justify\">\n<p align=\"justify\">Par\u00e1grafo\u00a0\u00danico \u2013\u00a0As\u00a0Institui\u00e7\u00f5es Financeiras ser\u00e3o\u00a0consideradas\u00a0intimadas\u00a0atrav\u00e9s deste ato, na pessoa de seus\u00a0Patronos, conforme\u00a0entendimento mantido previamente\u00a0entre 3\u00ba CEJUSC e a FEBRABAN.<\/p>\n<p align=\"justify\">\n<p align=\"justify\">Art. 3\u00ba \u2013\u00a0<span lang=\"pt-BR\">Antes de remeter os processos\u00a0<\/span><span lang=\"pt-BR\">a<\/span><span lang=\"pt-BR\">o\u00a0<\/span><span lang=\"pt-BR\">3<\/span><span lang=\"pt-BR\">\u00ba CEJUSC, os Ju\u00edzes determinar\u00e3o a intima\u00e7\u00e3o da<\/span><span lang=\"pt-BR\">s\u00a0<\/span><span lang=\"pt-BR\">parte<\/span><span lang=\"pt-BR\">s<\/span><span lang=\"pt-BR\">\u00a0que n\u00e3o seja<\/span><span lang=\"pt-BR\">m\u00a0<\/span><span lang=\"pt-BR\">as\u00a0<\/span><span lang=\"pt-BR\">Institui\u00e7\u00f5es Financeiras<\/span><span lang=\"pt-BR\">\u00a0participante<\/span><span lang=\"pt-BR\">s<\/span><span lang=\"pt-BR\">, bem como seu<\/span><span lang=\"pt-BR\">s<\/span><span lang=\"pt-BR\">\u00a0respectivo<\/span><span lang=\"pt-BR\">s\u00a0<\/span><span lang=\"pt-BR\">patrono<\/span><span lang=\"pt-BR\">s<\/span><span lang=\"pt-BR\">, para o comparecimento em dia e hor\u00e1rio predeterminado, segundo\u00a0<\/span><span lang=\"pt-BR\">a\u00a0<\/span><span lang=\"pt-BR\">pauta disponibilizada para cada um dos Ju\u00edzos, munida de todos os documentos que entenderem pertinentes.<\/span><\/p>\n<p align=\"justify\">\n<p align=\"justify\">Art. 4\u00ba \u2013 Ap\u00f3s o encerramento da audi\u00eancia e, na hip\u00f3tese de sucesso na efetiva\u00e7\u00e3o da celebra\u00e7\u00e3o de acordo entre as partes, as atas ser\u00e3o imediatamente submetidas a um dos Ju\u00edzes que comp\u00f5em o grupo de trabalho do 3\u00ba CEJUSC, para imediata homologa\u00e7\u00e3o.<\/p>\n<p align=\"justify\">\n<p align=\"justify\">\u00a7 1\u00ba \u2013 A<span lang=\"pt-BR\">s atas ser\u00e3o devidamente juntadas nos autos e estes ser\u00e3o remetidos\u00a0<\/span><span lang=\"pt-BR\">aos J<\/span><span lang=\"pt-BR\">u\u00edzo<\/span><span lang=\"pt-BR\">s<\/span><span lang=\"pt-BR\">\u00a0de origem no prazo de 05 (cinco) dias \u00fateis ap\u00f3s a data fim d<\/span><span lang=\"pt-BR\">a<\/span><span lang=\"pt-BR\">Pauta Concentrada.<\/span><\/p>\n<p align=\"justify\">\n<p align=\"justify\">\u00a7 2\u00ba \u2013\u00a0<span lang=\"pt-BR\">Na hip\u00f3tese de n\u00e3o celebra\u00e7\u00e3o de acordo, os autos ser\u00e3o devolvidos ao Ju\u00edzo de Origem para seu regular prosseguimento.<\/span><\/p>\n<p align=\"justify\">\n<p align=\"justify\">Art.\u00a05\u00ba \u2013 Este Ato Normativo entra em vigor na data de sua publica\u00e7\u00e3o.<\/p>\n<p align=\"justify\">\n<p style=\"text-align: left;\" align=\"center\">Publique-se.<\/p>\n<p>&nbsp;<\/p>\n<p style=\"text-align: left;\" align=\"center\">Vit\u00f3ria, 26 de setembro de 2019.<\/p>\n<p style=\"text-align: left;\">\n<p align=\"center\">Des.\u00a0S\u00c9RGIO LUIZ TEIXEIRA GAMA<br \/>\nPresidente<\/p>\n<p>&nbsp;<\/p>\n","protected":false},"excerpt":{"rendered":"<p>ESTADO DO ESP\u00cdRITO SANTO PODER JUDICI\u00c1RIO TRIBUNAL DE JUSTI\u00c7A PRESID\u00caNCIA ATO NORMATIVO N\u00ba 131\/2019 Institui Pauta Concentrada na Semana Nacional de Concilia\u00e7\u00e3o dos processos envolvendo\u00a0Institui\u00e7\u00f5es Financeiras em\u00a0tr\u00e2mite nas Comarcas de\u00a0Vit\u00f3ria,Vila Velha, Serra, Cariacica\u00a0e Guarapari. O Excelent\u00edssimo Desembargador S\u00c9RGIO LUIZ TEIXEIRA GAMA, DD. Presidente do Egr\u00e9gio Tribunal de Justi\u00e7a do Estado do Esp\u00edrito Santo, no uso [&hellip;]<\/p>\n","protected":false},"author":8,"featured_media":0,"comment_status":"closed","ping_status":"closed","sticky":false,"template":"","format":"standard","meta":{"footnotes":""},"categories":[4,14],"tags":[],"_links":{"self":[{"href":"https:\/\/www.tjes.jus.br\/corregedoria\/wp-json\/wp\/v2\/posts\/28080"}],"collection":[{"href":"https:\/\/www.tjes.jus.br\/corregedoria\/wp-json\/wp\/v2\/posts"}],"about":[{"href":"https:\/\/www.tjes.jus.br\/corregedoria\/wp-json\/wp\/v2\/types\/post"}],"author":[{"embeddable":true,"href":"https:\/\/www.tjes.jus.br\/corregedoria\/wp-json\/wp\/v2\/users\/8"}],"replies":[{"embeddable":true,"href":"https:\/\/www.tjes.jus.br\/corregedoria\/wp-json\/wp\/v2\/comments?post=28080"}],"version-history":[{"count":1,"href":"https:\/\/www.tjes.jus.br\/corregedoria\/wp-json\/wp\/v2\/posts\/28080\/revisions"}],"predecessor-version":[{"id":28081,"href":"https:\/\/www.tjes.jus.br\/corregedoria\/wp-json\/wp\/v2\/posts\/28080\/revisions\/28081"}],"wp:attachment":[{"href":"https:\/\/www.tjes.jus.br\/corregedoria\/wp-json\/wp\/v2\/media?parent=28080"}],"wp:term":[{"taxonomy":"category","embeddable":true,"href":"https:\/\/www.tjes.jus.br\/corregedoria\/wp-json\/wp\/v2\/categories?post=28080"},{"taxonomy":"post_tag","embeddable":true,"href":"https:\/\/www.tjes.jus.br\/corregedoria\/wp-json\/wp\/v2\/tags?post=28080"}],"curies":[{"name":"wp","href":"https:\/\/api.w.org\/{rel}","templated":true}]}}