{"id":28102,"date":"2019-10-16T14:53:07","date_gmt":"2019-10-16T17:53:07","guid":{"rendered":"https:\/\/www.tjes.jus.br\/corregedoria\/?p=28102"},"modified":"2019-10-16T14:57:43","modified_gmt":"2019-10-16T17:57:43","slug":"ato-no-014-2018-disp-05-11-2018","status":"publish","type":"post","link":"https:\/\/www.tjes.jus.br\/corregedoria\/2019\/10\/16\/ato-no-014-2018-disp-05-11-2018\/","title":{"rendered":"ATO N\u00ba 014\/2018 \u2013 DISP. 05\/11\/2018"},"content":{"rendered":"<p align=\"center\"><strong>ESTADO DO ESP\u00cdRITO SANTO<\/strong><\/p>\n<p align=\"center\"><strong>PODER JUDICI\u00c1RIO<\/strong><\/p>\n<p align=\"center\"><strong>CORREGEDORIA GERAL DA JUSTI\u00c7A<\/strong><\/p>\n<p align=\"center\"><strong>ATO N\u00ba 014\/2018<\/strong><\/p>\n<p align=\"justify\">O Desembargador SAMUEL MEIRA BRASIL JR., Corregedor Geral da Justi\u00e7a do Tribunal de Justi\u00e7a do Estado do Esp\u00edrito Santo, no uso de suas atribui\u00e7\u00f5es legais e,<\/p>\n<p style=\"text-align: justify;\" align=\"justify\"><strong>CONSIDERANDO\u00a0<\/strong>a edi\u00e7\u00e3o da Lei Estadual 9.974\/2013, datada de 9 de janeiro de 2013, publicada no Di\u00e1rio Oficial dos Poderes do Estado de 10 de janeiro de 2013, que\u00a0<i>\u201cdisp\u00f5e sobre o Regimento de Custas e adota outras provid\u00eancias\u201d<\/i>;<\/p>\n<p style=\"text-align: justify;\" align=\"justify\"><strong>CONSIDERANDO\u00a0<\/strong>a edi\u00e7\u00e3o da Lei Estadual\u00a0<strong>10.178\/2014,\u00a0<\/strong>datada de 14 de mar\u00e7o de 2014, publicada no Di\u00e1rio Oficial dos Poderes do Estado de 17 de mar\u00e7o de 2014, que\u00a0<i>\u201caltera os artigos 4\u00ba, 6\u00ba e 8\u00ba da Lei n\u00ba 9.974, de 09.01.2013 \u2013 Regimento de Custas do Tribunal de Justi\u00e7a do Estado do Esp\u00edrito Santo\u201d;<\/i><\/p>\n<p align=\"justify\"><strong>CONSIDERANDO<\/strong>\u00a0que o par\u00e1grafo \u00fanico do\u00a0<strong>artigo 35\u00a0<\/strong>da Lei Estadual 9.974\/2013 preconiza que cumpre \u00e0 egr\u00e9gia Corregedoria Geral da Justi\u00e7a do Estado do Esp\u00edrito Santo publicar, anualmente, a tabela detalhada de classes processuais, consoante a taxonomia adotada pelo colendo Conselho Nacional da Justi\u00e7a, constando o valor das custas em VRTE \u2013 Valor de Refer\u00eancia do Tesouro Estadual \u2013 e o correspondente, devidamente atualizado, em moeda vigente;<\/p>\n<p align=\"justify\"><strong>CONSIDERANDO\u00a0<\/strong>a edi\u00e7\u00e3o da Taxonomia adotada pelo Conselho Nacional de Justi\u00e7a em decorr\u00eancia da vig\u00eancia do Novo C\u00f3digo de Processo Civil Brasileiro (Lei Federal n\u00ba 13.105\/2015) em 18 de mar\u00e7o de 2016;<\/p>\n<p align=\"justify\"><strong>CONSIDERANDO<\/strong>\u00a0que o<strong>\u00a0art. 3<\/strong><sup><strong>o<\/strong><\/sup>\u00a0da Lei Estadual 9.974\/2013 disp\u00f5e que \u201c<i>c<\/i><i>onsideram-se custas o tributo incidente na\u00a0<\/i><i>realiza\u00e7\u00e3o dos servi\u00e7os<\/i><i>\u00a0praticados em raz\u00e3o do of\u00edcio, afetos \u00e0s\u00a0<\/i><i>atividades espec\u00edficas da Justi\u00e7a<\/i>\u201d (o destaque n\u00e3o consta no original);<\/p>\n<p align=\"justify\"><strong>CONSIDERANDO<\/strong>\u00a0que o art. 6\u00ba da Lei Estadual 9.974\/2013 preconiza que \u201c<i>As custas\u00a0<\/i><i>judiciais<\/i><i>\u00a0s\u00e3o da ordem de 1,5% (um inteiro e cinco d\u00e9cimos por cento) sobre o valor da causa na propositura de a\u00e7\u00f5es de compet\u00eancia do ju\u00edzo comum de 1\u00ba e 2\u00ba Graus, salvo exce\u00e7\u00f5es estabelecidas em lei<\/i>\u201d (o destaque n\u00e3o consta no original);<\/p>\n<p align=\"justify\"><strong>CONSIDERANDO<\/strong>\u00a0que o art. 4<sup>o<\/sup>\u00a0da Lei Estadual 9.974\/2013 disp\u00f5e que \u201c<i>As custas\u00a0<\/i><i>processuais<\/i><i>abrangem todos os atos processuais das fases de conhecimento, liquida\u00e7\u00e3o e execu\u00e7\u00e3o do feito, inclusive os relativos a servi\u00e7os de distribuidor, contador, partidor, secretaria, bem como despesas com intima\u00e7\u00f5es e publica\u00e7\u00f5es na Imprensa Oficial<\/i>\u201d (o destaque n\u00e3o consta no original);<\/p>\n<p align=\"justify\"><strong>CONSIDERANDO<\/strong>\u00a0que, \u00e0 luz dos artigos 3\u00ba, 4\u00ba e 6\u00ba do Regimento de Custas do Estado do Esp\u00edrito Santo, as \u201ccustas judiciais\u201d abrangem todos os servi\u00e7os e atividades da Justi\u00e7a, incluindo as custas processuais, extraprocessuais e pr\u00e9-processuais;<\/p>\n<p align=\"justify\"><strong>CONSIDERANDO<\/strong>\u00a0a decis\u00e3o da Corregedoria Geral da Justi\u00e7a do Estado do Esp\u00edrito Santo, proferida nos autos do expediente administrativo n\u00ba 201800352190;<\/p>\n<p align=\"justify\"><strong>CONSIDERANDO\u00a0<\/strong>que o artigo 3\u00ba do Decreto Estadual 4.189-R, datado de 20 de dezembro de 2017, publicado no Di\u00e1rio Oficial de 21 de dezembro de 2017, disp\u00f5e que o Valor de Refer\u00eancia do Tesouro Estadual do Esp\u00edrito Santo \u2013 VRTE, no exerc\u00edcio de 2018, ser\u00e1 de R$ 3,2726 (tr\u00eas reais e dois mil setecentos e vinte e seis d\u00e9cimos de mil\u00e9simos de centavos).<\/p>\n<p align=\"justify\"><strong>RESOLVE:<\/strong><\/p>\n<p style=\"text-align: justify;\" align=\"justify\"><strong>Art. 1\u00ba.<\/strong><strong>\u00a0DETERMINAR\u00a0<\/strong>a publica\u00e7\u00e3o detalhada da Tabela de Classes Processuais criada pelo Conselho Nacional de Justi\u00e7a e demonstrando a import\u00e2ncia das custas judiciais em Valor de Refer\u00eancia do Tesouro Estadual do Esp\u00edrito Santo \u2013 VRTE, e o correspondente, devidamente atualizado, em moeda vigente.<\/p>\n<p style=\"text-align: justify;\" align=\"justify\"><strong>Art. 2\u00ba<\/strong>.\u00a0<strong>DETERMINAR\u00a0<\/strong>a disponibiliza\u00e7\u00e3o da aludida tabela de classes processuais, no s\u00edtio eletr\u00f4nico da egr\u00e9gia Corregedoria Geral da Justi\u00e7a do Estado do Esp\u00edrito Santo (<span lang=\"zxx\">www.cgj.es.jus.br<\/span><span lang=\"pt-BR\">), de acordo com a taxonomia adotada pelo colendo CNJ \u2013 Conselho Nacional de Justi\u00e7a \u2013 e harmonicamente parametrizadas com base na\u00a0<\/span><span lang=\"pt-BR\"><strong>Lei Estadual 9.974\/2013,\u00a0<\/strong><\/span><span lang=\"pt-BR\">de 10 de janeiro de 2013, que \u201cdisp\u00f5e sobre o Regimento de Custas e adota outras provid\u00eancias\u201d, com as altera\u00e7\u00f5es que lhe foram introduzidas pela\u00a0<\/span><span lang=\"pt-BR\"><strong>Lei Estadual 10.178\/2014,\u00a0<\/strong><\/span><span lang=\"pt-BR\">de 17 de mar\u00e7o de 2014, que \u201caltera os artigos 4\u00ba, 6\u00ba e 8\u00ba da Lei n\u00ba 9.974, de 09.01.2013 \u2013 Regimento de Custas do Tribunal de Justi\u00e7a do Estado do Esp\u00edrito Santo\u201d.<\/span><\/p>\n<p style=\"text-align: justify;\" align=\"justify\"><span lang=\"pt-BR\"><strong>Art. 3\u00ba. ALTERAR<\/strong><\/span><span lang=\"pt-BR\">\u00a0a Tabela da Classe \u201cProcedimentos Pr\u00e9-Processuais de Resolu\u00e7\u00e3o Consensual de Conflitos\u201d para incluir a rubrica \u201cHomologa\u00e7\u00e3o de Transa\u00e7\u00e3o Extrajudicial\u201d.<\/span><\/p>\n<p style=\"text-align: justify;\" align=\"justify\"><span lang=\"pt-BR\"><strong>Par\u00e1grafo \u00danico.<\/strong><\/span><span lang=\"pt-BR\">\u00a0Ser\u00e3o cobradas custas nas rubricas \u201cPedido de Media\u00e7\u00e3o Pr\u00e9-Processual (c\u00f3digo CNJ 12136)\u201d, \u201cReclama\u00e7\u00e3o Pr\u00e9-Processual (c\u00f3digo CNJ 11875)\u201d e \u201cHomologa\u00e7\u00e3o de Transa\u00e7\u00e3o Extrajudicial (c\u00f3digo CNJ 112)\u201d inclu\u00eddas na classe \u201cProcedimentos Pr\u00e9-Processuais de Resolu\u00e7\u00e3o Consensual de Conflitos\u201d, com amparo legal no artigo 6\u00ba,\u00a0<\/span><span lang=\"pt-BR\"><i>caput<\/i><\/span><span lang=\"pt-BR\">, da Lei 9.974\/2013.<\/span><\/p>\n<p align=\"justify\"><span lang=\"pt-BR\"><strong>Art. 4\u00ba.\u00a0<\/strong><\/span><span lang=\"pt-BR\">Este ato entra em vigor na data de sua publica\u00e7\u00e3o.<\/span><\/p>\n<p align=\"justify\"><span lang=\"pt-BR\"><strong>Art. 5\u00ba.<\/strong><\/span><span lang=\"pt-BR\">\u00a0Fica revogado o <a href=\"https:\/\/www.tjes.jus.br\/corregedoria\/2017\/12\/19\/ato-no-1162017\/\">Ato n\u00ba 116\/2017<\/a> da CGJES.<\/span><\/p>\n<p align=\"justify\"><span lang=\"pt-BR\">Vit\u00f3ria (ES), 17 de outubro de 2018.<\/span><\/p>\n<p align=\"center\"><span lang=\"pt-BR\">Desembargador SAMUEL MEIRA BRASIL JR.<\/span><\/p>\n<p align=\"center\"><span lang=\"pt-BR\">Corregedor Geral da Justi\u00e7a<\/span><\/p>\n<p align=\"center\"><em>\u00a0<\/em><\/p>\n<p align=\"center\"><em><strong><span lang=\"pt-BR\">TABELAS DE CLASSES PROCESSUAIS DO PRIMEIRO GRAU DE JURISDI\u00c7\u00c3O PARAMETRIZADAS:<\/span><\/strong><\/em><\/p>\n<p align=\"center\"><strong><span lang=\"pt-BR\"><a href=\"https:\/\/sistemas.tjes.jus.br\/ediario\/images\/TABELA_DE_CLASSES_DA_INF%C3%82NCIA_E_JUVENTUDE_1_GRAU_copia.pdf\" target=\"_blank\" rel=\"noopener\">JUIZADOS DA INF\u00c2NCIA E JUVENTUDE (CLIQUE AQUI)<\/a><\/span><\/strong><\/p>\n<p align=\"center\"><strong><span lang=\"pt-BR\"><a href=\"https:\/\/sistemas.tjes.jus.br\/ediario\/images\/TABELA_DE_CLASSES_ADMINISTRATIVA_-_PROCEDIMENTOS_ADMINISTRATIVOS_-__1%C2%BA_GRAU.pdf\" target=\"_blank\" rel=\"noopener\">PROCEDIMENTOS ADMINISTRATIVOS (CLIQUE AQUI)<\/a><\/span><\/strong><\/p>\n<p align=\"center\"><strong><span lang=\"pt-BR\"><a href=\"https:\/\/sistemas.tjes.jus.br\/ediario\/images\/TABELA_DE_CLASSES_DE_PROCEDIMENTOS_PR%C3%89_PROCESSUAIS_1%C2%BA_GRAU.pdf\" target=\"_blank\" rel=\"noopener\">PROCEDIMENTOS PR\u00c9-PROCESSUAIS DE RESOLU\u00c7\u00c3O CONSENSUAL DE CONFLITOS (CLIQUE AQUI)<\/a><\/span><\/strong><\/p>\n<p align=\"center\"><strong><span lang=\"pt-BR\"><a href=\"https:\/\/sistemas.tjes.jus.br\/ediario\/images\/TABELA_DE_CLASSES_C%C3%8DVEL_E_DO_TRABALHO_1_GRAU_copia.pdf\" target=\"_blank\" rel=\"noopener\">PROCESSO CIVIL E DO TRABALHO (CLIQUE AQUI)<\/a><\/span><\/strong><\/p>\n<p align=\"center\"><strong><span lang=\"pt-BR\"><a href=\"https:\/\/sistemas.tjes.jus.br\/ediario\/images\/TABELA_DE_CLASSES_CRIMINAL_1_GRAU_copia.pdf\" target=\"_blank\" rel=\"noopener\">PROCESSO CRIMINAL (CLIQUE AQUI)<\/a><\/span><\/strong><\/p>\n<p align=\"center\"><strong><span lang=\"pt-BR\"><a href=\"https:\/\/sistemas.tjes.jus.br\/ediario\/images\/TABELA_DE_CLASSES_MILITAR_PARAMETRIZADA_1_GRAU_copia.pdf\" target=\"_blank\" rel=\"noopener\">PROCESSO MILITAR (CLIQUE AQUI)<\/a><\/span><\/strong><\/p>\n<p align=\"center\"><em>\u00a0<\/em><\/p>\n<p align=\"center\"><em><strong><span lang=\"pt-BR\">TABELAS DE CLASSES PROCESSUAIS DO SEGUNDO GRAU DE JURISDI\u00c7\u00c3O PARAMETRIZADAS:<\/span><\/strong><\/em><\/p>\n<p align=\"center\"><strong><span lang=\"pt-BR\"><a href=\"https:\/\/sistemas.tjes.jus.br\/ediario\/images\/TABELA_DE_CLASSES_DA_INF%C3%82NCIA_E_JUVENTUDE_-_2%C2%BA_GRAU_1.pdf\" target=\"_blank\" rel=\"noopener\">JUIZADOS DA INF\u00c2NCIA E JUVENTUDE (CLIQUE AQUI)<\/a><\/span><\/strong><\/p>\n<p align=\"center\"><strong><span lang=\"pt-BR\"><a href=\"https:\/\/sistemas.tjes.jus.br\/ediario\/images\/TABELA_DE_CLASSES_ADMINISTRATIVA_-_PROCEDIMENTO_ADMINISTRATIVO_-_2%C2%BA_GRAU.pdf\" target=\"_blank\" rel=\"noopener\">PROCEDIMENTOS ADMINISTRATIVOS (CLIQUE AQUI)<\/a><\/span><\/strong><\/p>\n<p align=\"center\"><strong><span lang=\"pt-BR\"><a href=\"https:\/\/sistemas.tjes.jus.br\/ediario\/images\/TABELA_DE_CLASSES_DE_PROCEDIMENTOS_PR%C3%89_PROCESSUAIS_2%C2%BA_GRAU.pdf\" target=\"_blank\" rel=\"noopener\">PROCEDIMENTOS PR\u00c9-PROCESSUAIS DE RESOLU\u00c7\u00c3O CONSENSUAL DE CONFLITOS (CLIQUE AQUI)<\/a><\/span><\/strong><\/p>\n<p align=\"center\"><strong><span lang=\"pt-BR\"><a href=\"https:\/\/sistemas.tjes.jus.br\/ediario\/images\/TABELA_DE_CLASSES_CIVEL_E_DO_TRABALHO_2%C2%BA_GRAU_copia.pdf\" target=\"_blank\" rel=\"noopener\">PROCESSO C\u00cdVEL E DO TRABALHO (CLIQUE AQUI)<\/a><\/span><\/strong><\/p>\n<p align=\"center\"><strong><span lang=\"pt-BR\"><a href=\"https:\/\/sistemas.tjes.jus.br\/ediario\/images\/TABELA_DE_CLASSES_CRIMINAL-_2%C2%BA_GRAU_copia.pdf\" target=\"_blank\" rel=\"noopener\">PROCESSO CRIMINAL (CLIQUE AQUI)<\/a><\/span><\/strong><\/p>\n<p align=\"center\"><strong><span lang=\"pt-BR\"><a href=\"https:\/\/sistemas.tjes.jus.br\/ediario\/images\/TABELA_DE_CLASSES_MILITAR_PARAMETRIZADA_-_2%C2%BA_GRAU_copia.pdf\" target=\"_blank\" rel=\"noopener\">PROCESSO MILITAR (CLIQUE AQUI)<\/a><\/span><\/strong><\/p>\n<p align=\"center\"><strong><span lang=\"pt-BR\"><a href=\"https:\/\/sistemas.tjes.jus.br\/ediario\/images\/RECONVEN%C3%87%C3%83O_E_CANCELAMENTO_DA_DISTRIBUI%C3%87%C3%83O_1_copia.pdf\" target=\"_blank\" rel=\"noopener\">RECONVEN\u00c7\u00c3O E CANCELAMENTO DA DISTRIBUI\u00c7\u00c3O (CLIQUE AQUI)<\/a><\/span><\/strong><\/p>\n<p>&nbsp;<\/p>\n","protected":false},"excerpt":{"rendered":"<p>ESTADO DO ESP\u00cdRITO SANTO PODER JUDICI\u00c1RIO CORREGEDORIA GERAL DA JUSTI\u00c7A ATO N\u00ba 014\/2018 O Desembargador SAMUEL MEIRA BRASIL JR., Corregedor Geral da Justi\u00e7a do Tribunal de Justi\u00e7a do Estado do Esp\u00edrito Santo, no uso de suas atribui\u00e7\u00f5es legais e, CONSIDERANDO\u00a0a edi\u00e7\u00e3o da Lei Estadual 9.974\/2013, datada de 9 de janeiro de 2013, publicada no Di\u00e1rio [&hellip;]<\/p>\n","protected":false},"author":8,"featured_media":0,"comment_status":"closed","ping_status":"closed","sticky":false,"template":"","format":"standard","meta":{"footnotes":""},"categories":[18,14],"tags":[],"_links":{"self":[{"href":"https:\/\/www.tjes.jus.br\/corregedoria\/wp-json\/wp\/v2\/posts\/28102"}],"collection":[{"href":"https:\/\/www.tjes.jus.br\/corregedoria\/wp-json\/wp\/v2\/posts"}],"about":[{"href":"https:\/\/www.tjes.jus.br\/corregedoria\/wp-json\/wp\/v2\/types\/post"}],"author":[{"embeddable":true,"href":"https:\/\/www.tjes.jus.br\/corregedoria\/wp-json\/wp\/v2\/users\/8"}],"replies":[{"embeddable":true,"href":"https:\/\/www.tjes.jus.br\/corregedoria\/wp-json\/wp\/v2\/comments?post=28102"}],"version-history":[{"count":3,"href":"https:\/\/www.tjes.jus.br\/corregedoria\/wp-json\/wp\/v2\/posts\/28102\/revisions"}],"predecessor-version":[{"id":28106,"href":"https:\/\/www.tjes.jus.br\/corregedoria\/wp-json\/wp\/v2\/posts\/28102\/revisions\/28106"}],"wp:attachment":[{"href":"https:\/\/www.tjes.jus.br\/corregedoria\/wp-json\/wp\/v2\/media?parent=28102"}],"wp:term":[{"taxonomy":"category","embeddable":true,"href":"https:\/\/www.tjes.jus.br\/corregedoria\/wp-json\/wp\/v2\/categories?post=28102"},{"taxonomy":"post_tag","embeddable":true,"href":"https:\/\/www.tjes.jus.br\/corregedoria\/wp-json\/wp\/v2\/tags?post=28102"}],"curies":[{"name":"wp","href":"https:\/\/api.w.org\/{rel}","templated":true}]}}