{"id":28117,"date":"2019-10-16T15:47:09","date_gmt":"2019-10-16T18:47:09","guid":{"rendered":"https:\/\/www.tjes.jus.br\/corregedoria\/?p=28117"},"modified":"2019-10-16T15:47:09","modified_gmt":"2019-10-16T18:47:09","slug":"ato-normativo-no-136-2019-disp-07-10-2019","status":"publish","type":"post","link":"https:\/\/www.tjes.jus.br\/corregedoria\/2019\/10\/16\/ato-normativo-no-136-2019-disp-07-10-2019\/","title":{"rendered":"ATO NORMATIVO N\u00ba 136\/2019 \u2013 DISP. 07\/10\/2019"},"content":{"rendered":"<p align=\"center\"><strong>ESTADO DO ESP\u00cdRITO SANTO<\/strong><\/p>\n<p align=\"center\"><strong>PODER JUDICI\u00c1RIO<\/strong><\/p>\n<p align=\"center\"><strong>TRIBUNAL DE JUSTI\u00c7A<i><\/i><\/strong><\/p>\n<p align=\"center\"><strong><i>GABINETE DA PRESID\u00caNCIA<\/i><\/strong><\/p>\n<p align=\"center\">\n<p align=\"center\"><strong>ATO NORMATIVO n\u00ba 136\/2018<\/strong><\/p>\n<p align=\"center\"><strong>\u00a0<\/strong><\/p>\n<p>O Excelent\u00edssimo Senhor Desembargador S\u00e9rgio Luiz Teixeira Gama, Presidente do Egr\u00e9gio Tribunal de Justi\u00e7a do Estado do Esp\u00edrito Santo, no uso de suas atribui\u00e7\u00f5es legais,<\/p>\n<p>&nbsp;<\/p>\n<p style=\"text-align: justify;\">CONSIDERANDO o teor do expediente protocolado neste Egr\u00e9gio Tribunal de Justi\u00e7a sob o n\u00famero 7000884-72.2019.8.08.0024, encaminhado pelo Exmo. Sr. Dr. Marcelo Menezes Loureiro, Juiz de Direito titular da 10\u00aa Vara Criminal de Vit\u00f3ria, por meio do qual requer a suspens\u00e3o dos prazos processuais na referida unidade, no per\u00edodo de 07 a 11 de outubro de 2019, a fim de implantar o modelo de gest\u00e3o de unidade judici\u00e1ria baseada no sistema e-Jud;<\/p>\n<p style=\"text-align: justify;\">\n<p style=\"text-align: justify;\">CONSIDERANDO que a implanta\u00e7\u00e3o impedir\u00e1 o atendimento ao p\u00fablico e as atividades rotineiras da vara, visto que toda a for\u00e7a de trabalho estar\u00e1 direcionada \u00e0 reorganiza\u00e7\u00e3o do cart\u00f3rio, inviabilizando o regular desempenho das atividades forenses;<\/p>\n<p style=\"text-align: justify;\">\n<p style=\"text-align: justify;\">RESOLVE:<\/p>\n<p style=\"text-align: justify;\">\n<p style=\"text-align: justify;\">SUSPENDER os prazos processuais e o atendimento ao p\u00fablico na 10\u00aa Vara Criminal do Ju\u00edzo de Vit\u00f3ria \u2013 Comarca da Capital no per\u00edodo de 07 a 11 de outubro de 2019, ressalvada a aprecia\u00e7\u00e3o das medidas urgentes.<\/p>\n<p>&nbsp;<\/p>\n<p>Publique-se.<\/p>\n<p>&nbsp;<\/p>\n<p style=\"text-align: left;\" align=\"center\">Vit\u00f3ria, 04 de Outubro de 2019.<\/p>\n<p align=\"center\">\n<p align=\"center\">Desembargador S\u00c9RGIO LUIZ TEIXEIRA GAMA<\/p>\n<p align=\"center\">Presidente<\/p>\n","protected":false},"excerpt":{"rendered":"<p>ESTADO DO ESP\u00cdRITO SANTO PODER JUDICI\u00c1RIO TRIBUNAL DE JUSTI\u00c7A GABINETE DA PRESID\u00caNCIA ATO NORMATIVO n\u00ba 136\/2018 \u00a0 O Excelent\u00edssimo Senhor Desembargador S\u00e9rgio Luiz Teixeira Gama, Presidente do Egr\u00e9gio Tribunal de Justi\u00e7a do Estado do Esp\u00edrito Santo, no uso de suas atribui\u00e7\u00f5es legais, &nbsp; CONSIDERANDO o teor do expediente protocolado neste Egr\u00e9gio Tribunal de Justi\u00e7a sob [&hellip;]<\/p>\n","protected":false},"author":8,"featured_media":0,"comment_status":"closed","ping_status":"closed","sticky":false,"template":"","format":"standard","meta":{"footnotes":""},"categories":[4,14],"tags":[],"_links":{"self":[{"href":"https:\/\/www.tjes.jus.br\/corregedoria\/wp-json\/wp\/v2\/posts\/28117"}],"collection":[{"href":"https:\/\/www.tjes.jus.br\/corregedoria\/wp-json\/wp\/v2\/posts"}],"about":[{"href":"https:\/\/www.tjes.jus.br\/corregedoria\/wp-json\/wp\/v2\/types\/post"}],"author":[{"embeddable":true,"href":"https:\/\/www.tjes.jus.br\/corregedoria\/wp-json\/wp\/v2\/users\/8"}],"replies":[{"embeddable":true,"href":"https:\/\/www.tjes.jus.br\/corregedoria\/wp-json\/wp\/v2\/comments?post=28117"}],"version-history":[{"count":1,"href":"https:\/\/www.tjes.jus.br\/corregedoria\/wp-json\/wp\/v2\/posts\/28117\/revisions"}],"predecessor-version":[{"id":28118,"href":"https:\/\/www.tjes.jus.br\/corregedoria\/wp-json\/wp\/v2\/posts\/28117\/revisions\/28118"}],"wp:attachment":[{"href":"https:\/\/www.tjes.jus.br\/corregedoria\/wp-json\/wp\/v2\/media?parent=28117"}],"wp:term":[{"taxonomy":"category","embeddable":true,"href":"https:\/\/www.tjes.jus.br\/corregedoria\/wp-json\/wp\/v2\/categories?post=28117"},{"taxonomy":"post_tag","embeddable":true,"href":"https:\/\/www.tjes.jus.br\/corregedoria\/wp-json\/wp\/v2\/tags?post=28117"}],"curies":[{"name":"wp","href":"https:\/\/api.w.org\/{rel}","templated":true}]}}