{"id":28126,"date":"2019-10-16T16:12:36","date_gmt":"2019-10-16T19:12:36","guid":{"rendered":"https:\/\/www.tjes.jus.br\/corregedoria\/?p=28126"},"modified":"2019-10-16T16:44:46","modified_gmt":"2019-10-16T19:44:46","slug":"ato-normativo-no-138-2019-disp-11-10-2019","status":"publish","type":"post","link":"https:\/\/www.tjes.jus.br\/corregedoria\/2019\/10\/16\/ato-normativo-no-138-2019-disp-11-10-2019\/","title":{"rendered":"ATO NORMATIVO N\u00ba 138\/2019 \u2013 DISP. 11\/10\/2019"},"content":{"rendered":"<p align=\"center\"><strong>Poder Judici\u00e1rio do Estado do Esp\u00edrito Santo<\/strong><\/p>\n<p align=\"center\"><strong>Tribunal de Justi\u00e7a<\/strong><\/p>\n<p align=\"center\"><strong>Gabinete da Presid\u00eancia<\/strong><\/p>\n<p align=\"center\"><strong>ATO NORMATIVO N\u00ba 138 \/2019<\/strong><\/p>\n<p align=\"justify\"><strong>Disp\u00f5e sobre a sistem\u00e1tica de funcionamento do sistema Processo Judicial Eletr\u00f4nico \u2013 PJe no \u00e2mbito de atua\u00e7\u00e3o da Vara de Recupera\u00e7\u00e3o Judicial e Fal\u00eancia do Ju\u00edzo de Vit\u00f3ria \u2013 Comarca da Capital<\/strong>.<\/p>\n<p align=\"justify\"><strong>O Excelent\u00edssimo Senhor Desembargador S\u00c9RGIO LUIZ TEIXEIRA GAMA, Presidente do Egr\u00e9gio Tribunal de Justi\u00e7a do Estado do Esp\u00edrito Santo, no uso de suas atribui\u00e7\u00f5es legais<\/strong>,<\/p>\n<p align=\"justify\"><strong>CONSIDERANDO<\/strong>\u00a0o disposto na Resolu\u00e7\u00e3o n\u00ba 185\/2013, do Colendo Conselho Nacional de Justi\u00e7a, que instituiu o Sistema Processo Judicial Eletr\u00f4nico \u2013 PJe, estabelecendo regras para a sua implanta\u00e7\u00e3o;<\/p>\n<p align=\"justify\"><strong>CONSIDERANDO<\/strong>\u00a0a revoga\u00e7\u00e3o da <a href=\"https:\/\/www.tjes.jus.br\/corregedoria\/2019\/07\/08\/resolucao-no-019-2019-disp-08-07-2019\/\">Resolu\u00e7\u00e3o n\u00ba 19\/2019<\/a> pela <a href=\"https:\/\/www.tjes.jus.br\/corregedoria\/2019\/10\/14\/resolucao-no-023-2019-disp-20-09-2019\/\">Resolu\u00e7\u00e3o n\u00ba 23\/2019<\/a>, de 20 de setembro de 2019, que modificou a esfera de compet\u00eancia da 13\u00aa Vara C\u00edvel do Ju\u00edzo de Vit\u00f3ria \u2013 Comarca da Capital, denominando-a, a partir de ent\u00e3o, como Vara de Recupera\u00e7\u00e3o Judicial e Fal\u00eancia do Ju\u00edzo de Vit\u00f3ria \u2013 Comarca da Capital (art. 1\u00ba), tornando mais uma vez imperiosa a observ\u00e2ncia das diretrizes tra\u00e7adas pelo Colendo Conselho Nacional de Justi\u00e7a em rela\u00e7\u00e3o \u00e0 necessidade de manuten\u00e7\u00e3o do funcionamento do PJe naquele Ju\u00edzo;<\/p>\n<p align=\"justify\"><strong>RESOLVE<\/strong>:<\/p>\n<p style=\"text-align: justify;\" align=\"justify\">Art. 1\u00ba A partir da entrada em vigor deste Ato Normativo, a propositura de a\u00e7\u00f5es que se enquadrem na compet\u00eancia da Vara de Recupera\u00e7\u00e3o Judicial e Fal\u00eancia do Ju\u00edzo de Vit\u00f3ria \u2013 Comarca da Capital dever\u00e1 ser feita exclusivamente no Sistema Processo Judicial Eletr\u00f4nico \u2013 PJe.<\/p>\n<p style=\"text-align: justify;\" align=\"justify\">Art. 2\u00ba N\u00e3o ter\u00e3o processamento no sistema Processo Judicial Eletr\u00f4nico \u2013 PJe:<\/p>\n<p style=\"text-align: justify;\" align=\"justify\">I \u2013 os peticionamentos, recursos e incidentes vinculados a processos que j\u00e1 tramitem nos demais sistemas judiciais.<\/p>\n<p style=\"text-align: justify;\" align=\"justify\">II \u2013 a\u00e7\u00f5es que tramitem em meio f\u00edsico nas Unidades de origem e sejam atra\u00eddas pelo Ju\u00edzo falimentar.<\/p>\n<p style=\"text-align: justify;\" align=\"justify\">III \u2013 cartas precat\u00f3rias dirigidas \u00e0 Vara de Recupera\u00e7\u00e3o Judicial e Fal\u00eancia do Ju\u00edzo de Vit\u00f3ria \u2013 Comarca da Capital, enquanto n\u00e3o implementado o PJe nos demais Ju\u00edzos que integram a Comarca da Capital.<\/p>\n<p style=\"text-align: justify;\" align=\"justify\">Par\u00e1grafo \u00fanico. Se o recorrente optar pela apresenta\u00e7\u00e3o do Agravo de Instrumento perante a Vara de Recupera\u00e7\u00e3o Judicial e Fal\u00eancia do Ju\u00edzo de Vit\u00f3ria \u2013 Comarca da Capital, nos moldes do art. 1.017, \u00a72\u00ba, inciso II, do CPC, a interposi\u00e7\u00e3o fica condicionada \u00e0 apresenta\u00e7\u00e3o do recurso e das pe\u00e7as obrigat\u00f3rias em meio f\u00edsico na Unidade Judici\u00e1ria, bem como \u00e0 juntada da peti\u00e7\u00e3o do Agravo de Instrumento nos pr\u00f3prios autos eletr\u00f4nicos de origem.<\/p>\n<p style=\"text-align: justify;\" align=\"justify\">Art. 3\u00ba Todas as comunica\u00e7\u00f5es oficiais que transitem entre \u00f3rg\u00e3os do Poder Judici\u00e1rio ser\u00e3o feitas, preferencialmente, por meio eletr\u00f4nico.<\/p>\n<p style=\"text-align: justify;\" align=\"justify\">\u00a71\u00ba Fica vedado o recebimento de Cartas Precat\u00f3rias, pelo PJe, no \u00e2mbito da Vara de Recupera\u00e7\u00e3o Judicial e Fal\u00eancia do Ju\u00edzo de Vit\u00f3ria \u2013 Comarca da Capital, enquanto n\u00e3o implementado o PJe nos demais Ju\u00edzos que integram a Comarca da Capital.<\/p>\n<p style=\"text-align: justify;\" align=\"justify\">\u00a72\u00ba Na hip\u00f3tese de inobserv\u00e2ncia da regra do par\u00e1grafo anterior, caber\u00e1 ao magistrado ordenar o cancelamento da distribui\u00e7\u00e3o porventura realizada de modo volunt\u00e1rio pelo representante da parte ou a restitui\u00e7\u00e3o da carta precat\u00f3ria ao Juizado de Direito de origem, quando por este tiver sido efetuada.<\/p>\n<p style=\"text-align: justify;\" align=\"justify\">\u00a73\u00ba As cartas precat\u00f3rias que tiverem de ser expedidas pela Vara de Recupera\u00e7\u00e3o Judicial e Fal\u00eancia do Ju\u00edzo de Vit\u00f3ria \u2013 Comarca da Capital nos autos de processo que tramite no PJe, para as demais Unidades Judici\u00e1rias que funcionem com o mesmo sistema, dever\u00e3o ser cadastradas e distribu\u00eddas diretamente no PJe pela Unidade Judici\u00e1ria do Ju\u00edzo Deprecante.<\/p>\n<p style=\"text-align: justify;\" align=\"justify\">\u00a74\u00ba Quando houver expedi\u00e7\u00e3o de carta precat\u00f3ria para Juizado de Direito que n\u00e3o atue no PJe, a parte interessada na sua expedi\u00e7\u00e3o ser\u00e1 intimada para diligenciar por sua instru\u00e7\u00e3o e subsequente distribui\u00e7\u00e3o, mediante pr\u00e9vio recolhimento de custas, nos moldes do previsto no art. 116, inciso III, do C\u00f3digo de Normas da E. Corregedoria-Geral da Justi\u00e7a deste Estado, salvo se tratar de ato de interesse da pr\u00f3pria Unidade Judici\u00e1ria ou que seja praticado em prol de quem litigue sob o p\u00e1lio da assist\u00eancia judici\u00e1ria gratuita, hip\u00f3tese na qual caber\u00e1 \u00e0 Secretaria proceder \u00e0 impress\u00e3o e ao encaminhamento das pe\u00e7as necess\u00e1rias ao cumprimento das dilig\u00eancias deprecadas.<\/p>\n<p style=\"text-align: justify;\" align=\"justify\">Art. 4\u00ba Os casos omissos ser\u00e3o resolvidos pelo Presidente do Egr\u00e9gio Tribunal de Justi\u00e7a.<\/p>\n<p style=\"text-align: justify;\" align=\"justify\">Art. 5\u00ba O presente Ato Normativo entra em vigor na data de sua publica\u00e7\u00e3o.<\/p>\n<p style=\"text-align: justify;\" align=\"justify\">Publique-se no Di\u00e1rio da Justi\u00e7a eletr\u00f4nico \u2013 DJe. Oficie-se ao Minist\u00e9rio P\u00fablico, \u00e0 Defensoria P\u00fablica Estadual e \u00e0 Ordem dos Advogados do Brasil\/ES.<\/p>\n<p align=\"justify\">Vit\u00f3ria\/ES, 10 de Outubro de 2019.<\/p>\n<p align=\"center\"><strong>Des. S\u00c9RGIO LUIZ TEIXEIRA GAMA<\/strong><\/p>\n<p align=\"center\"><strong>Presidente<\/strong><\/p>\n<p>&nbsp;<\/p>\n","protected":false},"excerpt":{"rendered":"<p>Poder Judici\u00e1rio do Estado do Esp\u00edrito Santo Tribunal de Justi\u00e7a Gabinete da Presid\u00eancia ATO NORMATIVO N\u00ba 138 \/2019 Disp\u00f5e sobre a sistem\u00e1tica de funcionamento do sistema Processo Judicial Eletr\u00f4nico \u2013 PJe no \u00e2mbito de atua\u00e7\u00e3o da Vara de Recupera\u00e7\u00e3o Judicial e Fal\u00eancia do Ju\u00edzo de Vit\u00f3ria \u2013 Comarca da Capital. O Excelent\u00edssimo Senhor Desembargador S\u00c9RGIO [&hellip;]<\/p>\n","protected":false},"author":8,"featured_media":0,"comment_status":"closed","ping_status":"closed","sticky":false,"template":"","format":"standard","meta":{"footnotes":""},"categories":[4,14],"tags":[],"_links":{"self":[{"href":"https:\/\/www.tjes.jus.br\/corregedoria\/wp-json\/wp\/v2\/posts\/28126"}],"collection":[{"href":"https:\/\/www.tjes.jus.br\/corregedoria\/wp-json\/wp\/v2\/posts"}],"about":[{"href":"https:\/\/www.tjes.jus.br\/corregedoria\/wp-json\/wp\/v2\/types\/post"}],"author":[{"embeddable":true,"href":"https:\/\/www.tjes.jus.br\/corregedoria\/wp-json\/wp\/v2\/users\/8"}],"replies":[{"embeddable":true,"href":"https:\/\/www.tjes.jus.br\/corregedoria\/wp-json\/wp\/v2\/comments?post=28126"}],"version-history":[{"count":3,"href":"https:\/\/www.tjes.jus.br\/corregedoria\/wp-json\/wp\/v2\/posts\/28126\/revisions"}],"predecessor-version":[{"id":28138,"href":"https:\/\/www.tjes.jus.br\/corregedoria\/wp-json\/wp\/v2\/posts\/28126\/revisions\/28138"}],"wp:attachment":[{"href":"https:\/\/www.tjes.jus.br\/corregedoria\/wp-json\/wp\/v2\/media?parent=28126"}],"wp:term":[{"taxonomy":"category","embeddable":true,"href":"https:\/\/www.tjes.jus.br\/corregedoria\/wp-json\/wp\/v2\/categories?post=28126"},{"taxonomy":"post_tag","embeddable":true,"href":"https:\/\/www.tjes.jus.br\/corregedoria\/wp-json\/wp\/v2\/tags?post=28126"}],"curies":[{"name":"wp","href":"https:\/\/api.w.org\/{rel}","templated":true}]}}