{"id":28129,"date":"2019-10-16T16:18:19","date_gmt":"2019-10-16T19:18:19","guid":{"rendered":"https:\/\/www.tjes.jus.br\/corregedoria\/?p=28129"},"modified":"2019-10-16T16:18:19","modified_gmt":"2019-10-16T19:18:19","slug":"resolucao-no-028-2019-disp-14-10-2019","status":"publish","type":"post","link":"https:\/\/www.tjes.jus.br\/corregedoria\/2019\/10\/16\/resolucao-no-028-2019-disp-14-10-2019\/","title":{"rendered":"RESOLU\u00c7\u00c3O N\u00ba 028\/2019 \u2013 DISP. 14\/10\/2019"},"content":{"rendered":"<p align=\"center\"><strong>ESTADO DO ESP\u00cdRITO SANTO<\/strong><\/p>\n<p align=\"center\"><strong>PODER JUDICI\u00c1RIO<\/strong><\/p>\n<p align=\"center\"><strong>TRIBUNAL DE JUSTI\u00c7A<\/strong><\/p>\n<p align=\"center\"><strong>Presid\u00eancia<\/strong><\/p>\n<p align=\"center\">\n<p align=\"center\"><strong>RESOLU\u00c7\u00c3O N\u00ba 028\/2019<\/strong><\/p>\n<p style=\"text-align: justify;\">\n<p style=\"text-align: justify;\"><strong><i>Altera a denomina\u00e7\u00e3o e a compet\u00eancia da Vara da Fazenda P\u00fablica Estadual, de Registros P\u00fablicos e Meio Ambiente, bem como da Vara da Fazenda P\u00fablica Municipal, Juizado Especial Criminal e Juizado Especial da Fazenda P\u00fablica, ambas da Comarca de Colatina.<\/i><\/strong><\/p>\n<p style=\"text-align: justify;\"><strong>\u00a0<\/strong><\/p>\n<p style=\"text-align: justify;\">O PRESIDENTE DO EGR\u00c9GIO TRIBUNAL DE JUSTI\u00c7A DO ESTADO DO ESP\u00cdRITO SANTO, Desembargador S\u00e9rgio Luiz Teixeira Gama, no uso de suas atribui\u00e7\u00f5es legais e regimentais, tendo em vista a delibera\u00e7\u00e3o na Sess\u00e3o do Egr\u00e9gio Tribunal Pleno, proferida em sess\u00e3o administrativa do dia 10 de Outubro de 2019;<\/p>\n<p style=\"text-align: justify;\">\n<p style=\"text-align: justify;\">CONSIDERANDO o requerimento formulado pelos Exmos. Magistrados titulares da Vara da Fazenda P\u00fablica Municipal, Juizado Especial Criminal e Juizado Especial da Fazenda P\u00fablica e da Vara da Fazenda P\u00fablica Estadual, Registros P\u00fablicos e Meio Ambiente;<\/p>\n<p style=\"text-align: justify;\">\n<p style=\"text-align: justify;\">CONSIDERANDO desequil\u00edbrio na distribui\u00e7\u00e3o de novos feitos entre Vara da Fazenda P\u00fablica Municipal, Juizado Especial Criminal e Juizado Especial da Fazenda P\u00fablica e a Vara da Fazenda P\u00fablica Estadual, Registros P\u00fablicos e Meio Ambiente;<\/p>\n<p style=\"text-align: justify;\">\n<p style=\"text-align: justify;\">CONSIDERANDO a necessidade urgente de se equalizar a distribui\u00e7\u00e3o entre as duas unidades, permitindo, assim, a correta e justa presta\u00e7\u00e3o jurisdicional;<\/p>\n<p style=\"text-align: justify;\">\n<p style=\"text-align: justify;\">RESOLVE:<\/p>\n<p style=\"text-align: justify;\">\n<p style=\"text-align: justify;\">Art. 1\u00ba \u2013 A atual\u00a0<i>Vara da Fazenda P\u00fablica Estadual, de Registros P\u00fablicos e Meio Ambiente<\/i>\u00a0passa a ser denominada\u00a0<strong>Vara da Fazenda P\u00fablica Estadual, Municipal, de Registros P\u00fablicos e Meio Ambiente<\/strong><i>.<\/i><\/p>\n<p style=\"text-align: justify;\">\n<p style=\"text-align: justify;\">\u00a71\u00ba \u2013 A Vara da Fazenda P\u00fablica Estadual, Municipal, de Registros P\u00fablicos e Meio Ambiente passa a ter compet\u00eancia para julgar os feitos de mat\u00e9ria de Fazenda P\u00fablica Municipal, al\u00e9m das compet\u00eancias j\u00e1 existentes.<\/p>\n<p style=\"text-align: justify;\">\n<p style=\"text-align: justify;\">Art. 2\u00ba \u2013 A atual\u00a0<i>Vara da Fazenda P\u00fablica Municipal, Juizado Especial Criminal e Juizado Especial da Fazenda P\u00fablica<\/i>\u00a0passa a ser denominada\u00a0<strong>Juizado Especial Criminal e Juizado Especial da Fazenda P\u00fablica.<\/strong><\/p>\n<p style=\"text-align: justify;\">\n<p style=\"text-align: justify;\">\u00a71\u00ba \u2013 O Juizado Especial Criminal e Juizado Especial da Fazenda P\u00fablica ter\u00e1 compet\u00eancia exclusiva para o julgamento dos feitos de que tratam as Leis n\u00ba 9.099\/1995 e 12.153\/2009.<\/p>\n<p style=\"text-align: justify;\">\n<p style=\"text-align: justify;\">Art. 2\u00ba \u2013 O acervo processual de ambas as unidades judici\u00e1rias ser\u00e1 mantido nas varas de origem, n\u00e3o havendo redistribui\u00e7\u00e3o dos feitos.<\/p>\n<p style=\"text-align: justify;\">\n<p>Art. 3\u00ba Esta Resolu\u00e7\u00e3o entra em vigor na data de sua publica\u00e7\u00e3o.<\/p>\n<p>&nbsp;<\/p>\n<p>Publique-se.<\/p>\n<p>&nbsp;<\/p>\n<p>Vit\u00f3ria\/ES, 11 de Outubro de 2019.<\/p>\n<p align=\"center\">\n<p align=\"center\">\n<p align=\"center\"><strong>Desembargador S\u00c9RGIO LUIZ TEIXEIRA GAMA<\/strong><\/p>\n<p align=\"center\"><strong>Presidente<\/strong><\/p>\n","protected":false},"excerpt":{"rendered":"<p>ESTADO DO ESP\u00cdRITO SANTO PODER JUDICI\u00c1RIO TRIBUNAL DE JUSTI\u00c7A Presid\u00eancia RESOLU\u00c7\u00c3O N\u00ba 028\/2019 Altera a denomina\u00e7\u00e3o e a compet\u00eancia da Vara da Fazenda P\u00fablica Estadual, de Registros P\u00fablicos e Meio Ambiente, bem como da Vara da Fazenda P\u00fablica Municipal, Juizado Especial Criminal e Juizado Especial da Fazenda P\u00fablica, ambas da Comarca de Colatina. \u00a0 O [&hellip;]<\/p>\n","protected":false},"author":8,"featured_media":0,"comment_status":"closed","ping_status":"closed","sticky":false,"template":"","format":"standard","meta":{"footnotes":""},"categories":[14,13],"tags":[],"_links":{"self":[{"href":"https:\/\/www.tjes.jus.br\/corregedoria\/wp-json\/wp\/v2\/posts\/28129"}],"collection":[{"href":"https:\/\/www.tjes.jus.br\/corregedoria\/wp-json\/wp\/v2\/posts"}],"about":[{"href":"https:\/\/www.tjes.jus.br\/corregedoria\/wp-json\/wp\/v2\/types\/post"}],"author":[{"embeddable":true,"href":"https:\/\/www.tjes.jus.br\/corregedoria\/wp-json\/wp\/v2\/users\/8"}],"replies":[{"embeddable":true,"href":"https:\/\/www.tjes.jus.br\/corregedoria\/wp-json\/wp\/v2\/comments?post=28129"}],"version-history":[{"count":1,"href":"https:\/\/www.tjes.jus.br\/corregedoria\/wp-json\/wp\/v2\/posts\/28129\/revisions"}],"predecessor-version":[{"id":28130,"href":"https:\/\/www.tjes.jus.br\/corregedoria\/wp-json\/wp\/v2\/posts\/28129\/revisions\/28130"}],"wp:attachment":[{"href":"https:\/\/www.tjes.jus.br\/corregedoria\/wp-json\/wp\/v2\/media?parent=28129"}],"wp:term":[{"taxonomy":"category","embeddable":true,"href":"https:\/\/www.tjes.jus.br\/corregedoria\/wp-json\/wp\/v2\/categories?post=28129"},{"taxonomy":"post_tag","embeddable":true,"href":"https:\/\/www.tjes.jus.br\/corregedoria\/wp-json\/wp\/v2\/tags?post=28129"}],"curies":[{"name":"wp","href":"https:\/\/api.w.org\/{rel}","templated":true}]}}