{"id":28154,"date":"2019-10-16T17:19:08","date_gmt":"2019-10-16T20:19:08","guid":{"rendered":"https:\/\/www.tjes.jus.br\/corregedoria\/?p=28154"},"modified":"2019-10-16T17:25:37","modified_gmt":"2019-10-16T20:25:37","slug":"resolucao-no-022-2019-disp-02-09-2019","status":"publish","type":"post","link":"https:\/\/www.tjes.jus.br\/corregedoria\/2019\/10\/16\/resolucao-no-022-2019-disp-02-09-2019\/","title":{"rendered":"RESOLU\u00c7\u00c3O N\u00ba 022\/2019 \u2013 DISP. 02\/09\/2019"},"content":{"rendered":"<p align=\"center\"><strong>ESTADO DO ESP\u00cdRITO SANTO<\/strong><\/p>\n<p align=\"center\"><strong>PODER JUDICI\u00c1RIO<\/strong><\/p>\n<p align=\"center\"><strong>TRIBUNAL DE JUSTI\u00c7A<\/strong><\/p>\n<p align=\"center\"><strong>Gabinete da Presid\u00eancia<\/strong><\/p>\n<p align=\"center\"><strong>RESOLU\u00c7\u00c3O N\u00ba 22\/2019<\/strong><\/p>\n<p>&nbsp;<\/p>\n<p style=\"text-align: justify;\"><strong>Altera o art. 1\u00ba, inciso I, al\u00ednea \u201cd\u201d; o art. 1\u00ba, inciso IV, al\u00ednea \u201ca\u201d; o art. 1\u00ba, inciso VII; o art. 2\u00ba, inciso I; o art. 3\u00ba, inciso VII, todos da Resolu\u00e7\u00e3o n\u00ba 022 de 28 de Junho de 2018.<\/strong><\/p>\n<p style=\"text-align: justify;\" align=\"justify\">O PRESIDENTE DO EGR\u00c9GIO TRIBUNAL DE JUSTI\u00c7A DO ESTADO DO ESP\u00cdRITO SANTO, Desembargador S\u00e9rgio Luiz Teixeira Gama, no uso de suas atribui\u00e7\u00f5es legais e regimentais, tendo em vista a delibera\u00e7\u00e3o na Sess\u00e3o do Egr\u00e9gio Tribunal Pleno, em sess\u00e3o realizada no dia 29 de agosto de 2019,<\/p>\n<p style=\"text-align: justify;\" align=\"justify\">CONSIDERANDO o teor do pedido protocolado neste Tribunal de Justi\u00e7a sob o n\u00ba 2019.00.107.929;<\/p>\n<p style=\"text-align: justify;\" align=\"justify\">CONSIDERANDO o teor do pedido protocolado neste Tribunal de Justi\u00e7a sob o n\u00ba 2019.00.455.013;<\/p>\n<p style=\"text-align: justify;\" align=\"justify\">CONSIDERANDO o art. 6\u00ba da Resolu\u00e7\u00e3o n\u00ba 37 de 20 de agosto de 2014;<\/p>\n<p style=\"text-align: justify;\" align=\"justify\">CONSIDERANDO o art. 39-A, inciso I, da Lei Complementar n\u00ba 234\/2002, alterada pela Lei Complementar n\u00ba 788\/2014, bem como os artigos 3\u00ba e 4\u00ba da Resolu\u00e7\u00e3o n\u00ba 039 de 22 de agosto de 2014;<\/p>\n<p style=\"text-align: justify;\" align=\"justify\">RESOLVE:<\/p>\n<p style=\"text-align: justify;\" align=\"justify\">Art. 1\u00ba Alterar o art. 1\u00ba, inciso I, al\u00edneas \u201cd\u201d, \u201ce\u201d e \u201cf\u201d, da Resolu\u00e7\u00e3o n\u00ba 22 de 28 de Junho de 2018, que passam a vigorar com as seguintes reda\u00e7\u00f5es:<\/p>\n<p style=\"text-align: justify;\">a) os Ju\u00edzes de Direito das Varas da Fazenda P\u00fablica Estadual, Municipal, Registros P\u00fablicos, Meio Ambiente e Sa\u00fade, ser\u00e3o substitu\u00eddos pelos Ju\u00edzes de Direito das Varas da Fazenda P\u00fablica Privativas das Execu\u00e7\u00f5es Fiscais Estaduais;<\/p>\n<p style=\"text-align: justify;\">b) os Ju\u00edzes de Direito das Varas da Fazenda P\u00fablica Privativas das Execu\u00e7\u00f5es Fiscais Estaduais pelo Juiz de Direito da Vara da Fazenda P\u00fablica Privativa das Execu\u00e7\u00f5es Fiscais Municipais;<\/p>\n<p>&nbsp;<\/p>\n<p style=\"text-align: justify;\">c) os Ju\u00edzes de Direito das Varas da Fazenda P\u00fablica Privativas das Execu\u00e7\u00f5es Fiscais Municipais pelo Juiz de Direito da Auditoria da Justi\u00e7a Militar;<\/p>\n<p style=\"text-align: justify;\">d) o Juiz de Direito da Auditoria da Justi\u00e7a Militar pelos Ju\u00edzes de Direito das\u00a0<strong>Varas Criminais, iniciando-se pela 2\u00aa Vara Criminal<\/strong>;<\/p>\n<p style=\"text-align: justify;\">e) os Ju\u00edzes de Direito das Varas C\u00edveis\u00a0<strong>pelo Juiz de Direito da Vara de Acidente de Trabalho;<\/strong><\/p>\n<p style=\"text-align: justify;\">f) o Juiz de Direito da Vara de Acidente de Trabalho pelos Ju\u00edzes de Direito das Varas de Fam\u00edlia;<\/p>\n<p style=\"text-align: justify;\">g) os Ju\u00edzes de Direito das Varas de Fam\u00edlia pelos Ju\u00edzes de Direito das Varas de \u00d3rf\u00e3os e Sucess\u00f5es;<\/p>\n<p>&nbsp;<\/p>\n<p>h) os Ju\u00edzes de Direito das Varas de \u00d3rf\u00e3os e Sucess\u00f5es pelos Ju\u00edzes de Direito das Varas Especializadas da Inf\u00e2ncia e Juventude;<\/p>\n<p>&nbsp;<\/p>\n<p style=\"text-align: justify;\">i) os Ju\u00edzes de Direito das Varas Especializadas de Inf\u00e2ncia e Juventude pelos Ju\u00edzes de Direito dos Juizados Especiais C\u00edveis;<\/p>\n<p style=\"text-align: justify;\">j) os Ju\u00edzes de Direito dos Juizados Especiais C\u00edveis pelos Ju\u00edzes de Direito dos Juizados Especiais Criminais e de Juizados Especiais da Fazenda P\u00fablica;<\/p>\n<p style=\"text-align: justify;\">k) os Ju\u00edzes de Direito dos Juizados Especiais Criminais e de Juizados Especiais da Fazenda P\u00fablica pelo Juiz de Direito da Vara Especializada em Viol\u00eancia Dom\u00e9stica e Familiar contra a Mulher;<\/p>\n<p style=\"text-align: justify;\">k) o Juiz de Direito da Vara Especializada em Viol\u00eancia Dom\u00e9stica e Familiar contra a Mulher pelos Ju\u00edzes de Direito das Varas Criminais, iniciando-se pela 2\u00aa Vara Criminal;<\/p>\n<p style=\"text-align: justify;\">l) os Ju\u00edzes de Direito das Varas Criminais pelos Ju\u00edzes de Direito das Varas da Fazenda P\u00fablica Estadual, Municipal, Registros P\u00fablicos, Meio Ambiente e Sa\u00fade.<\/p>\n<p style=\"text-align: justify;\" align=\"justify\">Art. 2\u00ba Alterar o art. 1\u00ba, inciso IV, al\u00ednea \u201ca\u201d, da Resolu\u00e7\u00e3o n\u00ba 22 de 28 de Junho de 2018, que passa a vigorar com a seguinte reda\u00e7\u00e3o:<\/p>\n<p style=\"text-align: justify;\">a) o Juiz de Direito da Vara da Fazenda P\u00fablica Estadual, Registros P\u00fablicos e Meio Ambiente ser\u00e1 substitu\u00eddo pelos Ju\u00edzes de Direito das Varas C\u00edveis<i><strong>, mediante sorteio entre as mesmas<\/strong><\/i>;<\/p>\n<p style=\"text-align: justify;\" align=\"justify\">Art. 3\u00ba Alterar o art. 1\u00ba, inciso VII, da Resolu\u00e7\u00e3o n\u00ba 22 de 28 de Junho de 2018, que passa a vigorar com a seguinte reda\u00e7\u00e3o:<\/p>\n<p style=\"text-align: justify;\">VII \u2013 No Ju\u00edzo de FUND\u00c3O, o Juiz de Direito ser\u00e1 substitu\u00eddo pelos Ju\u00edzes de Direito do Ju\u00edzo de Serra, observando-se a natureza do feito (compet\u00eancia em raz\u00e3o da mat\u00e9ria)<strong>, mediante sorteio entre as varas de compet\u00eancia concorrente.<\/strong><\/p>\n<p style=\"text-align: justify;\" align=\"justify\">Art. 4\u00ba Alterar o art. 2\u00ba, inciso I, da Resolu\u00e7\u00e3o n\u00ba 22 de 28 de Junho de 2018, que passa a vigorar com a seguinte reda\u00e7\u00e3o:<\/p>\n<p style=\"text-align: justify;\">I. Na Comarca de ARACRUZ, esgotada a compet\u00eancia concorrente as substitui\u00e7\u00f5es acontecer\u00e3o na seguinte sequ\u00eancia: o Juiz da Vara da Fazenda P\u00fablica Estadual, Municipal, Registros P\u00fablicos e Meio Ambiente ser\u00e1 substitu\u00eddo pelos Ju\u00edzes das Varas C\u00edveis, Fam\u00edlia e \u00d3rf\u00e3os e Sucess\u00f5es; os Ju\u00edzes das Varas C\u00edveis, Fam\u00edlia e \u00d3rf\u00e3os e Sucess\u00f5es pelos Ju\u00edzes dos Juizados Especiais; os Ju\u00edzes dos Juizados Especiais ser\u00e3o substitu\u00eddos pelo Juiz da Vara de Inf\u00e2ncia e Juventude; o Juiz da Vara de Inf\u00e2ncia e Juventude ser\u00e1 substitu\u00eddo pelos Ju\u00edzes das Varas Criminais; os Ju\u00edzes das Varas Criminais ser\u00e3o substitu\u00eddos pelo Juiz da Vara da Fazenda P\u00fablica Estadual, Municipal, Registros P\u00fablicos e Meio Ambiente.<\/p>\n<p style=\"text-align: justify;\" align=\"justify\">Art. 5\u00ba Alterar o art. 3\u00ba, inciso VII, da Resolu\u00e7\u00e3o n\u00ba 22 de 28 de Junho de 2018, que passa a vigorar com a seguinte reda\u00e7\u00e3o:<\/p>\n<p style=\"text-align: justify;\">VII. Na Comarca de Pi\u00fama, o Juiz da 1\u00aa Vara ser\u00e1 substitu\u00eddo pelo Juiz da 2\u00aa Vara e vice-versa, persistindo a aus\u00eancia ou impedimento\/suspei\u00e7\u00e3o, pelo Juiz da Comarca de Anchieta.<\/p>\n<p align=\"justify\">Art. 6\u00ba Esta Resolu\u00e7\u00e3o entra em vigor na data de sua publica\u00e7\u00e3o.<\/p>\n<p align=\"justify\">Publique-se.<\/p>\n<p align=\"justify\">Vit\u00f3ria \u2013 ES, 30 de Agosto de 2019.<\/p>\n<p align=\"center\">Desembargador S\u00c9RGIO LUIZ TEIXEIRA GAMA<\/p>\n<p align=\"center\">Presidente<\/p>\n","protected":false},"excerpt":{"rendered":"<p>ESTADO DO ESP\u00cdRITO SANTO PODER JUDICI\u00c1RIO TRIBUNAL DE JUSTI\u00c7A Gabinete da Presid\u00eancia RESOLU\u00c7\u00c3O N\u00ba 22\/2019 &nbsp; Altera o art. 1\u00ba, inciso I, al\u00ednea \u201cd\u201d; o art. 1\u00ba, inciso IV, al\u00ednea \u201ca\u201d; o art. 1\u00ba, inciso VII; o art. 2\u00ba, inciso I; o art. 3\u00ba, inciso VII, todos da Resolu\u00e7\u00e3o n\u00ba 022 de 28 de Junho [&hellip;]<\/p>\n","protected":false},"author":8,"featured_media":0,"comment_status":"closed","ping_status":"closed","sticky":false,"template":"","format":"standard","meta":{"footnotes":""},"categories":[14,13],"tags":[],"_links":{"self":[{"href":"https:\/\/www.tjes.jus.br\/corregedoria\/wp-json\/wp\/v2\/posts\/28154"}],"collection":[{"href":"https:\/\/www.tjes.jus.br\/corregedoria\/wp-json\/wp\/v2\/posts"}],"about":[{"href":"https:\/\/www.tjes.jus.br\/corregedoria\/wp-json\/wp\/v2\/types\/post"}],"author":[{"embeddable":true,"href":"https:\/\/www.tjes.jus.br\/corregedoria\/wp-json\/wp\/v2\/users\/8"}],"replies":[{"embeddable":true,"href":"https:\/\/www.tjes.jus.br\/corregedoria\/wp-json\/wp\/v2\/comments?post=28154"}],"version-history":[{"count":2,"href":"https:\/\/www.tjes.jus.br\/corregedoria\/wp-json\/wp\/v2\/posts\/28154\/revisions"}],"predecessor-version":[{"id":28158,"href":"https:\/\/www.tjes.jus.br\/corregedoria\/wp-json\/wp\/v2\/posts\/28154\/revisions\/28158"}],"wp:attachment":[{"href":"https:\/\/www.tjes.jus.br\/corregedoria\/wp-json\/wp\/v2\/media?parent=28154"}],"wp:term":[{"taxonomy":"category","embeddable":true,"href":"https:\/\/www.tjes.jus.br\/corregedoria\/wp-json\/wp\/v2\/categories?post=28154"},{"taxonomy":"post_tag","embeddable":true,"href":"https:\/\/www.tjes.jus.br\/corregedoria\/wp-json\/wp\/v2\/tags?post=28154"}],"curies":[{"name":"wp","href":"https:\/\/api.w.org\/{rel}","templated":true}]}}