{"id":28168,"date":"2019-10-16T17:36:36","date_gmt":"2019-10-16T20:36:36","guid":{"rendered":"https:\/\/www.tjes.jus.br\/corregedoria\/?p=28168"},"modified":"2019-10-16T17:36:36","modified_gmt":"2019-10-16T20:36:36","slug":"resolucao-no-25-2019-disp-15-10-2019","status":"publish","type":"post","link":"https:\/\/www.tjes.jus.br\/corregedoria\/2019\/10\/16\/resolucao-no-25-2019-disp-15-10-2019\/","title":{"rendered":"RESOLU\u00c7\u00c3O N\u00ba 25\/2019 \u2013 DISP. 15\/10\/2019"},"content":{"rendered":"<p align=\"center\"><strong>ESTADO DO ESP\u00cdRITO SANTO<\/strong><\/p>\n<p align=\"center\"><strong>PODER JUDICI\u00c1RIO<\/strong><\/p>\n<p align=\"center\"><strong>TRIBUNAL DE JUSTI\u00c7A<\/strong><\/p>\n<p align=\"center\">\n<p align=\"center\"><strong>RESOLU\u00c7\u00c3O N\u00b0 25\/ 2019<\/strong><\/p>\n<p align=\"center\">\n<p align=\"justify\">O Exm\u00ba Sr. Desembargador SERGIO LUIZ TEIXEIRA GAMA, Presidente deste Egr\u00e9gio Tribunal de Justi\u00e7a, no uso de suas atribui\u00e7\u00f5es legais e regimentais e tendo em vista decis\u00e3o un\u00e2nime do Egr\u00e9gio Tribunal Pleno, em sess\u00e3o ordin\u00e1ria realizada no dia 03\/10\/2019,<\/p>\n<p align=\"justify\">\n<p align=\"justify\">RESOLVE:<\/p>\n<p align=\"justify\">\n<p style=\"text-align: justify;\" align=\"justify\">FICAM ELEITOS o Exm\u00ba Sr. Des. WILLIAN SILVA e a Exm\u00aa Sr\u00aa. Des. ELIANA JUNQUEIRA MUNH\u00d3S FERREIRA para comporem o Egr\u00e9gio CONSELHO DA MAGISTRATURA no Bi\u00eanio 2020\/2021, bem como a Exm\u00aa Sr\u00aa Des. JANETE VARGAS SIM\u00d5ES e o Exm\u00ba Sr. Des. ROBSON LUIZ ALBANEZ como os Suplentes, na forma dos arts. 6\u00ba, 10, \u00a7 1\u00ba, e 56, do Regimento Interno, e art. 34, da Lei Complementar n\u00ba 234\/02.<\/p>\n<p align=\"justify\">\n<p align=\"justify\">PUBLIQUE-SE<\/p>\n<p align=\"justify\">\n<p align=\"justify\">Vit\u00f3ria, 10 de outubro de 2019.<\/p>\n<p align=\"justify\">\n<p align=\"center\">DES. SERGIO LUIZ TEIXEIRA GAMA &#8211; PRESIDENTE<\/p>\n","protected":false},"excerpt":{"rendered":"<p>ESTADO DO ESP\u00cdRITO SANTO PODER JUDICI\u00c1RIO TRIBUNAL DE JUSTI\u00c7A RESOLU\u00c7\u00c3O N\u00b0 25\/ 2019 O Exm\u00ba Sr. Desembargador SERGIO LUIZ TEIXEIRA GAMA, Presidente deste Egr\u00e9gio Tribunal de Justi\u00e7a, no uso de suas atribui\u00e7\u00f5es legais e regimentais e tendo em vista decis\u00e3o un\u00e2nime do Egr\u00e9gio Tribunal Pleno, em sess\u00e3o ordin\u00e1ria realizada no dia 03\/10\/2019, RESOLVE: FICAM ELEITOS [&hellip;]<\/p>\n","protected":false},"author":8,"featured_media":0,"comment_status":"closed","ping_status":"closed","sticky":false,"template":"","format":"standard","meta":{"footnotes":""},"categories":[14,13],"tags":[],"_links":{"self":[{"href":"https:\/\/www.tjes.jus.br\/corregedoria\/wp-json\/wp\/v2\/posts\/28168"}],"collection":[{"href":"https:\/\/www.tjes.jus.br\/corregedoria\/wp-json\/wp\/v2\/posts"}],"about":[{"href":"https:\/\/www.tjes.jus.br\/corregedoria\/wp-json\/wp\/v2\/types\/post"}],"author":[{"embeddable":true,"href":"https:\/\/www.tjes.jus.br\/corregedoria\/wp-json\/wp\/v2\/users\/8"}],"replies":[{"embeddable":true,"href":"https:\/\/www.tjes.jus.br\/corregedoria\/wp-json\/wp\/v2\/comments?post=28168"}],"version-history":[{"count":1,"href":"https:\/\/www.tjes.jus.br\/corregedoria\/wp-json\/wp\/v2\/posts\/28168\/revisions"}],"predecessor-version":[{"id":28169,"href":"https:\/\/www.tjes.jus.br\/corregedoria\/wp-json\/wp\/v2\/posts\/28168\/revisions\/28169"}],"wp:attachment":[{"href":"https:\/\/www.tjes.jus.br\/corregedoria\/wp-json\/wp\/v2\/media?parent=28168"}],"wp:term":[{"taxonomy":"category","embeddable":true,"href":"https:\/\/www.tjes.jus.br\/corregedoria\/wp-json\/wp\/v2\/categories?post=28168"},{"taxonomy":"post_tag","embeddable":true,"href":"https:\/\/www.tjes.jus.br\/corregedoria\/wp-json\/wp\/v2\/tags?post=28168"}],"curies":[{"name":"wp","href":"https:\/\/api.w.org\/{rel}","templated":true}]}}