{"id":28180,"date":"2019-10-17T13:14:39","date_gmt":"2019-10-17T16:14:39","guid":{"rendered":"https:\/\/www.tjes.jus.br\/corregedoria\/?p=28180"},"modified":"2019-10-17T13:18:51","modified_gmt":"2019-10-17T16:18:51","slug":"ato-normativo-no-142-2019-disp-16-10-2019","status":"publish","type":"post","link":"https:\/\/www.tjes.jus.br\/corregedoria\/2019\/10\/17\/ato-normativo-no-142-2019-disp-16-10-2019\/","title":{"rendered":"ATO NORMATIVO N\u00ba 142\/2019 \u2013 DISP. 16\/10\/2019"},"content":{"rendered":"<p align=\"center\"><strong>ESTADO DO ESP\u00cdRITO SANTO \u2013 PODER JUDICI\u00c1RIO<\/strong><\/p>\n<p align=\"center\"><strong>TRIBUNAL DE JUSTI\u00c7A<\/strong><\/p>\n<p align=\"center\"><strong>PRESID\u00caNCIA<\/strong><\/p>\n<p align=\"center\"><strong>Ato Normativo N\u00ba 142\/2019<\/strong><\/p>\n<p align=\"justify\">Altera parcialmente o <a href=\"https:\/\/www.tjes.jus.br\/corregedoria\/2019\/10\/15\/ato-normativo-no-130-2019-disp-27-09-2019\/\">Ato Normativo\u00a0130\/2019<\/a>, que instituiu e convocou a equipe de trabalho que atuar\u00e1 na pauta concentrada de concilia\u00e7\u00e3o e media\u00e7\u00e3o na Comarca de Pancas-ES.<\/p>\n<p style=\"text-align: justify;\" align=\"justify\">O Excelent\u00edssimo Senhor Desembargador\u00a0<strong><span lang=\"pt-BR\">S\u00c9RGIO LUIZ TEIXEIRA GAMA, Presidente do Egr\u00e9gio Tribunal de Justi\u00e7a do Estado do Esp\u00edrito Santo, no uso de suas atribui\u00e7\u00f5es legais e;<\/span><\/strong><\/p>\n<p style=\"text-align: justify;\" align=\"justify\"><strong>CONSIDERANDO\u00a0<\/strong>os termos do <a href=\"https:\/\/www.tjes.jus.br\/corregedoria\/2019\/10\/15\/ato-normativo-no-130-2019-disp-27-09-2019\/\">Ato Normativo\u00a0130\/2019<\/a>\u00a0publicado no Di\u00e1rio da Justi\u00e7a de\u00a027\/09\/2019, que designou Magistrados e Servidores para atua\u00e7\u00e3o, no per\u00edodo de 14 a 18 de outubro do corrente ano, no hor\u00e1rio das 08:00 \u00e0s 18:00 horas, na pauta concentrada que ser\u00e1 realizada na 1\u00aa Vara da Comarca de Pancas;<\/p>\n<p style=\"text-align: justify;\" align=\"justify\">RESOLVE:<\/p>\n<p style=\"text-align: justify;\" align=\"justify\">Art. 1\u00ba &#8211; Alterar a composi\u00e7\u00e3o do art. 2\u00ba do <a href=\"https:\/\/www.tjes.jus.br\/corregedoria\/2019\/10\/15\/ato-normativo-no-130-2019-disp-27-09-2019\/\">Ato Normativo\u00a0130\/2019<\/a>, publicado no Di\u00e1rio da Justi\u00e7a de\u00a027\/09\/2019, para\u00a0excluir a servidora:<\/p>\n<table cellspacing=\"0\" cellpadding=\"4\">\n<colgroup>\n<col width=\"143*\" \/>\n<col width=\"113*\" \/><\/colgroup>\n<tbody>\n<tr valign=\"top\">\n<td width=\"56%\">\n<p align=\"justify\">Marcia Cristina de Godoys Monteiro<\/p>\n<\/td>\n<td width=\"44%\">\n<p align=\"justify\">Mediadora Judicial<\/p>\n<\/td>\n<\/tr>\n<\/tbody>\n<\/table>\n<p align=\"justify\">e incluir a servidora:<\/p>\n<table cellspacing=\"0\" cellpadding=\"4\">\n<colgroup>\n<col width=\"143*\" \/>\n<col width=\"113*\" \/><\/colgroup>\n<tbody>\n<tr valign=\"top\">\n<td width=\"56%\">\n<p align=\"justify\">Adriana Paiva Klawa Cau<\/p>\n<\/td>\n<td width=\"44%\">\n<p align=\"justify\">T\u00e9cnico Judici\u00e1rio<\/p>\n<p align=\"justify\">Mediadora Judicial<\/p>\n<\/td>\n<\/tr>\n<\/tbody>\n<\/table>\n<p align=\"justify\">Art. 2\u00ba \u2013 Este Ato Normativo entra em vigor na data de sua publica\u00e7\u00e3o, revogando-se as disposi\u00e7\u00f5es em contr\u00e1rio.<\/p>\n<p align=\"justify\">Publique-se.<\/p>\n<p style=\"text-align: left;\" align=\"center\">Vit\u00f3ria, 14 de outubro de 2019.<\/p>\n<p>&nbsp;<\/p>\n<p align=\"center\">Des. S\u00c9RGIO LUIZ TEIXEIRA GAMA<\/p>\n<p align=\"center\"><span lang=\"pt-BR\">Presidente<\/span><\/p>\n","protected":false},"excerpt":{"rendered":"<p>ESTADO DO ESP\u00cdRITO SANTO \u2013 PODER JUDICI\u00c1RIO TRIBUNAL DE JUSTI\u00c7A PRESID\u00caNCIA Ato Normativo N\u00ba 142\/2019 Altera parcialmente o Ato Normativo\u00a0130\/2019, que instituiu e convocou a equipe de trabalho que atuar\u00e1 na pauta concentrada de concilia\u00e7\u00e3o e media\u00e7\u00e3o na Comarca de Pancas-ES. O Excelent\u00edssimo Senhor Desembargador\u00a0S\u00c9RGIO LUIZ TEIXEIRA GAMA, Presidente do Egr\u00e9gio Tribunal de Justi\u00e7a do [&hellip;]<\/p>\n","protected":false},"author":8,"featured_media":0,"comment_status":"closed","ping_status":"closed","sticky":false,"template":"","format":"standard","meta":{"footnotes":""},"categories":[4,14],"tags":[],"_links":{"self":[{"href":"https:\/\/www.tjes.jus.br\/corregedoria\/wp-json\/wp\/v2\/posts\/28180"}],"collection":[{"href":"https:\/\/www.tjes.jus.br\/corregedoria\/wp-json\/wp\/v2\/posts"}],"about":[{"href":"https:\/\/www.tjes.jus.br\/corregedoria\/wp-json\/wp\/v2\/types\/post"}],"author":[{"embeddable":true,"href":"https:\/\/www.tjes.jus.br\/corregedoria\/wp-json\/wp\/v2\/users\/8"}],"replies":[{"embeddable":true,"href":"https:\/\/www.tjes.jus.br\/corregedoria\/wp-json\/wp\/v2\/comments?post=28180"}],"version-history":[{"count":2,"href":"https:\/\/www.tjes.jus.br\/corregedoria\/wp-json\/wp\/v2\/posts\/28180\/revisions"}],"predecessor-version":[{"id":28186,"href":"https:\/\/www.tjes.jus.br\/corregedoria\/wp-json\/wp\/v2\/posts\/28180\/revisions\/28186"}],"wp:attachment":[{"href":"https:\/\/www.tjes.jus.br\/corregedoria\/wp-json\/wp\/v2\/media?parent=28180"}],"wp:term":[{"taxonomy":"category","embeddable":true,"href":"https:\/\/www.tjes.jus.br\/corregedoria\/wp-json\/wp\/v2\/categories?post=28180"},{"taxonomy":"post_tag","embeddable":true,"href":"https:\/\/www.tjes.jus.br\/corregedoria\/wp-json\/wp\/v2\/tags?post=28180"}],"curies":[{"name":"wp","href":"https:\/\/api.w.org\/{rel}","templated":true}]}}