{"id":28192,"date":"2019-10-17T13:30:30","date_gmt":"2019-10-17T16:30:30","guid":{"rendered":"https:\/\/www.tjes.jus.br\/corregedoria\/?p=28192"},"modified":"2019-10-17T13:32:46","modified_gmt":"2019-10-17T16:32:46","slug":"ato-normativo-no-145-2019-disp-16-10-2019","status":"publish","type":"post","link":"https:\/\/www.tjes.jus.br\/corregedoria\/2019\/10\/17\/ato-normativo-no-145-2019-disp-16-10-2019\/","title":{"rendered":"ATO NORMATIVO N\u00ba 145\/2019 \u2013 DISP. 16\/10\/2019"},"content":{"rendered":"<p align=\"center\"><strong>ESTADO DO ESP\u00cdRITO SANTO<\/strong><\/p>\n<p align=\"center\"><strong>PODER JUDICI\u00c1RIO<\/strong><\/p>\n<p align=\"center\"><strong>TRIBUNAL DE JUSTI\u00c7A<\/strong><\/p>\n<p align=\"center\"><strong>GABINETE DA PRESID\u00caNCIA<\/strong><\/p>\n<p align=\"center\"><strong><span lang=\"pt-BR\">ATO NORMATIVO N\u00ba 145\/2019<\/span><\/strong><\/p>\n<p align=\"justify\"><span lang=\"pt-BR\">Suspende o atendimento ao p\u00fablico e os prazos processuais na 3\u00aa Vara Criminal do Ju\u00edzo de Vit\u00f3ria e d\u00e1 outras provid\u00eancias.<\/span><\/p>\n<p style=\"text-align: justify;\" align=\"justify\"><span lang=\"pt-BR\">O Excelent\u00edssimo Senhor Desembargador S\u00c9RGIO LUIZ TEIXEIRA GAMA, Presidente do Egr\u00e9gio Tribunal de Justi\u00e7a do Estado do Esp\u00edrito Santo, no uso de suas atribui\u00e7\u00f5es legais e,<\/span><\/p>\n<p style=\"text-align: justify;\" align=\"justify\"><span lang=\"pt-BR\">CONSIDERANDO os termos da <a href=\"https:\/\/www.tjes.jus.br\/corregedoria\/2019\/10\/16\/resolucao-no-029-2019-disp-14-10-2019\/\">Resolu\u00e7\u00e3o n\u00b0 029\/2019<\/a> deste Egr\u00e9gio Tribunal de Justi\u00e7a, publicada em 14 de outubro do corrente, que alterou a denomina\u00e7\u00e3o e a compet\u00eancia da 3\u00aa Vara Criminal do Ju\u00edzo Vit\u00f3ria;<\/span><\/p>\n<p style=\"text-align: justify;\" align=\"justify\"><span lang=\"pt-BR\">CONSIDERANDO o teor do expediente SEI n\u00b0 7005729-25.2019.8.08.0000, por meio do qual o Exm\u00b0. Sr. Desembargador Fernando Zardini Antonio, Supervisor das Varas Criminais e de Execu\u00e7\u00f5es Penais, indica as provid\u00eancias necess\u00e1rias para a efetiva altera\u00e7\u00e3o da compet\u00eancia da referida unidade judici\u00e1ria;<\/span><\/p>\n<p align=\"justify\"><span lang=\"pt-BR\">RESOLVE:<\/span><\/p>\n<p style=\"text-align: justify;\" align=\"justify\"><span lang=\"pt-BR\">Art. 1\u00ba. Ficam suspensos o atendimento ao p\u00fablico e os prazos processuais na\u00a0<\/span><span lang=\"pt-BR\"><strong>3<\/strong><\/span><span lang=\"pt-BR\"><strong>\u00aa Vara Criminal de Vit\u00f3ria,<\/strong><\/span><span lang=\"pt-BR\"><strong>\u00a0no per\u00edodo de 16 de outubro a 14 de novembro de 2019<\/strong><\/span><span lang=\"pt-BR\">, com o objetivo de viabilizar a redistribui\u00e7\u00e3o do acervo e a ado\u00e7\u00e3o das provid\u00eancias necess\u00e1rias para a altera\u00e7\u00e3o da compet\u00eancia da referida unidade judici\u00e1ria, ressalvando-se, contudo, a aprecia\u00e7\u00e3o das medidas urgentes.<\/span><\/p>\n<p style=\"text-align: justify;\" align=\"justify\"><span lang=\"pt-BR\">Par\u00e1grafo \u00fanico. As audi\u00eancias j\u00e1 designadas no per\u00edodo previsto no\u00a0<\/span><span lang=\"pt-BR\"><i>caput<\/i><\/span><span lang=\"pt-BR\">\u00a0ser\u00e3o realizadas pelo Ju\u00edzo da 3\u00aa Vara Criminal de Vit\u00f3ria, exceto se os respectivos feitos j\u00e1 tiverem sido redistribu\u00eddos para as demais Varas com compet\u00eancia residual do Ju\u00edzo de Vit\u00f3ria.<\/span><\/p>\n<p style=\"text-align: justify;\" align=\"justify\"><span lang=\"pt-BR\">Art. 2\u00ba. A Dire\u00e7\u00e3o do Foro do Ju\u00edzo de Vit\u00f3ria dever\u00e1 diligenciar pela cessa\u00e7\u00e3o imediata da distribui\u00e7\u00e3o de feitos criminais com compet\u00eancia residual para a 3\u00aa Vara Criminal de Vit\u00f3ria.<\/span><\/p>\n<p style=\"text-align: justify;\" align=\"justify\"><span lang=\"pt-BR\">Art. 3\u00b0. Caber\u00e1 \u00e0 Secretaria de Tecnologia da Informa\u00e7\u00e3o deste Egr\u00e9gio Tribunal de Justi\u00e7a adotar as provid\u00eancias necess\u00e1rias, seguindo as orienta\u00e7\u00f5es da Supervis\u00e3o\/Coordenadoria das Varas Criminais e de Execu\u00e7\u00f5es Penais, para que a 3\u00aa Vara Criminal de Vit\u00f3ria passe a processar os feitos de sua nova compet\u00eancia atrav\u00e9s do Sistema Eletr\u00f4nico de Execu\u00e7\u00e3o Unificada \u2013 SEEU.<\/span><\/p>\n<p align=\"justify\"><span lang=\"pt-BR\">Art. 4\u00b0. Este Ato Normativo entra em vigor na data de sua publica\u00e7\u00e3o.<\/span><\/p>\n<p align=\"justify\"><span lang=\"pt-BR\">Publique-se.<\/span><\/p>\n<p align=\"justify\"><span lang=\"pt-BR\">Vit\u00f3ria\/ES, 15 de outubro de 2019.<\/span><\/p>\n<p style=\"text-align: center;\" align=\"justify\"><span lang=\"pt-BR\">Des. S\u00c9RGIO LUIZ TEIXEIRA GAMA<\/span><\/p>\n<p style=\"text-align: center;\" align=\"justify\"><span lang=\"pt-BR\">Presidente<\/span><\/p>\n","protected":false},"excerpt":{"rendered":"<p>ESTADO DO ESP\u00cdRITO SANTO PODER JUDICI\u00c1RIO TRIBUNAL DE JUSTI\u00c7A GABINETE DA PRESID\u00caNCIA ATO NORMATIVO N\u00ba 145\/2019 Suspende o atendimento ao p\u00fablico e os prazos processuais na 3\u00aa Vara Criminal do Ju\u00edzo de Vit\u00f3ria e d\u00e1 outras provid\u00eancias. O Excelent\u00edssimo Senhor Desembargador S\u00c9RGIO LUIZ TEIXEIRA GAMA, Presidente do Egr\u00e9gio Tribunal de Justi\u00e7a do Estado do Esp\u00edrito [&hellip;]<\/p>\n","protected":false},"author":8,"featured_media":0,"comment_status":"closed","ping_status":"closed","sticky":false,"template":"","format":"standard","meta":{"footnotes":""},"categories":[4,14],"tags":[],"_links":{"self":[{"href":"https:\/\/www.tjes.jus.br\/corregedoria\/wp-json\/wp\/v2\/posts\/28192"}],"collection":[{"href":"https:\/\/www.tjes.jus.br\/corregedoria\/wp-json\/wp\/v2\/posts"}],"about":[{"href":"https:\/\/www.tjes.jus.br\/corregedoria\/wp-json\/wp\/v2\/types\/post"}],"author":[{"embeddable":true,"href":"https:\/\/www.tjes.jus.br\/corregedoria\/wp-json\/wp\/v2\/users\/8"}],"replies":[{"embeddable":true,"href":"https:\/\/www.tjes.jus.br\/corregedoria\/wp-json\/wp\/v2\/comments?post=28192"}],"version-history":[{"count":2,"href":"https:\/\/www.tjes.jus.br\/corregedoria\/wp-json\/wp\/v2\/posts\/28192\/revisions"}],"predecessor-version":[{"id":28194,"href":"https:\/\/www.tjes.jus.br\/corregedoria\/wp-json\/wp\/v2\/posts\/28192\/revisions\/28194"}],"wp:attachment":[{"href":"https:\/\/www.tjes.jus.br\/corregedoria\/wp-json\/wp\/v2\/media?parent=28192"}],"wp:term":[{"taxonomy":"category","embeddable":true,"href":"https:\/\/www.tjes.jus.br\/corregedoria\/wp-json\/wp\/v2\/categories?post=28192"},{"taxonomy":"post_tag","embeddable":true,"href":"https:\/\/www.tjes.jus.br\/corregedoria\/wp-json\/wp\/v2\/tags?post=28192"}],"curies":[{"name":"wp","href":"https:\/\/api.w.org\/{rel}","templated":true}]}}