{"id":28198,"date":"2019-10-17T16:33:17","date_gmt":"2019-10-17T19:33:17","guid":{"rendered":"https:\/\/www.tjes.jus.br\/corregedoria\/?p=28198"},"modified":"2019-10-17T16:33:17","modified_gmt":"2019-10-17T19:33:17","slug":"ato-normativo-no-147-2019-disp-17-10-2019","status":"publish","type":"post","link":"https:\/\/www.tjes.jus.br\/corregedoria\/2019\/10\/17\/ato-normativo-no-147-2019-disp-17-10-2019\/","title":{"rendered":"ATO NORMATIVO N\u00ba 147\/2019 \u2013 DISP. 17\/10\/2019"},"content":{"rendered":"<p align=\"center\"><strong>ESTADO DO ESP\u00cdRITO SANTO<\/strong><\/p>\n<p align=\"center\"><strong>PODER JUDICI\u00c1RIO<\/strong><\/p>\n<p align=\"center\"><strong>TRIBUNAL DE JUSTI\u00c7A<\/strong><i><\/i><\/p>\n<p align=\"center\"><strong><i>GABINETE DA PRESID\u00caNCIA<\/i><\/strong><\/p>\n<p align=\"center\">\n<p align=\"center\"><strong>ATO NORMATIVO n\u00ba 147\/2019<\/strong><\/p>\n<p align=\"center\">\n<p style=\"text-align: justify;\">O Excelent\u00edssimo Senhor Desembargador Ney Batista Coutinho, Presidente em exerc\u00edcio do Egr\u00e9gio Tribunal de Justi\u00e7a do Estado do Esp\u00edrito Santo, no uso de suas atribui\u00e7\u00f5es legais,<\/p>\n<p style=\"text-align: justify;\">\n<p style=\"text-align: justify;\">CONSIDERANDO o teor do expediente protocolado neste Egr\u00e9gio Tribunal de Justi\u00e7a sob o n\u00famero 7000498-67.2019.8.08.0048, encaminhado pela Exma. Sra. Dra. Cristina Eller Pimenta Bernardo, Ju\u00edza de Direito titular da 5\u00aa Vara Criminal do Ju\u00edzo de Serra, por meio do qual comunica a mudan\u00e7a da sede da unidade para outro andar do F\u00f3rum Criminal do referido Ju\u00edzo, o que impossibilitar\u00e1 o regular desenvolvimento das atividades forenses;<\/p>\n<p style=\"text-align: justify;\">\n<p style=\"text-align: justify;\">CONSIDERANDO que os prazos processuais j\u00e1 foram suspensos na referida unidade judici\u00e1ria, no dia 15 de Outubro de 2019, por for\u00e7a do <a href=\"https:\/\/www.tjes.jus.br\/corregedoria\/2019\/10\/16\/ato-normativo-no-140-2019-disp-14-10-2019\/\">Ato Normativo n\u00ba 140\/2019<\/a>;<\/p>\n<p style=\"text-align: justify;\">\n<p style=\"text-align: justify;\">RESOLVE:<\/p>\n<p style=\"text-align: justify;\">\n<p style=\"text-align: justify;\">Art. 1\u00ba CONSIDERAR SUSPENSOS os prazos processuais na 5\u00aa Vara Criminal do Ju\u00edzo de Serra no dia 14 de Outubro de 2019, ressalvados os atos que puderam ser praticados.<\/p>\n<p style=\"text-align: justify;\">\n<p style=\"text-align: justify;\">Art. 2\u00ba SUSPENDER os prazos processuais e o atendimento ao p\u00fablico na 5\u00aa Vara Criminal do Ju\u00edzo de Serra no dia 16 de Outubro de 2019, sem preju\u00edzo da aprecia\u00e7\u00e3o das medidas urgentes.<\/p>\n<p>&nbsp;<\/p>\n<p>Publique-se.<\/p>\n<p>&nbsp;<\/p>\n<p style=\"text-align: left;\" align=\"center\">Vit\u00f3ria, 15 de Outubro de 2019.<\/p>\n<p align=\"center\">\n<p align=\"center\">Desembargador S\u00c9RGIO LUIZ TEIXEIRA GAMA<\/p>\n<p align=\"center\">Presidente<\/p>\n","protected":false},"excerpt":{"rendered":"<p>ESTADO DO ESP\u00cdRITO SANTO PODER JUDICI\u00c1RIO TRIBUNAL DE JUSTI\u00c7A GABINETE DA PRESID\u00caNCIA ATO NORMATIVO n\u00ba 147\/2019 O Excelent\u00edssimo Senhor Desembargador Ney Batista Coutinho, Presidente em exerc\u00edcio do Egr\u00e9gio Tribunal de Justi\u00e7a do Estado do Esp\u00edrito Santo, no uso de suas atribui\u00e7\u00f5es legais, CONSIDERANDO o teor do expediente protocolado neste Egr\u00e9gio Tribunal de Justi\u00e7a sob o [&hellip;]<\/p>\n","protected":false},"author":8,"featured_media":0,"comment_status":"closed","ping_status":"closed","sticky":false,"template":"","format":"standard","meta":{"footnotes":""},"categories":[4,14],"tags":[],"_links":{"self":[{"href":"https:\/\/www.tjes.jus.br\/corregedoria\/wp-json\/wp\/v2\/posts\/28198"}],"collection":[{"href":"https:\/\/www.tjes.jus.br\/corregedoria\/wp-json\/wp\/v2\/posts"}],"about":[{"href":"https:\/\/www.tjes.jus.br\/corregedoria\/wp-json\/wp\/v2\/types\/post"}],"author":[{"embeddable":true,"href":"https:\/\/www.tjes.jus.br\/corregedoria\/wp-json\/wp\/v2\/users\/8"}],"replies":[{"embeddable":true,"href":"https:\/\/www.tjes.jus.br\/corregedoria\/wp-json\/wp\/v2\/comments?post=28198"}],"version-history":[{"count":1,"href":"https:\/\/www.tjes.jus.br\/corregedoria\/wp-json\/wp\/v2\/posts\/28198\/revisions"}],"predecessor-version":[{"id":28199,"href":"https:\/\/www.tjes.jus.br\/corregedoria\/wp-json\/wp\/v2\/posts\/28198\/revisions\/28199"}],"wp:attachment":[{"href":"https:\/\/www.tjes.jus.br\/corregedoria\/wp-json\/wp\/v2\/media?parent=28198"}],"wp:term":[{"taxonomy":"category","embeddable":true,"href":"https:\/\/www.tjes.jus.br\/corregedoria\/wp-json\/wp\/v2\/categories?post=28198"},{"taxonomy":"post_tag","embeddable":true,"href":"https:\/\/www.tjes.jus.br\/corregedoria\/wp-json\/wp\/v2\/tags?post=28198"}],"curies":[{"name":"wp","href":"https:\/\/api.w.org\/{rel}","templated":true}]}}