{"id":28227,"date":"2019-10-21T13:37:54","date_gmt":"2019-10-21T16:37:54","guid":{"rendered":"https:\/\/www.tjes.jus.br\/corregedoria\/?p=28227"},"modified":"2019-10-21T13:37:54","modified_gmt":"2019-10-21T16:37:54","slug":"ato-normativo-no-151-2019-disp-21-10-2019","status":"publish","type":"post","link":"https:\/\/www.tjes.jus.br\/corregedoria\/2019\/10\/21\/ato-normativo-no-151-2019-disp-21-10-2019\/","title":{"rendered":"ATO NORMATIVO N\u00ba 151\/2019 \u2013 DISP. 21\/10\/2019"},"content":{"rendered":"<p align=\"center\"><strong>ESTADO DO ESP\u00cdRITO SANTO<\/strong><\/p>\n<p align=\"center\"><strong>PODER JUDICI\u00c1RIO<\/strong><\/p>\n<p align=\"center\"><strong>TRIBUNAL DE JUSTI\u00c7A<i><\/i><\/strong><\/p>\n<p align=\"center\"><strong><i>GABINETE DA PRESID\u00caNCIA<\/i><\/strong><\/p>\n<p align=\"center\">\n<p align=\"center\"><strong>ATO NORMATIVO n\u00ba 151 \/2019<\/strong><\/p>\n<p>&nbsp;<\/p>\n<p>O Excelent\u00edssimo Senhor Desembargador S\u00e9rgio Luiz Teixeira Gama, Presidente do Egr\u00e9gio Tribunal de Justi\u00e7a do Estado do Esp\u00edrito Santo, no uso de suas atribui\u00e7\u00f5es legais,<\/p>\n<p>&nbsp;<\/p>\n<p style=\"text-align: justify;\">CONSIDERANDO o teor do expediente protocolado neste Egr\u00e9gio Tribunal de Justi\u00e7a sob o n\u00famero 7000043-41.2019.8.08.0036, subscrito pelo Exmo. Sr. Dr. \u00c9zio Luiz, Juiz de Direito Diretor do Foro de Muqui, por meio do qual comunica a necessidade de instala\u00e7\u00e3o de novo quadro de disjuntores no pr\u00e9dio do F\u00f3rum da referida Comarca nos dias 24 e 25 de Outubro de 2019, o que ocasionar\u00e1 a interrup\u00e7\u00e3o do sistema de energia el\u00e9trica, inviabilizando o desempenho das atividades forenses;<\/p>\n<p style=\"text-align: justify;\">\n<p style=\"text-align: justify;\">RESOLVE:<\/p>\n<p style=\"text-align: justify;\">\n<p style=\"text-align: justify;\">SUSPENDER o expediente e os prazos processuais na Comarca de Muqui nos dias 24 e 25 de Outubro de 2019, devendo as medidas urgentes ser apreciadas pelo substituto autom\u00e1tico, nos termos da <a href=\"https:\/\/www.tjes.jus.br\/corregedoria\/2018\/06\/29\/resolucao-022-2018-disp-28-06-2018-republicacao\/\">Resolu\u00e7\u00e3o n\u00ba 022\/2018<\/a> alterada pela <a href=\"https:\/\/www.tjes.jus.br\/corregedoria\/2019\/10\/16\/resolucao-no-022-2019-disp-02-09-2019\/\">Resolu\u00e7\u00e3o n\u00ba 022\/2019.<\/a><\/p>\n<p style=\"text-align: justify;\">\n<p>Publique-se.<\/p>\n<p align=\"center\">\n<p style=\"text-align: left;\" align=\"center\">Vit\u00f3ria, 18 de Outubro de 2019.<\/p>\n<p align=\"center\">\n<p align=\"center\">\n<p align=\"center\">Desembargador S\u00c9RGIO LUIZ TEIXEIRA GAMA<\/p>\n<p align=\"center\">Presidente<\/p>\n","protected":false},"excerpt":{"rendered":"<p>ESTADO DO ESP\u00cdRITO SANTO PODER JUDICI\u00c1RIO TRIBUNAL DE JUSTI\u00c7A GABINETE DA PRESID\u00caNCIA ATO NORMATIVO n\u00ba 151 \/2019 &nbsp; O Excelent\u00edssimo Senhor Desembargador S\u00e9rgio Luiz Teixeira Gama, Presidente do Egr\u00e9gio Tribunal de Justi\u00e7a do Estado do Esp\u00edrito Santo, no uso de suas atribui\u00e7\u00f5es legais, &nbsp; CONSIDERANDO o teor do expediente protocolado neste Egr\u00e9gio Tribunal de Justi\u00e7a [&hellip;]<\/p>\n","protected":false},"author":8,"featured_media":0,"comment_status":"closed","ping_status":"closed","sticky":false,"template":"","format":"standard","meta":{"footnotes":""},"categories":[4,14],"tags":[],"_links":{"self":[{"href":"https:\/\/www.tjes.jus.br\/corregedoria\/wp-json\/wp\/v2\/posts\/28227"}],"collection":[{"href":"https:\/\/www.tjes.jus.br\/corregedoria\/wp-json\/wp\/v2\/posts"}],"about":[{"href":"https:\/\/www.tjes.jus.br\/corregedoria\/wp-json\/wp\/v2\/types\/post"}],"author":[{"embeddable":true,"href":"https:\/\/www.tjes.jus.br\/corregedoria\/wp-json\/wp\/v2\/users\/8"}],"replies":[{"embeddable":true,"href":"https:\/\/www.tjes.jus.br\/corregedoria\/wp-json\/wp\/v2\/comments?post=28227"}],"version-history":[{"count":1,"href":"https:\/\/www.tjes.jus.br\/corregedoria\/wp-json\/wp\/v2\/posts\/28227\/revisions"}],"predecessor-version":[{"id":28228,"href":"https:\/\/www.tjes.jus.br\/corregedoria\/wp-json\/wp\/v2\/posts\/28227\/revisions\/28228"}],"wp:attachment":[{"href":"https:\/\/www.tjes.jus.br\/corregedoria\/wp-json\/wp\/v2\/media?parent=28227"}],"wp:term":[{"taxonomy":"category","embeddable":true,"href":"https:\/\/www.tjes.jus.br\/corregedoria\/wp-json\/wp\/v2\/categories?post=28227"},{"taxonomy":"post_tag","embeddable":true,"href":"https:\/\/www.tjes.jus.br\/corregedoria\/wp-json\/wp\/v2\/tags?post=28227"}],"curies":[{"name":"wp","href":"https:\/\/api.w.org\/{rel}","templated":true}]}}