{"id":28254,"date":"2019-10-29T12:14:36","date_gmt":"2019-10-29T15:14:36","guid":{"rendered":"https:\/\/www.tjes.jus.br\/corregedoria\/?p=28254"},"modified":"2019-10-29T12:29:43","modified_gmt":"2019-10-29T15:29:43","slug":"ato-normativo-no-152-2019-disp-29-10-2019","status":"publish","type":"post","link":"https:\/\/www.tjes.jus.br\/corregedoria\/2019\/10\/29\/ato-normativo-no-152-2019-disp-29-10-2019\/","title":{"rendered":"ATO NORMATIVO N\u00ba 152\/2019 \u2013 DISP. 29\/10\/2019"},"content":{"rendered":"<p align=\"center\"><strong>ESTADO DO ESP\u00cdRITO SANTO<br \/>\nPODER JUDICI\u00c1RIO<br \/>\nTRIBUNAL DE JUSTI\u00c7A<\/strong><\/p>\n<p align=\"center\"><strong>ATO NORMATIVO N\u00ba\u00a0<\/strong><strong>152<\/strong><strong>\u00a0\/ 201<\/strong><strong>9<\/strong><\/p>\n<p style=\"text-align: justify;\" align=\"justify\">Altera a composi\u00e7\u00e3o do\u00a0Grupo de Trabalho\u00a0do\u00a03\u00ba Centro Judici\u00e1rio de Solu\u00e7\u00e3o de Conflitos e Cidadania.<\/p>\n<p style=\"text-align: justify;\" align=\"justify\">O\u00a0<strong>Excelent\u00edssimo Desembargador\u00a0<\/strong><strong>S\u00c9RGIO LUIZ TEIXEIRA GAMA<\/strong><strong>,<\/strong>\u00a0Presidente do Egr\u00e9gio Tribunal de Justi\u00e7a do Estado do Esp\u00edrito Santo, no uso de suas atribui\u00e7\u00f5es legais<\/p>\n<p style=\"text-align: justify;\" align=\"justify\"><strong>RESOLVE:<\/strong><\/p>\n<p style=\"text-align: justify;\" align=\"justify\"><strong>Art. 1\u00ba\u00a0<\/strong><strong>Alterar o art.\u00a0<\/strong><strong>1<\/strong><strong>\u00ba do <a href=\"https:\/\/www.tjes.jus.br\/corregedoria\/2019\/02\/28\/ato-normativo-no-024-2019-disp-28-02-2019\/\">ato normativo\u00a0<\/a><\/strong><a href=\"https:\/\/www.tjes.jus.br\/corregedoria\/2019\/02\/28\/ato-normativo-no-024-2019-disp-28-02-2019\/\"><strong>024\/2019<\/strong><\/a><strong>, para que passe a vigorar com o seguinte texto:<\/strong><\/p>\n<p style=\"text-align: justify;\" align=\"justify\">O Grupo de Trabalho ser\u00e1 composto pelos\u00a0magistrados\u00a0abaixo designados, sem preju\u00edzo\u00a0do exerc\u00edcio\u00a0das fun\u00e7\u00f5es em suas respectivas\u00a0unidades\u00a0judici\u00e1rias:<\/p>\n<p align=\"justify\"><strong>I<\/strong><strong>&#8211; Exm\u00ba Sr. Juiz de Direito ANSELMO LAGHI LARANJA<\/strong><\/p>\n<p align=\"justify\"><strong>I<\/strong><strong>I<\/strong><strong>&#8211; E<\/strong><strong>xm\u00ba<\/strong><strong>\u00a0S<\/strong><strong>r<\/strong><strong>a.\u00a0<\/strong><strong>Ju\u00edza de Dire<\/strong><strong>ito\u00a0<\/strong><strong>DANIELA\u00a0<\/strong><strong>DE VASCONCELOS<\/strong><strong>\u00a0AGAPITO<\/strong><\/p>\n<p align=\"justify\"><strong>I<\/strong><strong>I<\/strong><strong>I- E<\/strong><strong>xm\u00ba<\/strong><strong>\u00a0S<\/strong><strong>r<\/strong><strong>a.\u00a0<\/strong><strong>Ju\u00edza de Dire<\/strong><strong>ito\u00a0<\/strong><strong>FAB\u00cdOLA CASAGRANDE SIM\u00d5ES<\/strong><\/p>\n<p align=\"justify\"><strong>I<\/strong><strong>V<\/strong><strong>&#8211;<\/strong><strong>Exm\u00ba Sr. Juiz de Direito\u00a0<\/strong><strong>F\u00c1BIO LUIZ MASSARIOL<\/strong><\/p>\n<p align=\"justify\"><strong>V<\/strong><strong>&#8211;\u00a0<\/strong><strong>Exm\u00ba Sr. Juiz de Direito\u00a0<\/strong><strong>GUSTAVO\u00a0<\/strong><strong>MATTEDI REGGIANI<\/strong><\/p>\n<p align=\"justify\"><strong>A<\/strong><strong>rt.\u00a0<\/strong><strong>2\u00ba\u00a0<\/strong><strong>Este Ato Normativo entra em vigor na data de sua publica\u00e7\u00e3o.\u00a0<\/strong><strong>Revogam-se as disposi\u00e7\u00f5es em contr\u00e1rio.<\/strong><\/p>\n<p align=\"left\"><strong>Publique-se.<\/strong><\/p>\n<p style=\"text-align: left;\" align=\"center\"><strong>Vit\u00f3ria\/ES,\u00a0<\/strong><strong>17<\/strong><strong>\u00a0de\u00a0<\/strong><strong>outubro\u00a0<\/strong><strong>de 201<\/strong><strong>9<\/strong><strong>.<\/strong><\/p>\n<p align=\"center\"><strong>Desembargador\u00a0<\/strong><strong>S\u00e9rgio Luiz Teixeira Gama<\/strong><\/p>\n<p align=\"center\"><strong>PRESIDENTE DO TRIBUNAL DE JUSTI\u00c7A DO ESP\u00cdRITO SANTO<\/strong><\/p>\n","protected":false},"excerpt":{"rendered":"<p>ESTADO DO ESP\u00cdRITO SANTO PODER JUDICI\u00c1RIO TRIBUNAL DE JUSTI\u00c7A ATO NORMATIVO N\u00ba\u00a0152\u00a0\/ 2019 Altera a composi\u00e7\u00e3o do\u00a0Grupo de Trabalho\u00a0do\u00a03\u00ba Centro Judici\u00e1rio de Solu\u00e7\u00e3o de Conflitos e Cidadania. O\u00a0Excelent\u00edssimo Desembargador\u00a0S\u00c9RGIO LUIZ TEIXEIRA GAMA,\u00a0Presidente do Egr\u00e9gio Tribunal de Justi\u00e7a do Estado do Esp\u00edrito Santo, no uso de suas atribui\u00e7\u00f5es legais RESOLVE: Art. 1\u00ba\u00a0Alterar o art.\u00a01\u00ba do ato [&hellip;]<\/p>\n","protected":false},"author":8,"featured_media":0,"comment_status":"closed","ping_status":"closed","sticky":false,"template":"","format":"standard","meta":{"footnotes":""},"categories":[4,14],"tags":[],"_links":{"self":[{"href":"https:\/\/www.tjes.jus.br\/corregedoria\/wp-json\/wp\/v2\/posts\/28254"}],"collection":[{"href":"https:\/\/www.tjes.jus.br\/corregedoria\/wp-json\/wp\/v2\/posts"}],"about":[{"href":"https:\/\/www.tjes.jus.br\/corregedoria\/wp-json\/wp\/v2\/types\/post"}],"author":[{"embeddable":true,"href":"https:\/\/www.tjes.jus.br\/corregedoria\/wp-json\/wp\/v2\/users\/8"}],"replies":[{"embeddable":true,"href":"https:\/\/www.tjes.jus.br\/corregedoria\/wp-json\/wp\/v2\/comments?post=28254"}],"version-history":[{"count":3,"href":"https:\/\/www.tjes.jus.br\/corregedoria\/wp-json\/wp\/v2\/posts\/28254\/revisions"}],"predecessor-version":[{"id":28257,"href":"https:\/\/www.tjes.jus.br\/corregedoria\/wp-json\/wp\/v2\/posts\/28254\/revisions\/28257"}],"wp:attachment":[{"href":"https:\/\/www.tjes.jus.br\/corregedoria\/wp-json\/wp\/v2\/media?parent=28254"}],"wp:term":[{"taxonomy":"category","embeddable":true,"href":"https:\/\/www.tjes.jus.br\/corregedoria\/wp-json\/wp\/v2\/categories?post=28254"},{"taxonomy":"post_tag","embeddable":true,"href":"https:\/\/www.tjes.jus.br\/corregedoria\/wp-json\/wp\/v2\/tags?post=28254"}],"curies":[{"name":"wp","href":"https:\/\/api.w.org\/{rel}","templated":true}]}}