{"id":28262,"date":"2019-10-30T14:48:05","date_gmt":"2019-10-30T17:48:05","guid":{"rendered":"https:\/\/www.tjes.jus.br\/corregedoria\/?p=28262"},"modified":"2019-10-30T14:48:05","modified_gmt":"2019-10-30T17:48:05","slug":"ato-normativo-no-153-2019-disp-30-10-2019","status":"publish","type":"post","link":"https:\/\/www.tjes.jus.br\/corregedoria\/2019\/10\/30\/ato-normativo-no-153-2019-disp-30-10-2019\/","title":{"rendered":"ATO NORMATIVO N\u00ba 153\/2019 \u2013 DISP. 30\/10\/2019"},"content":{"rendered":"<p align=\"center\">ESTADO DO ESP\u00cdRITO SANTO<\/p>\n<p align=\"center\">PODER JUDICI\u00c1RIO<\/p>\n<p align=\"center\">TRIBUNAL DE JUSTI\u00c7A<i><\/i><\/p>\n<p align=\"center\"><i>GABINETE DA PRESID\u00caNCIA<\/i><\/p>\n<p align=\"center\">\n<p align=\"center\"><strong>ATO NORMATIVO n\u00ba 153\/2019<\/strong><\/p>\n<p align=\"center\">\n<p style=\"text-align: justify;\">O Excelent\u00edssimo Senhor Desembargador S\u00e9rgio Luiz Teixeira Gama, Presidente do Egr\u00e9gio Tribunal de Justi\u00e7a do Estado do Esp\u00edrito Santo, no uso de suas atribui\u00e7\u00f5es legais,<\/p>\n<p style=\"text-align: justify;\">\n<p style=\"text-align: justify;\">CONSIDERANDO o <a href=\"https:\/\/www.tjes.jus.br\/corregedoria\/2019\/10\/16\/ato-normativo-no-137-2019-disp-10-10-2019\/\">Ato Normativo n\u00ba 137\/2019<\/a>, disponibilizado no DJe em 10 de Outubro de 2019, que prorrogou os prazos processuais que venceram nas datas de 08 e 22 de Outubro de 2019 para o dia \u00fatil subsequente, nos processos eletr\u00f4nicos que tramitam nos sistemas do Tribunal de Justi\u00e7a do Estado do Esp\u00edrito Santo;<\/p>\n<p style=\"text-align: justify;\">\n<p style=\"text-align: justify;\">CONSIDERANDO a complexidade encontrada na primeira fase de migra\u00e7\u00e3o no dia 08 de Outubro de 2019, ocasionando a necessidade de postergar a segunda etapa, previamente agendada para ocorrer no dia 22 de Outubro de 2019, de modo que os sistemas n\u00e3o foram interrompidos nesta \u00faltima data;<\/p>\n<p style=\"text-align: justify;\">\n<p>RESOLVE:<\/p>\n<p>&nbsp;<\/p>\n<p>REVOGAR o art. 2\u00ba do <a href=\"https:\/\/www.tjes.jus.br\/corregedoria\/2019\/03\/26\/ato-normativo-no-037-2019-disp-26-03-2019\/\">Ato Normativo n\u00ba 037\/2019<\/a>.<\/p>\n<p>&nbsp;<\/p>\n<p>Publique-se.<\/p>\n<p>&nbsp;<\/p>\n<p style=\"text-align: left;\" align=\"center\">Vit\u00f3ria, 24 de Outubro de 2019.<\/p>\n<p align=\"center\">\n<p align=\"center\">Desembargador S\u00c9RGIO LUIZ TEIXEIRA GAMA<\/p>\n<p align=\"center\">Presidente<\/p>\n","protected":false},"excerpt":{"rendered":"<p>ESTADO DO ESP\u00cdRITO SANTO PODER JUDICI\u00c1RIO TRIBUNAL DE JUSTI\u00c7A GABINETE DA PRESID\u00caNCIA ATO NORMATIVO n\u00ba 153\/2019 O Excelent\u00edssimo Senhor Desembargador S\u00e9rgio Luiz Teixeira Gama, Presidente do Egr\u00e9gio Tribunal de Justi\u00e7a do Estado do Esp\u00edrito Santo, no uso de suas atribui\u00e7\u00f5es legais, CONSIDERANDO o Ato Normativo n\u00ba 137\/2019, disponibilizado no DJe em 10 de Outubro de [&hellip;]<\/p>\n","protected":false},"author":8,"featured_media":0,"comment_status":"closed","ping_status":"closed","sticky":false,"template":"","format":"standard","meta":{"footnotes":""},"categories":[4,14],"tags":[],"_links":{"self":[{"href":"https:\/\/www.tjes.jus.br\/corregedoria\/wp-json\/wp\/v2\/posts\/28262"}],"collection":[{"href":"https:\/\/www.tjes.jus.br\/corregedoria\/wp-json\/wp\/v2\/posts"}],"about":[{"href":"https:\/\/www.tjes.jus.br\/corregedoria\/wp-json\/wp\/v2\/types\/post"}],"author":[{"embeddable":true,"href":"https:\/\/www.tjes.jus.br\/corregedoria\/wp-json\/wp\/v2\/users\/8"}],"replies":[{"embeddable":true,"href":"https:\/\/www.tjes.jus.br\/corregedoria\/wp-json\/wp\/v2\/comments?post=28262"}],"version-history":[{"count":1,"href":"https:\/\/www.tjes.jus.br\/corregedoria\/wp-json\/wp\/v2\/posts\/28262\/revisions"}],"predecessor-version":[{"id":28263,"href":"https:\/\/www.tjes.jus.br\/corregedoria\/wp-json\/wp\/v2\/posts\/28262\/revisions\/28263"}],"wp:attachment":[{"href":"https:\/\/www.tjes.jus.br\/corregedoria\/wp-json\/wp\/v2\/media?parent=28262"}],"wp:term":[{"taxonomy":"category","embeddable":true,"href":"https:\/\/www.tjes.jus.br\/corregedoria\/wp-json\/wp\/v2\/categories?post=28262"},{"taxonomy":"post_tag","embeddable":true,"href":"https:\/\/www.tjes.jus.br\/corregedoria\/wp-json\/wp\/v2\/tags?post=28262"}],"curies":[{"name":"wp","href":"https:\/\/api.w.org\/{rel}","templated":true}]}}