{"id":28312,"date":"2019-11-08T13:23:59","date_gmt":"2019-11-08T15:23:59","guid":{"rendered":"https:\/\/www.tjes.jus.br\/corregedoria\/?p=28312"},"modified":"2019-11-08T13:25:26","modified_gmt":"2019-11-08T15:25:26","slug":"ato-normativo-no-164-2019-disp-08-11-2019","status":"publish","type":"post","link":"https:\/\/www.tjes.jus.br\/corregedoria\/2019\/11\/08\/ato-normativo-no-164-2019-disp-08-11-2019\/","title":{"rendered":"ATO NORMATIVO N\u00ba 164\/2019 \u2013 DISP. 08\/11\/2019"},"content":{"rendered":"<p align=\"center\"><strong><span lang=\"pt-BR\">ESTADO DO ESP\u00cdRITO SANTO<\/span><\/strong><\/p>\n<p align=\"center\"><strong><span lang=\"pt-BR\">PODER JUDICI\u00c1RIO<\/span><\/strong><\/p>\n<p align=\"center\"><span lang=\"pt-BR\"><strong>ATO NORMATIVO 164\/2019<\/strong><\/span><\/p>\n<p align=\"justify\"><span lang=\"pt-BR\">Disp\u00f5e sobre os procedimentos a serem adotados para o encerramento or\u00e7ament\u00e1rio, financeiro, patrimonial e cont\u00e1bil do exerc\u00edcio financeiro de\u00a0<\/span><span lang=\"pt-BR\"><strong>2019<\/strong><\/span><span lang=\"pt-BR\">, em cumprimento \u00e0s normas de Direito Financeiro.<\/span><\/p>\n<p align=\"justify\"><span lang=\"pt-BR\"><strong>O PRESIDENTE DO PODER JUDICI\u00c1RIO DO ESTADO DO ESP\u00cdRITO SANTO, EXMO. DES.\u00a0<\/strong><\/span><span lang=\"pt-BR\"><strong>SERGIO LUIZ TEIXEIRA GAMA<\/strong><\/span><span lang=\"pt-BR\">, no uso de suas atribui\u00e7\u00f5es legais edita o presente Ato, considerando a necessidade de adotar as provid\u00eancias que visem garantir o encerramento do exerc\u00edcio financeiro de 2019, e ainda para que as Diretorias de Foros e as Unidades Administrativas do Poder Judici\u00e1rio estejam cientes de tais provid\u00eancias.<\/span><\/p>\n<p align=\"center\"><span lang=\"pt-BR\"><strong>CAP\u00cdTULO I<\/strong><\/span><\/p>\n<p align=\"center\"><strong>COORDENADORIA DE SUPRIMENTO E CONTROLE PATRIMONIAL<\/strong><\/p>\n<p align=\"center\"><strong>SE\u00c7\u00c3O I<\/strong><\/p>\n<p align=\"center\"><strong>DAS REQUISI\u00c7\u00d5ES E RECEBIMENTO DE MATERIAIS<\/strong><\/p>\n<p align=\"justify\"><span lang=\"pt-BR\"><strong>Art. 1\u00ba\u00a0<\/strong><\/span><span lang=\"pt-BR\">As requisi\u00e7\u00f5es para aquisi\u00e7\u00e3o de bens e servi\u00e7os origin\u00e1rios das Diretorias de Foros e das Unidades Administrativas do Poder Judici\u00e1rio que gerem novos gastos financeiros ser\u00e3o agrupadas pelas unidades competentes deste egr\u00e9gio Tribunal de Justi\u00e7a no exerc\u00edcio seguinte, conforme prazo estabelecido no item 1.2 na Norma de Procedimento 01- lntrodu\u00e7\u00e3o.<\/span><\/p>\n<p align=\"justify\"><span lang=\"pt-BR\"><strong>Par\u00e1grafo \u00fanico.\u00a0<\/strong><\/span><span lang=\"pt-BR\">As requisi\u00e7\u00f5es para bens ou servi\u00e7os j\u00e1 dispon\u00edveis em estoque permanecem pass\u00edveis de atendimento at\u00e9 que se encerrem os prazos previstos neste Ato.<\/span><\/p>\n<p align=\"justify\"><span lang=\"pt-BR\"><strong>Art. 2\u00ba\u00a0<\/strong><\/span><span lang=\"pt-BR\">A data limite para recebimento de material ser\u00e1 o dia\u00a0<\/span><span lang=\"pt-BR\"><strong>13\/12\/2019<\/strong><\/span><span lang=\"pt-BR\">.<\/span><\/p>\n<p align=\"justify\"><span lang=\"pt-BR\"><strong>\u00a71\u00ba\u00a0<\/strong><\/span><span lang=\"pt-BR\">Fica suspenso o prazo administrativo para entrega de material no per\u00edodo de\u00a0<\/span><span lang=\"pt-BR\"><strong>16\/12\/2019 a 10\/01\/2020<\/strong><\/span><span lang=\"pt-BR\">.<\/span><\/p>\n<p align=\"justify\"><span lang=\"pt-BR\"><strong>\u00a72\u00ba\u00a0<\/strong><\/span><span lang=\"pt-BR\">As Diretorias dos Foros e as Unidades Administrativas do Poder Judici\u00e1rio s\u00f3 poder\u00e3o emitir requisi\u00e7\u00e3o cuja entrega n\u00e3o ultrapasse a data limite disposta no\u00a0<\/span><span lang=\"pt-BR\"><i>caput\u00a0<\/i><\/span><span lang=\"pt-BR\">deste artigo, salvo aquelas expressamente autorizadas pela Secretaria Geral.<\/span><\/p>\n<p align=\"justify\"><span lang=\"pt-BR\"><strong>Art. 3\u00ba\u00a0<\/strong><\/span><span lang=\"pt-BR\">As requisi\u00e7\u00f5es de materiais de consumo do Almoxarifado dever\u00e3o ser\u00a0cadastradas no e-Gap\u00a0at\u00e9 o dia\u00a0<\/span><span lang=\"pt-BR\"><strong>06\/12\/2019,\u00a0<\/strong><\/span><span lang=\"pt-BR\">devendo os materiais, serem retirados, impreterivelmente, at\u00e9 o dia\u00a0<\/span><span lang=\"pt-BR\"><strong>13\/12\/2019<\/strong><\/span><span lang=\"pt-BR\">.<\/span><\/p>\n<p align=\"center\"><span lang=\"pt-BR\"><strong>SE\u00c7\u00c3O II<\/strong><\/span><\/p>\n<p align=\"center\"><strong>DAS ATIVIDADES INTERNAS DA COORDENADORIA<\/strong><\/p>\n<p align=\"justify\"><span lang=\"pt-BR\"><strong>Art. 4\u00ba\u00a0<\/strong><\/span><span lang=\"pt-BR\">No per\u00edodo de\u00a0<\/span><span lang=\"pt-BR\"><strong>16\/12\/2019 a 10\/01\/2020<\/strong><\/span><span lang=\"pt-BR\">\u00a0ser\u00e3o executadas\u00a0apenas atividades internas, para realiza\u00e7\u00e3o do Balan\u00e7o Anual de 2019.<\/span><\/p>\n<p align=\"center\"><span lang=\"pt-BR\"><strong>CAP\u00cdTULO II<\/strong><\/span><\/p>\n<p align=\"center\"><strong>COORDENADORIA DE CONTABILIDADE<\/strong><\/p>\n<p align=\"center\"><strong>DO SUPRIMENTO DE FUNDOS E DO CART\u00c3O ALIMENTA\u00c7\u00c3O<\/strong><\/p>\n<p align=\"center\"><strong>SE\u00c7\u00c3O I<\/strong><\/p>\n<p align=\"center\"><strong>DAS SOLICITA\u00c7\u00d5ES E APLICA\u00c7\u00d5ES DO SUPRIMENTO DE FUNDOS<\/strong><\/p>\n<p align=\"justify\"><span lang=\"pt-BR\"><strong>Art. 5<\/strong><\/span><span lang=\"pt-BR\">\u00ba. As solicita\u00e7\u00f5es de concess\u00e3o de verba de suprimento de fundos dever\u00e3o ser geradas via SEI \u2013 Sistema Eletr\u00f4nico de Informa\u00e7\u00f5es at\u00e9 o dia\u00a0<\/span><span lang=\"pt-BR\"><strong>18\/11\/2019<\/strong><\/span><span lang=\"pt-BR\">, sendo vedados novos pedidos a partir desta data.<\/span><\/p>\n<p align=\"justify\"><span lang=\"pt-BR\"><strong>Par\u00e1grafo \u00fanico.\u00a0<\/strong><\/span><span lang=\"pt-BR\">A aplica\u00e7\u00e3o da verba dever\u00e1 ocorrer at\u00e9 o dia\u00a0<\/span><span lang=\"pt-BR\"><strong>29\/11\/2019,\u00a0<\/strong><\/span><span lang=\"pt-BR\">bem como a devolu\u00e7\u00e3o dos saldos residuais na conta corrente do FUNEPJ, devendo a presta\u00e7\u00e3o de contas ser apresentada at\u00e9 o dia\u00a0<\/span><span lang=\"pt-BR\"><strong>06\/12\/2019<\/strong><\/span><\/p>\n<p align=\"center\"><span lang=\"pt-BR\"><strong>SE\u00c7\u00c3O II<\/strong><\/span><\/p>\n<p align=\"center\"><strong>DAS SOLICITA\u00c7\u00d5ES E APLICA\u00c7\u00d5ES DO CART\u00c3O ALIMENTA\u00c7\u00c3O<\/strong><\/p>\n<p align=\"justify\"><span lang=\"pt-BR\"><strong>Art. 6\u00ba\u00a0<\/strong><\/span><span lang=\"pt-BR\">Os pedidos de verba dever\u00e3o ser enviados at\u00e9\u00a0<\/span><span lang=\"pt-BR\"><strong>05\/12\/2019<\/strong><\/span><span lang=\"pt-BR\">, e a emiss\u00e3o de notas fiscais e os respectivos pagamentos, referentes \u00e0s despesas com alimenta\u00e7\u00e3o do j\u00fari do 3\u00ba quadrimestre\/2019, dever\u00e3o ocorrer at\u00e9 o dia\u00a0<\/span><span lang=\"pt-BR\"><strong>19\/12\/2019<\/strong><\/span><span lang=\"pt-BR\">, devendo a presta\u00e7\u00e3o de contas ser enviada \u00e0 Secretaria de Finan\u00e7as e Execu\u00e7\u00e3o Or\u00e7ament\u00e1ria, atrav\u00e9s do SEI \u2013 Sistema Eletr\u00f4nico de Informa\u00e7\u00f5es, at\u00e9 o dia\u00a0<\/span><span lang=\"pt-BR\"><strong>08\/01\/2020.<\/strong><\/span><\/p>\n<p align=\"justify\"><span lang=\"pt-BR\"><strong>Art. 7\u00ba\u00a0<\/strong><\/span><span lang=\"pt-BR\">Os cart\u00f5es magn\u00e9ticos dever\u00e3o ser bloqueados pela empresa contratada em\u00a0<\/span><span lang=\"pt-BR\"><strong>19\/12\/2019<\/strong><\/span><span lang=\"pt-BR\">.<\/span><\/p>\n<p align=\"justify\"><span lang=\"pt-BR\"><strong>Art. 8\u00ba<\/strong><\/span><span lang=\"pt-BR\">\u00a0Os saldos existentes nos cart\u00f5es magn\u00e9ticos das Comarcas\/Secretarias dever\u00e3o ser informados pela empresa contratada \u00e0 Secretaria de Finan\u00e7as e Execu\u00e7\u00e3o Or\u00e7ament\u00e1ria no dia\u00a0<\/span><span lang=\"pt-BR\"><strong>20\/12\/2019<\/strong><\/span><span lang=\"pt-BR\">.<\/span><\/p>\n<p align=\"justify\"><span lang=\"pt-BR\"><strong>Art. 9\u00ba<\/strong><\/span><span lang=\"pt-BR\">\u00a0A devolu\u00e7\u00e3o do valor total dos saldos existentes nos cart\u00f5es magn\u00e9ticos, pela empresa contratada dever\u00e1 ocorrer at\u00e9 o dia\u00a0<\/span><span lang=\"pt-BR\"><strong>26\/12\/2019<\/strong><\/span><span lang=\"pt-BR\">.<\/span><\/p>\n<p align=\"center\"><span lang=\"pt-BR\"><strong>CAP\u00cdTULO III<\/strong><\/span><\/p>\n<p align=\"center\"><strong>DO EMPENHO, DOS RESTOS A PAGAR E DOS PROCESSOS DE PAGAMENTO.<\/strong><\/p>\n<p align=\"center\"><strong>SE\u00c7\u00c3O I<\/strong><\/p>\n<p align=\"center\"><strong>DO EMPENHO<\/strong><\/p>\n<p align=\"justify\"><span lang=\"pt-BR\"><strong>Art. 10\u00a0<\/strong><\/span><span lang=\"pt-BR\">As notas de empenho ser\u00e3o emitidas at\u00e9 o dia\u00a0<\/span><span lang=\"pt-BR\"><strong>13\/12\/2019.<\/strong><\/span><\/p>\n<p align=\"justify\"><span lang=\"pt-BR\"><strong>Par\u00e1grafo \u00fanico.\u00a0<\/strong><\/span><span lang=\"pt-BR\">Fica estabelecida a data limite de\u00a0<\/span><span lang=\"pt-BR\"><strong>13\/12\/2019<\/strong><\/span><span lang=\"pt-BR\">\u00a0para autoriza\u00e7\u00e3o de emiss\u00e3o de empenho pelo ordenador de despesas.<\/span><\/p>\n<p align=\"justify\"><span lang=\"pt-BR\"><strong>Art. 11\u00a0<\/strong><\/span><span lang=\"pt-BR\">Excetuam-se do disposto no artigo anterior os empenhos referentes \u00e0s folhas de pagamento de pessoal e encargos sociais, obriga\u00e7\u00f5es tribut\u00e1rias, os pagamentos relativos a conv\u00eanios, inclusive suas contrapartidas, bem como os referentes a di\u00e1rias (expressamente justificadas pelo requerente).<\/span><\/p>\n<p align=\"justify\"><span lang=\"pt-BR\"><strong>Art. 12\u00a0<\/strong><\/span><span lang=\"pt-BR\">As despesas or\u00e7ament\u00e1rias ser\u00e3o empenhadas com recursos do or\u00e7amento vigente somente no montante das parcelas realizadas integralmente dentro do exerc\u00edcio financeiro de 2019.<\/span><\/p>\n<p align=\"justify\"><span lang=\"pt-BR\"><strong>\u00a71\u00ba<\/strong><\/span><span lang=\"pt-BR\">\u00a0As parcelas relativas ao m\u00eas de dezembro de 2019 ser\u00e3o empenhadas por estimativa.<\/span><\/p>\n<p align=\"justify\"><span lang=\"pt-BR\"><strong>\u00a72\u00ba\u00a0<\/strong><\/span><span lang=\"pt-BR\">As parcelas a serem realizadas nos exerc\u00edcios futuros correr\u00e3o por conta dos or\u00e7amentos dos respectivos exerc\u00edcios.<\/span><\/p>\n<p align=\"justify\"><span lang=\"pt-BR\"><strong>Art. 13\u00a0<\/strong><\/span><span lang=\"pt-BR\">Os gestores de contrato ou seus substitutos legais dever\u00e3o encaminhar at\u00e9 o dia 18\/12\/2019, o Anexo I deste Ato (disponibilizado no Sistema Eletr\u00f4nico de Informa\u00e7\u00f5es) de FORMA CONCOMITANTE via SEI \u00e0\u00a0<\/span><span lang=\"pt-BR\">Secretaria de Finan\u00e7as e Execu\u00e7\u00e3o Or\u00e7ament\u00e1ria<\/span><span lang=\"pt-BR\">\u00a0e \u00e0\u00a0<\/span><span lang=\"pt-BR\">Secretaria Geral<\/span><span lang=\"pt-BR\">\u00a0para que esta possa autorizar a ANULA\u00c7\u00c3O DE EMPENHO DE 2019 e O EMPENHO PARA 2020 no montante informado, incluindo a previs\u00e3o de repactua\u00e7\u00e3o e reajuste.<\/span><\/p>\n<p align=\"justify\"><span lang=\"pt-BR\"><strong>Art. 14\u00a0<\/strong><\/span><span lang=\"pt-BR\">Os procedimentos or\u00e7ament\u00e1rios do encerramento do exerc\u00edcio de 2019, a serem executados pela Se\u00e7\u00e3o de Empenho e Classifica\u00e7\u00e3o da Despesa, dever\u00e3o ocorrer at\u00e9 o dia\u00a0<\/span><span lang=\"pt-BR\"><strong>10\/01\/2020.<\/strong><\/span><\/p>\n<p align=\"center\"><span lang=\"pt-BR\"><strong>SE\u00c7\u00c3O II<\/strong><\/span><\/p>\n<p align=\"center\"><strong>DOS RESTOS A PAGAR<\/strong><\/p>\n<p align=\"justify\"><span lang=\"pt-BR\"><strong>Art. 15\u00a0<\/strong><\/span><span lang=\"pt-BR\">Observado o prazo e a forma prevista no artigo 13 deste Ato ser\u00e3o inscritas em Restos a Pagar N\u00e3o Processados de 2019:<\/span><\/p>\n<p align=\"justify\"><span lang=\"pt-BR\"><strong>I<\/strong><\/span><span lang=\"pt-BR\">\u00a0\u2013 Despesas a Liquidar &#8211; As despesas empenhadas e n\u00e3o liquidadas, mas de compet\u00eancia do referido exerc\u00edcio, em que o servi\u00e7o ou material contratado tenha sido prestado ou entregue e que se encontrava, em 31 de dezembro de 2019, sem ter iniciado a fase de verifica\u00e7\u00e3o do direito adquirido pelo credor, ou cujas ordens de fornecimento ou de servi\u00e7os de car\u00e1ter n\u00e3o continuado tenham sido emitidas em 2019;<\/span><\/p>\n<p align=\"justify\"><span lang=\"pt-BR\"><strong>II\u00a0<\/strong><\/span><span lang=\"pt-BR\">\u2013 Despesas em Liquida\u00e7\u00e3o<\/span><span lang=\"pt-BR\">&#8211; As despesas empenhadas, mas n\u00e3o liquidadas, em que a execu\u00e7\u00e3o do servi\u00e7o ou fornecimento do material demandado e que se encontre, em 31 de dezembro de 2019 em fase verifica\u00e7\u00e3o do direito adquirido pelo credor.<\/span><\/p>\n<p align=\"justify\"><span lang=\"pt-BR\"><strong>Par\u00e1grafo \u00fanico.<\/strong><\/span><span lang=\"pt-BR\">\u00a0As despesas empenhadas e n\u00e3o liquidadas no corrente exerc\u00edcio ser\u00e3o inscritas em\u00a0<\/span><span lang=\"pt-BR\"><strong>Restos a Pagar N\u00e3o Processados<\/strong><\/span><span lang=\"pt-BR\">, por fonte de recursos, at\u00e9 o limite das disponibilidades financeiras apuradas no encerramento do exerc\u00edcio, depois de descontado o montante inscrito em &#8220;Restos a Pagar Processados&#8221;.<\/span><\/p>\n<p align=\"justify\"><span lang=\"pt-BR\"><strong>Art. 16\u00a0<\/strong><\/span><span lang=\"pt-BR\">As despesas inscritas em Restos a Pagar N\u00e3o Processados no exerc\u00edcio de 2019 ser\u00e3o liquidadas at\u00e9 o dia\u00a0<\/span><span lang=\"pt-BR\"><strong>29\/05\/2020<\/strong><\/span><span lang=\"pt-BR\">\u00a0e, ap\u00f3s a referida data, os saldos remanescentes ser\u00e3o cancelados pelo SIGEFES, por meio de rotina espec\u00edfica realizada pelo Tribunal de Justi\u00e7a do Estado do Esp\u00edrito Santo.<\/span><\/p>\n<p align=\"justify\"><span lang=\"pt-BR\"><strong>Par\u00e1grafo \u00fanico.\u00a0<\/strong><\/span><span lang=\"pt-BR\">N\u00e3o se incluem no artigo anterior os Restos a Pagar classificados como \u201cem liquida\u00e7\u00e3o\u201d.<\/span><\/p>\n<p align=\"justify\"><span lang=\"pt-BR\"><strong>Art. 17\u00a0<\/strong><\/span><span lang=\"pt-BR\">Ficam cancelados os Restos a Pagar Processados inscritos at\u00e9\u00a0<\/span><span lang=\"pt-BR\"><strong>31\/12\/2014<\/strong><\/span><span lang=\"pt-BR\">, devendo a Secretaria de Finan\u00e7as e Execu\u00e7\u00e3o Or\u00e7ament\u00e1ria providenciar os lan\u00e7amentos cont\u00e1beis no SIGEFES at\u00e9 o dia\u00a0<\/span><span lang=\"pt-BR\"><strong>10\/01\/2020.<\/strong><\/span><\/p>\n<p align=\"justify\"><span lang=\"pt-BR\"><strong>Par\u00e1grafo \u00fanico.<\/strong><\/span><span lang=\"pt-BR\">\u00a0Ap\u00f3s o cancelamento da inscri\u00e7\u00e3o da despesa como Restos a Pagar a que se refere o\u00a0<\/span><span lang=\"pt-BR\"><i>caput,\u00a0<\/i><\/span><span lang=\"pt-BR\">o pagamento que vier a ser reclamado poder\u00e1 ser atendido \u00e0 conta de dota\u00e7\u00e3o destinada a despesas de exerc\u00edcios anteriores, ap\u00f3s an\u00e1lise e autoriza\u00e7\u00e3o da Secretaria Geral.<\/span><\/p>\n<p align=\"justify\"><span lang=\"pt-BR\"><strong>Art. 18\u00a0<\/strong><\/span><span lang=\"pt-BR\">Os empenhos de suprimentos de fundos n\u00e3o poder\u00e3o ser inscritos em restos a pagar e ser\u00e3o anulados at\u00e9 o dia\u00a0<\/span><span lang=\"pt-BR\"><strong>27\/12\/2019.<\/strong><\/span><\/p>\n<p align=\"center\"><span lang=\"pt-BR\"><strong>SE\u00c7\u00c3O III<\/strong><\/span><\/p>\n<p align=\"center\"><strong>DOS PEDIDOS DE PAGAMENTO<\/strong><\/p>\n<p align=\"justify\"><span lang=\"pt-BR\"><strong>Art. 19<\/strong><\/span><span lang=\"pt-BR\">\u00a0O prazo limite para pagamento das despesas relacionadas a Contrata\u00e7\u00e3o de Terceirizadas \u00e9 o dia\u00a0<\/span><span lang=\"pt-BR\"><strong>17\/12\/2019<\/strong><\/span><span lang=\"pt-BR\">; para as demais despesas \u00e9 o dia\u00a0<\/span><span lang=\"pt-BR\"><strong>13\/12\/2019<\/strong><\/span><span lang=\"pt-BR\">, inclusive, as relativas a Precat\u00f3rios.<\/span><\/p>\n<p align=\"justify\"><span lang=\"pt-BR\"><strong>\u00a71\u00ba\u00a0<\/strong><\/span><span lang=\"pt-BR\">Os autos relativos a pedido de pagamento dever\u00e3o ser encaminhados \u00e0 Secretaria de Finan\u00e7as e Execu\u00e7\u00e3o Or\u00e7ament\u00e1ria at\u00e9 o dia\u00a0<\/span><span lang=\"pt-BR\"><strong>13\/12\/2019\u00a0<\/strong><\/span><span lang=\"pt-BR\">para as Contrata\u00e7\u00f5es de Terceirizadas, sendo para as demais despesas o dia\u00a0<\/span><span lang=\"pt-BR\"><strong>10\/12\/2019<\/strong><\/span><span lang=\"pt-BR\">, conforme preconiza o item 4.3 do Manual de Gest\u00e3o de Contratos Administrativos (Resolu\u00e7\u00e3o TJ\/ES n\u00ba 27\/2009). Em caso de descumprimento dos prazos, o gestor dever\u00e1 enviar os autos diretamente ao ordenador de despesa para autoriza\u00e7\u00e3o de pagamento da despesa.<\/span><\/p>\n<p align=\"justify\"><span lang=\"pt-BR\"><strong>\u00a72\u00ba\u00a0<\/strong><\/span><span lang=\"pt-BR\">As Rela\u00e7\u00f5es Externas (RE\u00b4s) relativas aos pagamentos realizados no dia\u00a0<\/span><span lang=\"pt-BR\"><strong>13\/12\/2019<\/strong><\/span><span lang=\"pt-BR\">\u00a0ser\u00e3o apresentadas ao banco at\u00e9 o dia\u00a0<\/span><span lang=\"pt-BR\"><strong>16\/12\/2019.<\/strong><\/span><\/p>\n<p align=\"justify\"><span lang=\"pt-BR\"><strong>Art. 20\u00a0<\/strong><\/span><span lang=\"pt-BR\">Excetuam-se do disposto no artigo anterior os pagamentos referentes \u00e0s folhas de pagamento de pessoal e encargos sociais, obriga\u00e7\u00f5es tribut\u00e1rias, obriga\u00e7\u00f5es com vencimento espec\u00edfico (ex: \u00e1gua, luz, correios) os pagamentos relativos a conv\u00eanios, inclusive suas contrapartidas, bem como os referentes a di\u00e1rias (expressamente justificadas pelo requerente).<\/span><\/p>\n<p align=\"justify\"><span lang=\"pt-BR\"><strong>Par\u00e1grafo \u00fanico.<\/strong><\/span><span lang=\"pt-BR\">\u00a0O prazo para pagamento das despesas excetuadas neste artigo ser\u00e1 at\u00e9 o dia\u00a0<\/span><span lang=\"pt-BR\"><strong>27\/12\/2019<\/strong><\/span><span lang=\"pt-BR\">\u00a0e as respectivas RE\u00b4s ser\u00e3o apresentadas ao banco at\u00e9 o dia\u00a0<\/span><span lang=\"pt-BR\"><strong>30\/12\/2019.<\/strong><\/span><\/p>\n<p align=\"center\"><span lang=\"pt-BR\"><strong>CAP\u00cdTULO IV<\/strong><\/span><\/p>\n<p align=\"center\"><strong>DAS COMISS\u00d5ES<\/strong><\/p>\n<p align=\"center\"><strong>SE\u00c7\u00c3O I<\/strong><\/p>\n<p align=\"center\"><strong>DA CONSTITUI\u00c7\u00c3O DAS COMISS\u00d5ES<\/strong><\/p>\n<p align=\"justify\"><span lang=\"pt-BR\"><strong>Art. 21<\/strong><\/span><span lang=\"pt-BR\">\u00a0Compete ao Secret\u00e1rio Geral at\u00e9 03 (tr\u00eas) dias ap\u00f3s publica\u00e7\u00e3o deste Ato, por meio de ato publicado no Di\u00e1rio da Justi\u00e7a Eletr\u00f4nico, constituir as comiss\u00f5es necess\u00e1rias, observando o conhecimento t\u00e9cnico espec\u00edfico, para promoverem o levantamento completo, at\u00e9 o dia\u00a0<\/span><span lang=\"pt-BR\"><strong>06\/01\/2020,\u00a0<\/strong><\/span><span lang=\"pt-BR\">referente \u00e0s d\u00edvidas\u00a0<\/span><span lang=\"pt-BR\">constantes dos grupos Passivo Circulante e Passivo N\u00e3o Circulante, inclusive de levantamento de d\u00edvidas com pessoal, aos invent\u00e1rios f\u00edsicos e cont\u00e1beis dos valores dos bens m\u00f3veis, im\u00f3veis, intang\u00edveis, e dos materiais em almoxarifado ou em outras unidades similares, tendo como data base, para efeito de apura\u00e7\u00e3o dos dados, o dia\u00a0<\/span><span lang=\"pt-BR\"><strong>31\/12\/2019.<\/strong><\/span><\/p>\n<p align=\"justify\"><span lang=\"pt-BR\"><strong>Art. 22<\/strong><\/span><span lang=\"pt-BR\">\u00a0A Comiss\u00e3o de Presta\u00e7\u00e3o de Contas ser\u00e1 nomeada pelo Presidente do Poder Judici\u00e1rio, devendo ser composta por pelo menos um servidor da Secretaria de Tecnologia da Informa\u00e7\u00e3o que auxiliar\u00e1 nos trabalhos de formata\u00e7\u00e3o, grava\u00e7\u00e3o e envio da Presta\u00e7\u00e3o de Contas Anual atrav\u00e9s do sistema informatizado cidadES.<\/span><\/p>\n<p align=\"justify\"><span lang=\"pt-BR\"><strong>Par\u00e1grafo \u00fanico.\u00a0<\/strong><\/span><span lang=\"pt-BR\">A Secretaria Geral dever\u00e1 encaminhar \u00e0 Comiss\u00e3o de Presta\u00e7\u00e3o de Contas, a rela\u00e7\u00e3o dos servidores das comiss\u00f5es constitu\u00eddas conforme artigo 21, evidenciando o n\u00famero do Ato e a data de sua publica\u00e7\u00e3o, at\u00e9 02 (dois) dias ap\u00f3s a publica\u00e7\u00e3o deste.<\/span><\/p>\n<p align=\"justify\"><span lang=\"pt-BR\"><strong>Art. 23\u00a0<\/strong><\/span><span lang=\"pt-BR\">A indica\u00e7\u00e3o dos respons\u00e1veis pela elabora\u00e7\u00e3o e entrega dos itens das letras F e G do anexo III da IN TCE\/ES n\u00ba 43\/2017 e altera\u00e7\u00f5es \u00e0 Comiss\u00e3o de Presta\u00e7\u00e3o de Contas constam no Anexo II deste Ato.<\/span><\/p>\n<p align=\"center\"><span lang=\"pt-BR\"><strong>SE\u00c7\u00c3O II<\/strong><\/span><\/p>\n<p align=\"center\"><span lang=\"pt-BR\"><strong>DOS PRAZOS E ENCAMINHAMENTO DE DOCUMENTOS<\/strong><\/span><\/p>\n<p align=\"center\"><strong>SUBSE\u00c7\u00c3O I<\/strong><\/p>\n<p align=\"center\"><strong>Pela Comiss\u00e3o para Levantamento de Bens Patrimoniais<\/strong><\/p>\n<p align=\"justify\"><span lang=\"pt-BR\"><strong>Art. 24\u00a0<\/strong><\/span><span lang=\"pt-BR\">Compete \u00e0 comiss\u00e3o elaborar o invent\u00e1rio anual dos bens m\u00f3veis, im\u00f3veis e invent\u00e1rio anual dos bens em almoxarifado (c\u00f3digos INVMOVS, INVIMOS, INVALMO da letra F do anexo III da IN TCE\/ES n\u00ba 43\/2017 e altera\u00e7\u00f5es), com posi\u00e7\u00e3o em\u00a0<\/span><span lang=\"pt-BR\"><strong>31\/12\/2019\u00a0<\/strong><\/span><span lang=\"pt-BR\">e enviar \u00e0 Coordenadoria de Contabilidade at\u00e9 o dia\u00a0<\/span><span lang=\"pt-BR\"><strong>06\/01\/2020<\/strong><\/span><span lang=\"pt-BR\">. Destacando que quanto aos bens im\u00f3veis dever\u00e3o ser apresentados\u00a0<\/span>elementos suficientes para perfeita caracteriza\u00e7\u00e3o de cada um deles.<\/p>\n<p align=\"justify\"><span lang=\"pt-BR\"><strong>\u00a71\u00ba\u00a0<\/strong><\/span><span lang=\"pt-BR\">Tamb\u00e9m compete \u00e0 comiss\u00e3o encaminhar \u00e0 Comiss\u00e3o de Presta\u00e7\u00e3o de Contas os resumos e demonstrativos anal\u00edticos (c\u00f3digos TERMOV, DEMBMV, TERIMO, DEMBIM, TERALM, DEMAMC, TERINT, DEMAMP, da letra F do anexo III da IN TCE\/ES n\u00ba 43\/2017 e altera\u00e7\u00f5es) at\u00e9 o dia\u00a0<\/span><span lang=\"pt-BR\"><strong>07\/02\/2020<\/strong><\/span><span lang=\"pt-BR\">.<\/span><\/p>\n<p align=\"justify\"><span lang=\"pt-BR\"><strong>\u00a72\u00ba\u00a0<\/strong><\/span><span lang=\"pt-BR\">Os invent\u00e1rios f\u00edsicos e cont\u00e1beis a que se refere o\u00a0<\/span><span lang=\"pt-BR\"><i>caput\u00a0<\/i><\/span><span lang=\"pt-BR\">contemplam tamb\u00e9m os bens em poder de terceiros e os bens de terceiros em posse do Poder Judici\u00e1rio, e devem servir de base para elabora\u00e7\u00e3o dos resumos de invent\u00e1rios e demonstrativos anal\u00edticos previstos no \u00a71\u00ba.<\/span><\/p>\n<p align=\"center\"><span lang=\"pt-BR\"><strong>SUBSE\u00c7\u00c3O II<\/strong><\/span><\/p>\n<p align=\"center\"><strong>Pela Comiss\u00e3o para Levantamento do Passivo referente a Pessoal<\/strong><\/p>\n<p align=\"justify\"><span lang=\"pt-BR\"><strong>Art. 25\u00a0<\/strong><\/span><span lang=\"pt-BR\">A comiss\u00e3o dever\u00e1 elaborar e entregar \u00e0 Coordenadoria de Contabilidade os relat\u00f3rios que dizem respeito ao Passivo de Pessoal (Retroativo da Magistratura, PAE &#8211; Parcela Aut\u00f4noma de Equival\u00eancia dos Magistrados, 11,98% dos servidores e o rec\u00e1lculo do ATS &#8211; Adicional de Tempo de Servi\u00e7o dos servidores) e seus encargos patronais, com apresenta\u00e7\u00e3o de saldo acumulado em\u00a0<\/span><span lang=\"pt-BR\"><strong>31\/12\/2019<\/strong><\/span><span lang=\"pt-BR\">, bem como qualquer outro relat\u00f3rio de reconhecimento de d\u00edvidas com pessoal elaborado pela Secretaria de Gest\u00e3o de Pessoas ou outra unidade competente, at\u00e9 o dia\u00a0<\/span><span lang=\"pt-BR\"><strong>06\/01\/2020\u00a0<\/strong><\/span><span lang=\"pt-BR\">com a demonstra\u00e7\u00e3o das baixas executadas no exerc\u00edcio de 2019.<\/span><\/p>\n<p align=\"justify\"><span lang=\"pt-BR\"><strong>Par\u00e1grafo \u00fanico<\/strong><\/span><span lang=\"pt-BR\">. Compete ainda \u00e0 comiss\u00e3o encaminhar \u00e0 Comiss\u00e3o de Presta\u00e7\u00e3o de Contas as Declara\u00e7\u00f5es do Ordenador de Despesa no formato dos c\u00f3digos DELCEDI, DECINAT e DELREP da letra F do anexo III da IN TCE\/ES n\u00ba 43\/2017 e altera\u00e7\u00f5es)<\/span><span lang=\"pt-BR\">at\u00e9 o dia\u00a0<\/span><span lang=\"pt-BR\"><strong>07\/02\/2020<\/strong><\/span><span lang=\"pt-BR\">.<\/span><\/p>\n<p align=\"center\"><span lang=\"pt-BR\"><strong>SUBSE\u00c7\u00c3O III<\/strong><\/span><\/p>\n<p align=\"center\"><span lang=\"pt-BR\"><strong>Pela Comiss\u00e3o de Presta\u00e7\u00e3o de Contas<\/strong><\/span><\/p>\n<p align=\"justify\"><span lang=\"pt-BR\"><strong>Art. 26\u00a0<\/strong><\/span><span lang=\"pt-BR\">A comiss\u00e3o, ap\u00f3s juntada e an\u00e1lise preliminar dos documentos referentes \u00e0 Presta\u00e7\u00e3o de Contas Anual, dever\u00e1 encaminh\u00e1-los \u00e0 Secretaria de Controle Interno at\u00e9 o dia\u00a0<\/span><span lang=\"pt-BR\"><strong>21\/02\/2020<\/strong><\/span><span lang=\"pt-BR\">.<\/span><\/p>\n<p align=\"justify\"><span lang=\"pt-BR\"><strong>Art. 27<\/strong><\/span><span lang=\"pt-BR\">\u00a0Dever\u00e3o ser encaminhadas \u00e0 Secretaria de Controle Interno as pe\u00e7as integrantes da Presta\u00e7\u00e3o de Contas Anual do Exerc\u00edcio de 2019, nos termos da IN TCE\/ES n\u00ba 43\/2017, at\u00e9 o dia\u00a0<\/span><span lang=\"pt-BR\"><strong>06\/03\/2020<\/strong><\/span><span lang=\"pt-BR\">\u00a0para fins de elabora\u00e7\u00e3o do Relat\u00f3rio e Parecer Conclusivo da unidade de controle interno (c\u00f3digo RELUCI, letra F do anexo III da IN TCE\/ES n\u00ba 43\/2017 e altera\u00e7\u00f5es) .<\/span><\/p>\n<p align=\"justify\"><span lang=\"pt-BR\"><strong>Art. 28\u00a0<\/strong><\/span><span lang=\"pt-BR\">Recebidos a documenta\u00e7\u00e3o e o Parecer Conclusivo\u00a0<\/span><span lang=\"pt-BR\">(<\/span><span lang=\"pt-BR\">c\u00f3digo RELUCI da letra F do anexo III da IN TCE\/ES n\u00ba 43\/2017 e altera\u00e7\u00f5es) da Secretaria de Controle Interno, previsto no artigo 38 deste Ato o Chefe do Poder Judici\u00e1rio toma ci\u00eancia atrav\u00e9s de pronunciamento expresso e encaminha os documentos que dever\u00e3o compor a Presta\u00e7\u00e3o de Contas Anual de 2019 \u00e0 Comiss\u00e3o de Presta\u00e7\u00e3o de Contas Anual at\u00e9 o dia\u00a0<\/span><span lang=\"pt-BR\"><strong>20\/03\/2020.<\/strong><\/span><\/p>\n<p align=\"justify\"><span lang=\"pt-BR\"><strong>Par\u00e1grafo \u00fanico.<\/strong><\/span><span lang=\"pt-BR\">\u00a0Cabe \u00e0 Comiss\u00e3o de Presta\u00e7\u00e3o de Contas formatar e gravar os documentos previstos no caput na forma\u00a0<\/span><span lang=\"pt-BR\">exigida pela IN TCE\/ES n\u00ba 28\/2013 e altera\u00e7\u00f5es, impreterivelmente at\u00e9 o dia\u00a0<\/span><span lang=\"pt-BR\"><strong>26\/03\/2020<\/strong><\/span><span lang=\"pt-BR\">.<\/span><\/p>\n<p align=\"justify\"><span lang=\"pt-BR\"><strong>Art. 29\u00a0<\/strong><\/span><span lang=\"pt-BR\">A comiss\u00e3o dever\u00e1 protocolizar a Presta\u00e7\u00e3o de Contas Anual do exerc\u00edcio de 2019 no sistema informatizado cidadES at\u00e9 o dia\u00a0<\/span><span lang=\"pt-BR\"><strong>31\/03\/2020\u00a0<\/strong><\/span><span lang=\"pt-BR\">(anexo III da IN TCE\/ES n\u00ba 43\/2017 e altera\u00e7\u00f5es).<\/span><\/p>\n<p align=\"center\"><span lang=\"pt-BR\"><strong>CAP\u00cdTULO IV<\/strong><\/span><\/p>\n<p align=\"center\"><span lang=\"pt-BR\"><strong>DAS UNIDADES ADMINISTRATIVAS<\/strong><\/span><\/p>\n<p align=\"center\"><span lang=\"pt-BR\"><strong>SE\u00c7\u00c3O I<\/strong><\/span><\/p>\n<p align=\"center\"><span lang=\"pt-BR\"><strong>Coordenadoria de Contabilidade<\/strong><\/span><\/p>\n<p align=\"justify\"><span lang=\"pt-BR\"><strong>Art. 30<\/strong><\/span><span lang=\"pt-BR\">\u00a0O prazo para realiza\u00e7\u00e3o dos procedimentos cont\u00e1beis do exerc\u00edcio de 2019, encerram-se em\u00a0<\/span><span lang=\"pt-BR\"><strong>10\/01\/2020<\/strong><\/span><span lang=\"pt-BR\">.<\/span><\/p>\n<p align=\"justify\"><span lang=\"pt-BR\"><strong>Art. 31\u00a0<\/strong><\/span><span lang=\"pt-BR\">Os ajustes necess\u00e1rios ao encerramento do exerc\u00edcio e elabora\u00e7\u00e3o das demonstra\u00e7\u00f5es cont\u00e1beis referentes a 2019 ser\u00e3o realizados at\u00e9 o dia\u00a0<\/span><span lang=\"pt-BR\"><strong>24\/01\/2020<\/strong><\/span><span lang=\"pt-BR\">, em conformidade com a Portaria n\u00ba 548, de 22\/11\/2010, do Minist\u00e9rio da Fazenda.<\/span><\/p>\n<p align=\"justify\"><span lang=\"pt-BR\"><strong>Art. 32\u00a0<\/strong><\/span><span lang=\"pt-BR\">A Coordenadoria de Contabilidade<\/span><span lang=\"pt-BR\">\u00a0e<\/span><span lang=\"pt-BR\">ncaminhar\u00e1 \u00e0 Secretaria de Controle Interno os extratos banc\u00e1rios de dezembro de 2019 e as respectivas concilia\u00e7\u00f5es de todas as Unidades Gestoras do Poder Judici\u00e1rio, em formato PDF, at\u00e9 o dia\u00a0<\/span><span lang=\"pt-BR\"><strong>27\/01\/2020<\/strong><\/span><span lang=\"pt-BR\">.<\/span><\/p>\n<p align=\"justify\"><span lang=\"pt-BR\"><strong>Art. 33\u00a0<\/strong><\/span><span lang=\"pt-BR\">Dever\u00e3o ser encaminhadas \u00e0 Comiss\u00e3o de Presta\u00e7\u00e3o de Contas as Demonstra\u00e7\u00f5es Cont\u00e1beis: BALORC, BALFIN, BALPAT, DEMVAP, DEMDIF, DEMDFL, DEMFCA, BALVER, BALEXO, DEMPES, DEMDCA, DEMRPA, das letras F e G do anexo III da IN TCE\/ES n\u00ba 43\/2017 e altera\u00e7\u00f5es, com suas respectivas Notas Explicativas, relatando os fatos que possam influenciar na interpreta\u00e7\u00e3o dos resultados do exerc\u00edcio, assim como incorre\u00e7\u00f5es de processamento que ocorreram nos balan\u00e7os, anexos e demonstrativos de encerramento e os relat\u00f3rios EXTBAN E\u00a0<\/span><span lang=\"pt-BR\">tvdispn<\/span><span lang=\"pt-BR\">\u00a0at\u00e9 o dia\u00a0<\/span><span lang=\"pt-BR\"><strong>14\/02\/2020<\/strong><\/span><span lang=\"pt-BR\">.<\/span><\/p>\n<p align=\"justify\"><span lang=\"pt-BR\"><strong>Art. 34<\/strong><\/span><span lang=\"pt-BR\">\u00a0Caber\u00e1 \u00e0 Coordenadoria de Contabilidade conciliar os saldos cont\u00e1beis com os levantamentos realizados pelas comiss\u00f5es institu\u00eddas em decorr\u00eancia deste Ato, promovendo os respectivos ajustes cont\u00e1beis, cabendo-lhe, ainda, a concilia\u00e7\u00e3o cont\u00e1bil e os ajustes das demais contas patrimoniais existentes ao final do exerc\u00edcio, em observ\u00e2ncia aos Princ\u00edpios Cont\u00e1beis, objetivando a fidedignidade e a consist\u00eancia das informa\u00e7\u00f5es sobre o patrim\u00f4nio do PJES.<\/span><\/p>\n<p align=\"justify\"><span lang=\"pt-BR\"><strong>Art. 35<\/strong><\/span><span lang=\"pt-BR\">\u00a0Caber\u00e1 \u00e0 Coordenadoria de Contabilidade providenciar junto ao Instituto de Previd\u00eancia dos Servidores P\u00fablicos do Estado do Esp\u00edrito Santo &#8211; IPAJM o certificado, c\u00f3digo CERSIT letra F do anexo III da IN TCE\/ES n\u00ba 43\/2017 e altera\u00e7\u00f5es, at\u00e9 o dia\u00a0<\/span><span lang=\"pt-BR\"><strong>21\/02\/2020<\/strong><\/span><span lang=\"pt-BR\">.<\/span><\/p>\n<p align=\"center\"><span lang=\"pt-BR\"><strong>SE\u00c7\u00c3O II<\/strong><\/span><\/p>\n<p align=\"center\"><span lang=\"pt-BR\"><strong>Secretaria de Controle Interno<\/strong><\/span><\/p>\n<p align=\"justify\"><span lang=\"pt-BR\"><strong>Art. 36\u00a0<\/strong><\/span><span lang=\"pt-BR\">O prazo final para apresenta\u00e7\u00e3o \u00e0 comiss\u00e3o de Presta\u00e7\u00e3o de Contas do relat\u00f3rio das atividades realizadas pela Unidade de Controle Interno na UG, contendo informa\u00e7\u00f5es acerca dos procedimentos relativos ao Plano Anual de Auditorias Internas-PAAI executada no exerc\u00edcio, com os elementos sugeridos na tabela 37 conforme letra F do anexo III da IN TCE\/ES n\u00ba 43\/2017 e altera\u00e7\u00f5es (c\u00f3digo RELACI) \u00e9 o dia\u00a0<\/span><span lang=\"pt-BR\"><strong>07\/02\/2020<\/strong><\/span><span lang=\"pt-BR\">.<\/span><\/p>\n<p align=\"justify\"><span lang=\"pt-BR\"><strong>Art. 37\u00a0<\/strong><\/span><span lang=\"pt-BR\">O prazo final para apresenta\u00e7\u00e3o do Rol de Respons\u00e1veis (c\u00f3digo ROLRES), assim como as eventuais substitui\u00e7\u00f5es, em observ\u00e2ncia aos arts. 143, 144, 145, 146, 147, 148 e 149 da Resolu\u00e7\u00e3o TCE\/ES n\u00ba 261\/2013 \u00e0 comiss\u00e3o de Presta\u00e7\u00e3o de Contas \u00e9 o dia\u00a0<\/span><span lang=\"pt-BR\"><strong>07\/02\/2020<\/strong><\/span><span lang=\"pt-BR\">.<\/span><\/p>\n<p align=\"justify\"><span lang=\"pt-BR\"><strong>Par\u00e1grafo \u00danico.<\/strong><\/span><span lang=\"pt-BR\">\u00a0O Rol de Respons\u00e1veis ser\u00e1 elaborado tendo por base as informa\u00e7\u00f5es encaminhadas pelas unidades administrativas competentes na forma do item B da Norma de Procedimentos n\u00ba 00.03 \u2013 Rol de Respons\u00e1veis e na forma prevista do Anexo III &#8211; C\u00f3digo ROLRES das letras F e G do anexo III da IN TCE\/ES n\u00ba 43\/2017 e altera\u00e7\u00f5es at\u00e9 o dia\u00a0<\/span><span lang=\"pt-BR\"><strong>13\/01\/2020.<\/strong><\/span><\/p>\n<p align=\"justify\"><span lang=\"pt-BR\"><strong>Art. 38\u00a0<\/strong><\/span><span lang=\"pt-BR\">O relat\u00f3rio e parecer conclusivo (c\u00f3digo RELUCI, letra F do anexo III da IN TCE\/ES n\u00ba 43\/2017 e altera\u00e7\u00f5es), al\u00e9m do pronunciamento expresso do Chefe do Poder Judici\u00e1rio (c\u00f3digo PROEXE, letra F do anexo III da IN TCE\/ES n\u00ba 43\/2017 e altera\u00e7\u00f5es), atestando ter tomado conhecimento das conclus\u00f5es contidas no parecer, dever\u00e3o ser entregue \u00e0 Comiss\u00e3o de Presta\u00e7\u00e3o de Contas, at\u00e9 o dia\u00a0<\/span><span lang=\"pt-BR\"><strong>23\/03\/2020<\/strong><\/span><span lang=\"pt-BR\">.<\/span><\/p>\n<p align=\"center\"><span lang=\"pt-BR\"><strong>SE\u00c7\u00c3O III<\/strong><\/span><\/p>\n<p align=\"center\"><span lang=\"pt-BR\"><strong>Coordenadoria de Pagamento de Pessoal<\/strong><\/span><\/p>\n<p align=\"justify\"><span lang=\"pt-BR\"><strong>Art. 39\u00a0<\/strong><\/span><span lang=\"pt-BR\">Os resumos anal\u00edticos da folha de pagamento do exerc\u00edcio de 2019 (c\u00f3digos FOLRPPS, FOLRGPS,) e o instrumento normativo fixador dos subs\u00eddios do Chefe do Poder Judici\u00e1rio para aquele exerc\u00edcio, assim como as respectivas fichas financeiras na forma do Anexo III &#8211; C\u00f3digos FIXSUB E FICPAG da letra F da IN TCE\/ES n\u00ba 43\/2017 e altera\u00e7\u00f5es dever\u00e3o ser entregues \u00e0 Comiss\u00e3o de Presta\u00e7\u00e3o de Contas at\u00e9 o dia\u00a0<\/span><span lang=\"pt-BR\"><strong>07\/02\/2020<\/strong><\/span><span lang=\"pt-BR\">.<\/span><\/p>\n<p align=\"center\"><span lang=\"pt-BR\"><strong>SE\u00c7\u00c3O IV<\/strong><\/span><\/p>\n<p align=\"center\"><span lang=\"pt-BR\"><strong>Secretaria de Tecnologia da Informa\u00e7\u00e3o<\/strong><\/span><\/p>\n<p align=\"justify\"><span lang=\"pt-BR\"><strong>Art. 40\u00a0<\/strong><\/span><span lang=\"pt-BR\">O invent\u00e1rio dos bens intang\u00edveis na forma prescrita no Anexo III- c\u00f3digos INVINTN e TERINT da letra F da IN TCE\/ES n\u00ba 43\/2017 e altera\u00e7\u00f5es dever\u00e3o ser entregue a Coordenadoria de Contabilidade at\u00e9 o dia\u00a0<\/span><span lang=\"pt-BR\"><strong>06\/01\/2020<\/strong><\/span><span lang=\"pt-BR\">.<\/span><\/p>\n<p align=\"justify\"><span lang=\"pt-BR\"><strong>Par\u00e1grafo \u00danico.\u00a0<\/strong><\/span><span lang=\"pt-BR\">Os bens intang\u00edveis dever\u00e3o ser reavaliados at\u00e9 31\/12\/2019<\/span><\/p>\n<p align=\"center\"><span lang=\"pt-BR\"><strong>SE\u00c7\u00c3O V<\/strong><\/span><\/p>\n<p align=\"center\"><span lang=\"pt-BR\"><strong>Coordenadoria de Execu\u00e7\u00e3o Or\u00e7ament\u00e1ria e Financeira<\/strong><\/span><\/p>\n<p align=\"justify\"><span lang=\"pt-BR\"><strong>Art. 41\u00a0<\/strong><\/span><span lang=\"pt-BR\">Os demonstrativos previstos no Anexo III \u2013 c\u00f3digo DEMRAPG, DEMCPA E DEMCSE da letra F da IN TCE\/ES n\u00ba 43\/2017 e altera\u00e7\u00f5es dever\u00e3o ser entregues \u00e0 Comiss\u00e3o de Presta\u00e7\u00e3o de Contas at\u00e9 o dia\u00a0<\/span><span lang=\"pt-BR\"><strong>07\/02\/2020<\/strong><\/span><span lang=\"pt-BR\">.<\/span><\/p>\n<p align=\"center\"><span lang=\"pt-BR\"><strong>SE\u00c7\u00c3O VI<\/strong><\/span><\/p>\n<p align=\"center\"><span lang=\"pt-BR\"><strong>Assessoria de Planejamento, Or\u00e7amento e Gest\u00e3o Estrat\u00e9gica<\/strong><\/span><\/p>\n<p align=\"justify\"><span lang=\"pt-BR\"><strong>Art. 42\u00a0<\/strong><\/span><span lang=\"pt-BR\">O demonstrativo de cr\u00e9ditos adicionais do exerc\u00edcio de 2019 na forma do Anexo III- c\u00f3digo DEMCADC da letra F<\/span><span lang=\"pt-BR\">da IN TCE\/ES n\u00ba 43\/2017 e altera\u00e7\u00f5es dever\u00e3o ser entregue \u00e0 Comiss\u00e3o de Presta\u00e7\u00e3o de Contas at\u00e9 o dia\u00a0<\/span><span lang=\"pt-BR\"><strong>07\/02\/2020<\/strong><\/span><span lang=\"pt-BR\">.<\/span><\/p>\n<p align=\"justify\"><span lang=\"pt-BR\"><strong>Art. 43\u00a0<\/strong><\/span><span lang=\"pt-BR\">O<\/span><span lang=\"pt-BR\">relat\u00f3rio que trata do cumprimento dos programas previstos na LOA e sua conson\u00e2ncia com a LDO e PPA, descrevendo de forma anal\u00edtica a execu\u00e7\u00e3o dos programas inclu\u00eddos na LOA, com indica\u00e7\u00e3o das metas f\u00edsicas e financeiras previstas e executadas, para fins de elabora\u00e7\u00e3o do Relat\u00f3rio de Gest\u00e3o especificado no Anexo III: c\u00f3digo RELGES das letras F e G da IN TCE\/ES n\u00ba 43\/2017 e altera\u00e7\u00f5es, dever\u00e1 ser entregue \u00e0 Secretaria Geral at\u00e9 o dia\u00a0<\/span><span lang=\"pt-BR\"><strong>06\/01\/2020<\/strong><\/span><span lang=\"pt-BR\">.<\/span><\/p>\n<p align=\"center\"><span lang=\"pt-BR\"><strong>SE\u00c7\u00c3O VII<\/strong><\/span><\/p>\n<p align=\"center\"><span lang=\"pt-BR\"><strong>Coordenadoria de Suprimento e Controle Patrimonial<\/strong><\/span><\/p>\n<p align=\"justify\"><span lang=\"pt-BR\"><strong><br \/>\nArt. 44\u00a0<\/strong><\/span><span lang=\"pt-BR\">O(s) ato(s) de designa\u00e7\u00e3o da comiss\u00e3o respons\u00e1vel pela elabora\u00e7\u00e3o do invent\u00e1rio bem como o cronograma de trabalho para o exerc\u00edcio de 2019 formas do Anexo III- c\u00f3digo COMINV da letra F<\/span><span lang=\"pt-BR\">da IN TCE\/ES n\u00ba 43\/2017 e altera\u00e7\u00f5es dever\u00e3o ser entregue \u00e0 Comiss\u00e3o de Presta\u00e7\u00e3o de Contas at\u00e9 o dia\u00a0<\/span><span lang=\"pt-BR\"><strong>07\/02\/2020<\/strong><\/span><span lang=\"pt-BR\">.<\/span><\/p>\n<p align=\"center\"><span lang=\"pt-BR\"><strong>SE\u00c7\u00c3O VII<\/strong><\/span><\/p>\n<p align=\"center\"><span lang=\"pt-BR\"><strong>Secretaria Geral<\/strong><\/span><\/p>\n<p align=\"justify\"><span lang=\"pt-BR\"><strong>Art. 45\u00a0<\/strong><\/span><span lang=\"pt-BR\">Consolidar as informa\u00e7\u00f5es para emiss\u00e3o do Relat\u00f3rio de Gest\u00e3o especificado no Anexo III \u2013 c\u00f3digo RELGES das letras F e G da IN TCE\/ES n\u00ba 43\/2017 e altera\u00e7\u00f5es que dever\u00e1 ser entregue \u00e0 Presid\u00eancia at\u00e9 o dia\u00a0<\/span><span lang=\"pt-BR\"><strong>07\/02\/2020<\/strong><\/span><span lang=\"pt-BR\">.<\/span><\/p>\n<p align=\"center\"><span lang=\"pt-BR\"><strong>SE\u00c7\u00c3O VIII<\/strong><\/span><\/p>\n<p align=\"center\"><span lang=\"pt-BR\"><strong>Assessoria de Precat\u00f3rios<\/strong><\/span><\/p>\n<p align=\"justify\"><span lang=\"pt-BR\"><strong>Art. 46<\/strong><\/span><span lang=\"pt-BR\">\u00a0Dever\u00e1 encaminhar \u00e0 Comiss\u00e3o de Presta\u00e7\u00e3o de Contas at\u00e9 o dia\u00a0<\/span><span lang=\"pt-BR\"><strong>07\/02\/2020<\/strong><\/span><span lang=\"pt-BR\">, documento informando o cumprimento ou n\u00e3o da\u00a0<\/span>Emenda Constitucional n\u00ba 62\/2009 pelo Estado do Esp\u00edrito Santo e pelos Munic\u00edpios, no que tange ao montante depositado mensalmente em contas espec\u00edficas no exerc\u00edcio de 2019 assim como encaminhar a rela\u00e7\u00e3o de precat\u00f3rios pagos (RELPCP), no exerc\u00edcio de 2019 que estejam sujeitos \u00e0 Contribui\u00e7\u00e3o Patronal.<\/p>\n<p align=\"center\"><span lang=\"pt-BR\"><strong>SE\u00c7\u00c3O IX<\/strong><\/span><\/p>\n<p align=\"center\"><span lang=\"pt-BR\"><strong>Presid\u00eancia<\/strong><\/span><\/p>\n<p align=\"justify\"><span lang=\"pt-BR\"><strong>Art. 47\u00a0<\/strong><\/span><span lang=\"pt-BR\">O Relat\u00f3rio de Gest\u00e3o especificado no Anexo III \u2013 c\u00f3digo RELGES das letras F e G da IN TCE\/ES n\u00ba 43\/2017 e altera\u00e7\u00f5es, dever\u00e1 ser entregue \u00e0 Comiss\u00e3o de Presta\u00e7\u00e3o de Contas at\u00e9 o dia\u00a0<\/span><span lang=\"pt-BR\"><strong>06\/03\/2020<\/strong><\/span><span lang=\"pt-BR\">.<\/span><\/p>\n<p align=\"center\"><span lang=\"pt-BR\"><strong>CAP\u00cdTULO V<\/strong><\/span><\/p>\n<p align=\"center\"><span lang=\"pt-BR\"><strong>DISPOSI\u00c7\u00d5ES FINAIS<\/strong><\/span><\/p>\n<p align=\"justify\"><span lang=\"pt-BR\"><strong>Art. 48\u00a0<\/strong><\/span><span lang=\"pt-BR\">A partir da publica\u00e7\u00e3o deste Ato Normativo at\u00e9 a entrega da Presta\u00e7\u00e3o de Contas do deste Poder Judici\u00e1rio relativo ao exerc\u00edcio de 2019,<\/span><span lang=\"pt-BR\">ser\u00e3o consideradas urgentes e priorit\u00e1rias as atividades constantes neste ato.<\/span><\/p>\n<p align=\"justify\"><span lang=\"pt-BR\"><strong>Art. 49\u00a0<\/strong><\/span><span lang=\"pt-BR\">As datas limites para os procedimentos relativos ao encerramento do exerc\u00edcio financeiro e respectiva Presta\u00e7\u00e3o de Contas do exerc\u00edcio de 2019, definidos neste ato, constam no Anexo III.<\/span><\/p>\n<p align=\"justify\"><span lang=\"pt-BR\"><strong>Art. 50\u00a0<\/strong><\/span><span lang=\"pt-BR\">Os casos excepcionais ser\u00e3o submetidos \u00e0 aprecia\u00e7\u00e3o do Secret\u00e1rio Geral deste Tribunal, que poder\u00e1 fixar outros prazos e definir procedimentos complementares necess\u00e1rios ao cumprimento deste Ato.<\/span><\/p>\n<p align=\"justify\"><span lang=\"pt-BR\"><strong>Art. 51\u00a0<\/strong><\/span><span lang=\"pt-BR\">As unidades administrativas deste Poder Judici\u00e1rio dever\u00e3o disponibilizar as informa\u00e7\u00f5es necess\u00e1rias e dar suporte aos trabalhos das comiss\u00f5es institu\u00eddas em decorr\u00eancia deste Ato.<\/span><\/p>\n<p align=\"justify\"><span lang=\"pt-BR\"><strong>Art. 53\u00a0<\/strong><\/span><span lang=\"pt-BR\">S\u00e3o pessoalmente respons\u00e1veis pelo cumprimento de todas as normas estabelecidas neste Ato, na medida de suas compet\u00eancias, os servidores que devem desenvolver as atividades necess\u00e1rias ao cumprimento das normas para o encerramento do exerc\u00edcio e presta\u00e7\u00e3o de contas anual, especialmente, os membros das comiss\u00f5es.<\/span><\/p>\n<p align=\"justify\"><span lang=\"pt-BR\"><strong>Par\u00e1grafo \u00fanico<\/strong><\/span><span lang=\"pt-BR\">. O descumprimento dos prazos fixados neste Ato implicar\u00e1 a responsabilidade do servidor encarregado pela informa\u00e7\u00e3o, no \u00e2mbito de sua \u00e1rea de compet\u00eancia, ensejando apura\u00e7\u00e3o de ordem funcional, nos termos da legisla\u00e7\u00e3o vigente.<\/span><\/p>\n<p align=\"justify\"><span lang=\"pt-BR\"><strong>Art. 54\u00a0<\/strong><\/span><span lang=\"pt-BR\">Os documentos relacionados no anexo II devem ser encaminhados obedecendo as seguintes especifica\u00e7\u00f5es:<\/span><\/p>\n<p align=\"justify\"><span lang=\"pt-BR\"><i>I &#8211;<\/i><\/span><span lang=\"pt-BR\">\u00a0Formato PDF\/A (Portable Document Format \u2013 ABNT NBR ISO 19005) ;<\/span><\/p>\n<p align=\"justify\"><span lang=\"pt-BR\">II &#8211; Permitir a realiza\u00e7\u00e3o de pesquisas em seu conte\u00fado textual;<\/span><\/p>\n<p align=\"justify\"><span lang=\"pt-BR\">III &#8211; Estar nas cores preto e branco;<\/span><\/p>\n<p align=\"justify\"><span lang=\"pt-BR\">IV &#8211; Possuir resolu\u00e7\u00e3o m\u00e1xima de 300 dpi (dots per inch)<\/span><\/p>\n<p align=\"justify\"><span lang=\"pt-BR\">V &#8211; Ter tamanho m\u00e1ximo de aproximadamente 300 KB por p\u00e1gina;<\/span><\/p>\n<p style=\"text-align: justify;\" align=\"justify\"><span lang=\"pt-BR\"><strong>Par\u00e1grafo \u00fanico.<\/strong><\/span><span lang=\"pt-BR\">\u00a0Al\u00e9m dos formatos PDF\/A, exig\u00edvel para todos os documentos que integram o anexo II, dever\u00e3o enviados, obrigatoriamente e sob pena de n\u00e3o recebimento, os documentos espec\u00edficos gravados nos formatos XLS (Microsoft Excel) ou ODS (Open Document Spreadsheet \u2013 formato para planilhas do padr\u00e3o Format for Office Applications &#8211; NBR ISSO\/IEC 26300:2008), conforme disposto nos respectivos anexo III.<\/span><\/p>\n<p style=\"text-align: justify;\" align=\"justify\"><span lang=\"pt-BR\"><strong>Art. 55\u00a0<\/strong><\/span><span lang=\"pt-BR\">Os documentos e as demonstra\u00e7\u00f5es referentes a presta\u00e7\u00e3o de contas dever\u00e3o ser encaminhados a Comiss\u00e3o de Presta\u00e7\u00e3o de Contas Anual em arquivos assinados com certifica\u00e7\u00e3o digital, tipo e-CPF, reconhecida pela Infraestrutura de Chaves P\u00fablicas Brasileira (ICP -Brasil).<\/span><\/p>\n<p style=\"text-align: justify;\" align=\"justify\"><span lang=\"pt-BR\"><strong>Par\u00e1grafo \u00fanico.<\/strong><\/span><span lang=\"pt-BR\">\u00a0Todos os documentos que integram a presta\u00e7\u00e3o de contas dever\u00e3o conter assinatura digital do gestor respons\u00e1vel pelo seu encaminhamento, sendo que as pe\u00e7as e demonstra\u00e7\u00f5es cont\u00e1beis dever\u00e3o conter, al\u00e9m da assinatura digital do gestor respons\u00e1vel pelo encaminhamento, a assinatura digital do contabilista respons\u00e1vel t\u00e9cnico por sua elabora\u00e7\u00e3o.<\/span><\/p>\n<p align=\"justify\"><span lang=\"pt-BR\"><strong>Art. 56\u00a0<\/strong><\/span><span lang=\"pt-BR\">Este Ato Normativo entra em vigor na data de sua publica\u00e7\u00e3o.<\/span><\/p>\n<p style=\"text-align: left;\" align=\"right\"><span lang=\"pt-BR\">Vit\u00f3ria, 07 de novembro de 2019.<\/span><\/p>\n<p align=\"center\"><span lang=\"pt-BR\"><strong>Desembargador\u00a0<\/strong><\/span><span lang=\"pt-BR\"><strong>SERGIO LUIZ TEIXEIRA GAMA<\/strong><\/span><\/p>\n<p align=\"center\"><span lang=\"pt-BR\"><strong>Presidente<\/strong><\/span><\/p>\n<p align=\"center\"><span lang=\"pt-BR\"><strong><a href=\"https:\/\/sistemas.tjes.jus.br\/ediario\/images\/ANEXO_I_-_ato_2019.pdf\" target=\"_blank\" rel=\"noopener\">ANEXO I &#8211; CLIQUE AQUI<\/a><\/strong><\/span><\/p>\n<p align=\"center\"><strong><a href=\"https:\/\/sistemas.tjes.jus.br\/ediario\/images\/ANEXO_II_-_2019.pdf\" target=\"_blank\" rel=\"noopener\">ANEXO II &#8211; CLIQUE AQUI<\/a><\/strong><\/p>\n<p align=\"center\"><strong><a href=\"https:\/\/sistemas.tjes.jus.br\/ediario\/images\/ANEXO_III_-_2019.pdf\" target=\"_blank\" rel=\"noopener\">ANEXO III &#8211; CLIQUE AQUI<\/a><\/strong><\/p>\n","protected":false},"excerpt":{"rendered":"<p>ESTADO DO ESP\u00cdRITO SANTO PODER JUDICI\u00c1RIO ATO NORMATIVO 164\/2019 Disp\u00f5e sobre os procedimentos a serem adotados para o encerramento or\u00e7ament\u00e1rio, financeiro, patrimonial e cont\u00e1bil do exerc\u00edcio financeiro de\u00a02019, em cumprimento \u00e0s normas de Direito Financeiro. O PRESIDENTE DO PODER JUDICI\u00c1RIO DO ESTADO DO ESP\u00cdRITO SANTO, EXMO. DES.\u00a0SERGIO LUIZ TEIXEIRA GAMA, no uso de suas atribui\u00e7\u00f5es [&hellip;]<\/p>\n","protected":false},"author":8,"featured_media":0,"comment_status":"closed","ping_status":"closed","sticky":false,"template":"","format":"standard","meta":{"footnotes":""},"categories":[4,14],"tags":[],"_links":{"self":[{"href":"https:\/\/www.tjes.jus.br\/corregedoria\/wp-json\/wp\/v2\/posts\/28312"}],"collection":[{"href":"https:\/\/www.tjes.jus.br\/corregedoria\/wp-json\/wp\/v2\/posts"}],"about":[{"href":"https:\/\/www.tjes.jus.br\/corregedoria\/wp-json\/wp\/v2\/types\/post"}],"author":[{"embeddable":true,"href":"https:\/\/www.tjes.jus.br\/corregedoria\/wp-json\/wp\/v2\/users\/8"}],"replies":[{"embeddable":true,"href":"https:\/\/www.tjes.jus.br\/corregedoria\/wp-json\/wp\/v2\/comments?post=28312"}],"version-history":[{"count":4,"href":"https:\/\/www.tjes.jus.br\/corregedoria\/wp-json\/wp\/v2\/posts\/28312\/revisions"}],"predecessor-version":[{"id":28316,"href":"https:\/\/www.tjes.jus.br\/corregedoria\/wp-json\/wp\/v2\/posts\/28312\/revisions\/28316"}],"wp:attachment":[{"href":"https:\/\/www.tjes.jus.br\/corregedoria\/wp-json\/wp\/v2\/media?parent=28312"}],"wp:term":[{"taxonomy":"category","embeddable":true,"href":"https:\/\/www.tjes.jus.br\/corregedoria\/wp-json\/wp\/v2\/categories?post=28312"},{"taxonomy":"post_tag","embeddable":true,"href":"https:\/\/www.tjes.jus.br\/corregedoria\/wp-json\/wp\/v2\/tags?post=28312"}],"curies":[{"name":"wp","href":"https:\/\/api.w.org\/{rel}","templated":true}]}}