{"id":28326,"date":"2019-11-11T14:33:27","date_gmt":"2019-11-11T16:33:27","guid":{"rendered":"https:\/\/www.tjes.jus.br\/corregedoria\/?p=28326"},"modified":"2019-11-11T14:33:27","modified_gmt":"2019-11-11T16:33:27","slug":"ato-normativo-conjunto-no-025-2019-disp-11-11-2019","status":"publish","type":"post","link":"https:\/\/www.tjes.jus.br\/corregedoria\/2019\/11\/11\/ato-normativo-conjunto-no-025-2019-disp-11-11-2019\/","title":{"rendered":"ATO NORMATIVO CONJUNTO N\u00ba 025\/2019 \u2013 DISP. 11\/11\/2019"},"content":{"rendered":"<p align=\"center\"><strong>ESTADO DO ESP\u00cdRITO SANTO<\/strong><\/p>\n<p align=\"center\"><strong>PODER JUDICI\u00c1RIO<\/strong><\/p>\n<p align=\"center\"><strong>TRIBUNAL DE JUSTI\u00c7A<\/strong><\/p>\n<p align=\"center\">\n<p align=\"center\"><strong>ATO NORMATIVO CONJUNTO 025 \/2019<\/strong><\/p>\n<p align=\"center\">\n<p align=\"justify\"><strong>Disp\u00f5e sobre o deslocamento do Centro da Corregedoria Estadual de Intelig\u00eancia Artificial \u2013 CorE-AI para a Presid\u00eancia do Tribunal de Justi\u00e7a do Estado do Esp\u00edrito Santo, renomeando-o para Centro de Inova\u00e7\u00e3o, Tecnologia e Intelig\u00eancia Artificial.<\/strong><\/p>\n<p align=\"justify\">\n<p align=\"justify\">\n<p style=\"text-align: justify;\" align=\"justify\">O Excelent\u00edssimo Senhor Desembargador SERGIO LUIZ TEIXEIRA GAMA, Presidente do Egr\u00e9gio Tribunal de Justi\u00e7a do Estado do Esp\u00edrito Santo, e o Excelent\u00edssimo Senhor Desembargador SAMUEL MEIRA BRASIL JUNIOR, Corregedor-Geral da Justi\u00e7a, no uso de suas atribui\u00e7\u00f5es legais,<\/p>\n<p style=\"text-align: justify;\" align=\"justify\">\n<p style=\"text-align: justify;\" align=\"justify\"><strong>CONSIDERANDO<\/strong>\u00a0a cria\u00e7\u00e3o pelo Conselho Nacional de Justi\u00e7a de um Centro de Intelig\u00eancia Artificial, e a orienta\u00e7\u00e3o para que cada tribunal tenha em sua estrutura um modelo institucional adequado para a pesquisa em intelig\u00eancia artificial, o qual estar\u00e1 associado ao Centro de IA do Conselho Nacional de Justi\u00e7a (Considera\u00e7\u00f5es Finais da Portaria n\u00ba 25 de 19.02.2019 do Conselho Nacional de Justi\u00e7a);<\/p>\n<p style=\"text-align: justify;\" align=\"justify\">\n<p style=\"text-align: justify;\" align=\"justify\"><strong>CONSIDERANDO\u00a0<\/strong>a cria\u00e7\u00e3o do laborat\u00f3rio de Intelig\u00eancia Artificial pela Corregedoria Geral da Justi\u00e7a em 2018 e a institui\u00e7\u00e3o do Centro da Corregedoria Estadual de Intelig\u00eancia Artificial (CorE-AI) pelo <a href=\"https:\/\/www.tjes.jus.br\/corregedoria\/2019\/05\/17\/provimento-no-21-2019-disp-15-05-2019\/\">Provimento n\u00ba 21\/2019<\/a>;<\/p>\n<p style=\"text-align: justify;\" align=\"justify\">\n<p style=\"text-align: justify;\" align=\"justify\"><strong>CONSIDERANDO\u00a0<\/strong>a amplitude dos programas de pesquisa em intelig\u00eancia artificial, que n\u00e3o se limitam \u00e0s demandas da Corregedoria Geral da Justi\u00e7a;<\/p>\n<p style=\"text-align: justify;\" align=\"justify\">\n<p align=\"justify\"><strong>CONSIDERANDO<\/strong>\u00a0os programas de pesquisa que englobam a inova\u00e7\u00e3o como um todo e as mudan\u00e7as exponenciais projetadas pelas disrup\u00e7\u00f5es tecnol\u00f3gicas no \u00e2mbito do Poder Judici\u00e1rio;<\/p>\n<p align=\"justify\">\n<p align=\"justify\"><strong>CONSIDERANDO<\/strong>\u00a0o desenvolvimento de novas solu\u00e7\u00f5es digitais e a necessidade de velar pela compatibilidade dos sistemas eletr\u00f4nicos e de disciplinar a incorpora\u00e7\u00e3o progressiva de inova\u00e7\u00f5es tecnol\u00f3gicas e disruptivas \u00e0 pr\u00e1tica jurisdicional e \u00e0s serventias judiciais e extrajudiciais;<\/p>\n<p align=\"justify\">\n<p align=\"justify\"><strong>CONSIDERANDO<\/strong>\u00a0a necessidade de uso colaborativo de modelos de intelig\u00eancia artificial nos sistemas de informa\u00e7\u00e3o e da pr\u00e1tica eletr\u00f4nica de atos processuais, notariais e registrais;<\/p>\n<p align=\"justify\">\n<p align=\"justify\"><strong>RESOLVE:<\/strong><\/p>\n<p align=\"justify\">\n<p style=\"text-align: justify;\" align=\"justify\">Art. 1\u00ba.\u00a0 Expandir a atua\u00e7\u00e3o do Centro da Corregedoria Estadual de Intelig\u00eancia Artificial (CorE-AI), comunidade colaborativa de pesquisa em inova\u00e7\u00e3o, tecnologia e intelig\u00eancia artificial, para todo o Poder Judici\u00e1rio Estadual, vinculado \u00e0 Presid\u00eancia do Tribunal de Justi\u00e7a do Estado do Esp\u00edrito Santo.<\/p>\n<p style=\"text-align: justify;\" align=\"justify\">\n<p style=\"text-align: justify;\" align=\"justify\">Par\u00e1grafo \u00fanico. O centro ser\u00e1 renomeado para Centro de Inova\u00e7\u00e3o, Tecnologia e Intelig\u00eancia Artificial do Tribunal de Justi\u00e7a do Estado do Esp\u00edrito Santo, mantidos os projetos em andamento e os registros de sua atua\u00e7\u00e3o anterior.<\/p>\n<p style=\"text-align: justify;\" align=\"justify\">\n<p align=\"justify\">Art. 2\u00ba. A comunidade colaborativa do centro de pesquisa ser\u00e1 formada pelos seguintes membros:<\/p>\n<p align=\"justify\">\n<p align=\"justify\">I. Um Desembargador do Tribunal de Justi\u00e7a do Esp\u00edrito Santo, gestor executivo, que o presidir\u00e1;<\/p>\n<p align=\"justify\">II. 01 (um) Juiz de Direito, gestor operacional;<\/p>\n<p align=\"justify\">III. 01 (um) Cientista de Intelig\u00eancia Artificial;<\/p>\n<p align=\"justify\">IV. 01 (um) Jurista ou Cientista do Direito.<\/p>\n<p align=\"justify\">\n<p align=\"justify\">Par\u00e1grafo \u00fanico. Cada equipe de pesquisa ser\u00e1, preferencialmente, formada pelos seguintes membros, sendo desej\u00e1vel uma equipe para cada projeto ou subprojeto:<\/p>\n<p align=\"justify\">\n<p align=\"justify\">I. 01 (um) Gestor de Projeto;<\/p>\n<p align=\"justify\">II. 01 (um) Analista de Desenvolvimento;<\/p>\n<p align=\"justify\">III. 01 (um) Cientista de Dados;<\/p>\n<p align=\"justify\">IV. 01 (um) Cientista de Intelig\u00eancia Artificial;<\/p>\n<p align=\"justify\">V. 01 (um) Analista Desenvolvedor Full-Stack;<\/p>\n<p align=\"justify\">VI. 01 (um) Jurista ou Cientista do Direito.<\/p>\n<p align=\"justify\">\n<p style=\"text-align: justify;\" align=\"justify\">Art. 3\u00ba. Caber\u00e1 ao Centro de Inova\u00e7\u00e3o, Tecnologia e Intelig\u00eancia Artificial a orquestra\u00e7\u00e3o das atividades de pesquisa, mantendo a centraliza\u00e7\u00e3o e a coordena\u00e7\u00e3o das atividades de inova\u00e7\u00e3o, tecnologias disruptivas e intelig\u00eancia artificial no \u00e2mbito do Poder Judici\u00e1rio esp\u00edrito-santense.<\/p>\n<p style=\"text-align: justify;\" align=\"justify\">\n<p style=\"text-align: justify;\" align=\"justify\">Art. 4\u00ba. Os trabalhos e projetos em andamento ser\u00e3o mantidos sem interrup\u00e7\u00e3o ou suspens\u00e3o, com a mesma metodologia e a estrutura em funcionamento, preservados os demais comandos normativos do <a href=\"https:\/\/www.tjes.jus.br\/corregedoria\/2019\/05\/17\/provimento-no-21-2019-disp-15-05-2019\/\">Provimento n\u00ba 21\/2019<\/a> e seguintes da Corregedoria Geral da Justi\u00e7a.<\/p>\n<p style=\"text-align: justify;\" align=\"justify\">\n<p style=\"text-align: justify;\" align=\"justify\">Art. 5\u00ba. O gestor executivo do centro de pesquisa, que o presidir\u00e1, ser\u00e1 designado por ato do Presidente do Tribunal de Justi\u00e7a do Estado do Esp\u00edrito Santo.<\/p>\n<p style=\"text-align: justify;\" align=\"justify\">\n<p align=\"justify\">Art. 6\u00ba. Este provimento entrar\u00e1 em vigor na data de sua publica\u00e7\u00e3o.<\/p>\n<p align=\"justify\">\n<p align=\"justify\">Vit\u00f3ria \u2013 ES, 8 de novembro de 2019.<\/p>\n<p align=\"justify\">\n<p align=\"center\">\n<p align=\"center\">Desembargador S\u00c9RGIO LUIZ TEIXEIRA GAMA<\/p>\n<p align=\"center\">Presidente<\/p>\n<p align=\"center\">\n<p align=\"center\">\n<p align=\"center\">Desembargador SAMUEL MEIRA BRASIL JR.<\/p>\n<p align=\"center\">Corregedor Geral da Justi\u00e7a<\/p>\n","protected":false},"excerpt":{"rendered":"<p>ESTADO DO ESP\u00cdRITO SANTO PODER JUDICI\u00c1RIO TRIBUNAL DE JUSTI\u00c7A ATO NORMATIVO CONJUNTO 025 \/2019 Disp\u00f5e sobre o deslocamento do Centro da Corregedoria Estadual de Intelig\u00eancia Artificial \u2013 CorE-AI para a Presid\u00eancia do Tribunal de Justi\u00e7a do Estado do Esp\u00edrito Santo, renomeando-o para Centro de Inova\u00e7\u00e3o, Tecnologia e Intelig\u00eancia Artificial. O Excelent\u00edssimo Senhor Desembargador SERGIO LUIZ [&hellip;]<\/p>\n","protected":false},"author":8,"featured_media":0,"comment_status":"closed","ping_status":"closed","sticky":false,"template":"","format":"standard","meta":{"footnotes":""},"categories":[4,14],"tags":[],"_links":{"self":[{"href":"https:\/\/www.tjes.jus.br\/corregedoria\/wp-json\/wp\/v2\/posts\/28326"}],"collection":[{"href":"https:\/\/www.tjes.jus.br\/corregedoria\/wp-json\/wp\/v2\/posts"}],"about":[{"href":"https:\/\/www.tjes.jus.br\/corregedoria\/wp-json\/wp\/v2\/types\/post"}],"author":[{"embeddable":true,"href":"https:\/\/www.tjes.jus.br\/corregedoria\/wp-json\/wp\/v2\/users\/8"}],"replies":[{"embeddable":true,"href":"https:\/\/www.tjes.jus.br\/corregedoria\/wp-json\/wp\/v2\/comments?post=28326"}],"version-history":[{"count":1,"href":"https:\/\/www.tjes.jus.br\/corregedoria\/wp-json\/wp\/v2\/posts\/28326\/revisions"}],"predecessor-version":[{"id":28327,"href":"https:\/\/www.tjes.jus.br\/corregedoria\/wp-json\/wp\/v2\/posts\/28326\/revisions\/28327"}],"wp:attachment":[{"href":"https:\/\/www.tjes.jus.br\/corregedoria\/wp-json\/wp\/v2\/media?parent=28326"}],"wp:term":[{"taxonomy":"category","embeddable":true,"href":"https:\/\/www.tjes.jus.br\/corregedoria\/wp-json\/wp\/v2\/categories?post=28326"},{"taxonomy":"post_tag","embeddable":true,"href":"https:\/\/www.tjes.jus.br\/corregedoria\/wp-json\/wp\/v2\/tags?post=28326"}],"curies":[{"name":"wp","href":"https:\/\/api.w.org\/{rel}","templated":true}]}}