{"id":28328,"date":"2019-11-11T14:36:55","date_gmt":"2019-11-11T16:36:55","guid":{"rendered":"https:\/\/www.tjes.jus.br\/corregedoria\/?p=28328"},"modified":"2019-11-11T14:36:55","modified_gmt":"2019-11-11T16:36:55","slug":"ato-normativo-no-168-2019-disp-11-11-2019","status":"publish","type":"post","link":"https:\/\/www.tjes.jus.br\/corregedoria\/2019\/11\/11\/ato-normativo-no-168-2019-disp-11-11-2019\/","title":{"rendered":"ATO NORMATIVO N\u00ba 168\/2019 \u2013 DISP. 11\/11\/2019"},"content":{"rendered":"<p align=\"center\"><strong>ESTADO DO ESP\u00cdRITO SANTO<\/strong><\/p>\n<p align=\"center\"><strong>PODER JUDICI\u00c1RIO<\/strong><\/p>\n<p align=\"center\"><strong>TRIBUNAL DE JUSTI\u00c7A<\/strong><\/p>\n<p align=\"center\">\n<p align=\"center\"><strong>ATO NORMATIVO 168 \/2019<\/strong><\/p>\n<p align=\"justify\">\n<p align=\"justify\">\n<p align=\"justify\">\n<p align=\"justify\">O Excelent\u00edssimo Senhor Desembargador SERGIO LUIZ TEIXEIRA GAMA, Presidente do Egr\u00e9gio Tribunal de Justi\u00e7a do Estado do Esp\u00edrito Santo, no uso de suas atribui\u00e7\u00f5es legais,<\/p>\n<p align=\"justify\">\n<p align=\"justify\"><strong>CONSIDERANDO<\/strong>\u00a0a expans\u00e3o e a convers\u00e3o do Centro da Corregedoria Estadual de Intelig\u00eancia Artificial (CorE-AI) no Centro de Inova\u00e7\u00e3o, Tecnologia e Intelig\u00eancia Artificial do Poder Judici\u00e1rio Estadual;<\/p>\n<p align=\"justify\">\n<p align=\"justify\"><strong>CONSIDERANDO\u00a0<\/strong>que compete ao Presidente do Tribunal de Justi\u00e7a designar o gestor executivo do centro de pesquisa;<\/p>\n<p align=\"justify\">\n<p align=\"justify\"><strong>RESOLVE:<\/strong><\/p>\n<p align=\"justify\">\n<p align=\"justify\">Art. 1\u00ba.\u00a0 Designar o Desembargador Samuel Meira Brasil J\u00fanior como gestor executivo do Centro de Inova\u00e7\u00e3o, Tecnologia e Intelig\u00eancia Artificial do Poder Judici\u00e1rio do Esp\u00edrito Santo.<\/p>\n<p align=\"justify\">\n<p align=\"justify\">Publique-se.<\/p>\n<p align=\"justify\">\n<p align=\"justify\">Vit\u00f3ria \u2013 ES, 8 de novembro de 2019.<\/p>\n<p align=\"justify\">\n<p align=\"justify\">\n<p align=\"center\">Desembargador S\u00c9RGIO LUIZ TEIXEIRA GAMA<\/p>\n<p align=\"center\">Presidente<\/p>\n","protected":false},"excerpt":{"rendered":"<p>ESTADO DO ESP\u00cdRITO SANTO PODER JUDICI\u00c1RIO TRIBUNAL DE JUSTI\u00c7A ATO NORMATIVO 168 \/2019 O Excelent\u00edssimo Senhor Desembargador SERGIO LUIZ TEIXEIRA GAMA, Presidente do Egr\u00e9gio Tribunal de Justi\u00e7a do Estado do Esp\u00edrito Santo, no uso de suas atribui\u00e7\u00f5es legais, CONSIDERANDO\u00a0a expans\u00e3o e a convers\u00e3o do Centro da Corregedoria Estadual de Intelig\u00eancia Artificial (CorE-AI) no Centro de [&hellip;]<\/p>\n","protected":false},"author":8,"featured_media":0,"comment_status":"closed","ping_status":"closed","sticky":false,"template":"","format":"standard","meta":{"footnotes":""},"categories":[4,14],"tags":[],"_links":{"self":[{"href":"https:\/\/www.tjes.jus.br\/corregedoria\/wp-json\/wp\/v2\/posts\/28328"}],"collection":[{"href":"https:\/\/www.tjes.jus.br\/corregedoria\/wp-json\/wp\/v2\/posts"}],"about":[{"href":"https:\/\/www.tjes.jus.br\/corregedoria\/wp-json\/wp\/v2\/types\/post"}],"author":[{"embeddable":true,"href":"https:\/\/www.tjes.jus.br\/corregedoria\/wp-json\/wp\/v2\/users\/8"}],"replies":[{"embeddable":true,"href":"https:\/\/www.tjes.jus.br\/corregedoria\/wp-json\/wp\/v2\/comments?post=28328"}],"version-history":[{"count":1,"href":"https:\/\/www.tjes.jus.br\/corregedoria\/wp-json\/wp\/v2\/posts\/28328\/revisions"}],"predecessor-version":[{"id":28329,"href":"https:\/\/www.tjes.jus.br\/corregedoria\/wp-json\/wp\/v2\/posts\/28328\/revisions\/28329"}],"wp:attachment":[{"href":"https:\/\/www.tjes.jus.br\/corregedoria\/wp-json\/wp\/v2\/media?parent=28328"}],"wp:term":[{"taxonomy":"category","embeddable":true,"href":"https:\/\/www.tjes.jus.br\/corregedoria\/wp-json\/wp\/v2\/categories?post=28328"},{"taxonomy":"post_tag","embeddable":true,"href":"https:\/\/www.tjes.jus.br\/corregedoria\/wp-json\/wp\/v2\/tags?post=28328"}],"curies":[{"name":"wp","href":"https:\/\/api.w.org\/{rel}","templated":true}]}}