{"id":28334,"date":"2019-11-12T17:35:20","date_gmt":"2019-11-12T19:35:20","guid":{"rendered":"https:\/\/www.tjes.jus.br\/corregedoria\/?p=28334"},"modified":"2019-11-12T17:35:20","modified_gmt":"2019-11-12T19:35:20","slug":"ato-normativo-no-169-2019-disp-12-11-2019","status":"publish","type":"post","link":"https:\/\/www.tjes.jus.br\/corregedoria\/2019\/11\/12\/ato-normativo-no-169-2019-disp-12-11-2019\/","title":{"rendered":"ATO NORMATIVO N\u00ba 169\/2019 \u2013 DISP. 12\/11\/2019"},"content":{"rendered":"<p align=\"center\"><strong><span lang=\"pt-BR\">ESTADO DO ESP\u00cdRITO SANTO<\/span><\/strong><\/p>\n<p align=\"center\"><strong><span lang=\"pt-BR\">PODER JUDICI\u00c1RIO<\/span><\/strong><\/p>\n<p align=\"center\"><strong><span lang=\"pt-BR\">TRIBUNAL DE JUSTI\u00c7A<\/span><\/strong><\/p>\n<p align=\"center\"><strong><span lang=\"pt-BR\">GABINETE DA PRESID\u00caNCIA<\/span><\/strong><\/p>\n<p align=\"center\">\n<p align=\"center\"><strong><span lang=\"pt-BR\">ATO NORMATIVO N\u00ba 169 \/2019<\/span><\/strong><\/p>\n<p align=\"justify\">\n<p align=\"justify\"><span lang=\"pt-BR\">O Excelent\u00edssimo Senhor Desembargador S\u00c9RGIO LUIZ TEIXEIRA GAMA, Presidente do Egr\u00e9gio Tribunal de Justi\u00e7a do Estado do Esp\u00edrito Santo, no uso de suas atribui\u00e7\u00f5es legais e,<\/span><\/p>\n<p align=\"justify\">\n<p align=\"justify\"><span lang=\"pt-BR\">CONSIDERANDO o disposto no artigo 58, da Resolu\u00e7\u00e3o n\u00ba. 15\/1995 (Regimento Interno do Tribunal de Justi\u00e7a do Esp\u00edrito Santo), que atribui ao Presidente do Egr\u00e9gio Tribunal de Justi\u00e7a do Estado do Esp\u00edrito Santo compet\u00eancia geral para exercer a superintend\u00eancia de todo o servi\u00e7o judici\u00e1rio, na qualidade de Chefe do Poder Judici\u00e1rio Estadual;<\/span><\/p>\n<p align=\"justify\">\n<p align=\"justify\"><span lang=\"pt-BR\">CONSIDERANDO a vig\u00eancia do Novo C\u00f3digo de Processo Civil (Lei 13.105\/2015), da Lei da Media\u00e7\u00e3o (Lei 13.140\/2015) e da Resolu\u00e7\u00e3o 125\/2010, do Conselho Nacional de Justi\u00e7a-CNJ, que instituiu a Pol\u00edtica de Tratamento adequado de Resolu\u00e7\u00e3o de Conflitos;<\/span><\/p>\n<p>&nbsp;<\/p>\n<p><span lang=\"pt-BR\">RESOLVE:<\/span><\/p>\n<p align=\"justify\">\n<p align=\"justify\"><span lang=\"pt-BR\">Art. 1\u00ba &#8211; Instituir Equipe de Trabalho para a realiza\u00e7\u00e3o das sess\u00f5es de concilia\u00e7\u00e3o e media\u00e7\u00e3o realizadas no 6\u00b0 Centro Judici\u00e1rio de Solu\u00e7\u00e3o de Conflitos e Cidadania \u2013 CEJUSC \u2013 Cachoeiro de Itapemirim, no per\u00edodo de 04\/11\/2019 a 19\/12\/2019, conforme listagem abaixo:<\/span><\/p>\n<p align=\"justify\">\n<table cellspacing=\"0\" cellpadding=\"0\">\n<colgroup>\n<col width=\"340\" \/>\n<col width=\"300\" \/><\/colgroup>\n<tbody>\n<tr valign=\"top\">\n<td width=\"340\" height=\"18\"><span lang=\"pt-BR\">KARINA TADDEI LYRA DO NASCIMENTO<\/span><\/td>\n<td width=\"300\">\n<p align=\"center\"><span lang=\"pt-BR\">MEDIADORA JUDICIAL<\/span><\/p>\n<\/td>\n<\/tr>\n<tr valign=\"top\">\n<td width=\"340\" height=\"19\"><span lang=\"pt-BR\">ROBERTO CARLOS LIMA GOMES<\/span><\/td>\n<td width=\"300\">\n<p align=\"center\"><span lang=\"pt-BR\">MEDIADOR JUDICIAL<\/span><\/p>\n<\/td>\n<\/tr>\n<tr valign=\"top\">\n<td width=\"340\" height=\"18\"><span lang=\"pt-BR\">VALDECI ATA\u00cdDE C\u00c1PUA<\/span><\/td>\n<td width=\"300\">\n<p align=\"center\"><span lang=\"pt-BR\">MEDIADOR JUDICIAL<\/span><\/p>\n<\/td>\n<\/tr>\n<\/tbody>\n<\/table>\n<p align=\"justify\">\n<p style=\"text-align: justify;\" align=\"justify\"><span lang=\"pt-BR\">Par\u00e1grafo \u00danico &#8211; Os Servidores acima que n\u00e3o forem lotados no 6\u00ba CEJUSC, informar\u00e3o os dias e hor\u00e1rios de disponibilidade para atua\u00e7\u00e3o, mediante deferimento de sua chefia imediata.<\/span><\/p>\n<p style=\"text-align: justify;\" align=\"justify\">\n<p style=\"text-align: justify;\" align=\"justify\"><span lang=\"pt-BR\">Art. 2\u00ba &#8211; O Grupo de Trabalho promover\u00e1 os atos executivos necess\u00e1rios \u00e0 realiza\u00e7\u00e3o das Sess\u00f5es de Media\u00e7\u00e3o\/concilia\u00e7\u00e3o mediante libera\u00e7\u00e3o da chefia imediata, devendo cumprir o C\u00f3digo de \u00c9tica dos Conciliadores e Mediadores Judiciais, estabelecido pela resolu\u00e7\u00e3o 125\/2010, do Conselho Nacional de Justi\u00e7a.<\/span><\/p>\n<p style=\"text-align: justify;\" align=\"justify\">\n<p style=\"text-align: justify;\" align=\"justify\"><span lang=\"pt-BR\">Art. 3\u00ba &#8211; Os servidores efetivos constantes desta Equipe de Trabalho ter\u00e3o reconhecido, para fins de promo\u00e7\u00e3o na carreira, a pontua\u00e7\u00e3o equivalente \u00e0 participa\u00e7\u00e3o em Equipe Especial de Trabalho, conforme disposto no Ato Normativo 2.773\/2012.<\/span><\/p>\n<p align=\"justify\">\n<p align=\"justify\"><span lang=\"pt-BR\">Art. 4\u00ba &#8211; Este Ato Normativo entra em vigor na data de sua publica\u00e7\u00e3o.<\/span><\/p>\n<p align=\"justify\">\n<p align=\"justify\"><span lang=\"pt-BR\">Publique-se.<\/span><\/p>\n<p align=\"center\">\n<p style=\"text-align: left;\" align=\"center\"><span lang=\"pt-BR\">Vit\u00f3ria, 07 de novembro de 2019.<\/span><\/p>\n<p align=\"justify\">\n<p align=\"justify\">\n<p style=\"text-align: center;\" align=\"justify\"><span lang=\"pt-BR\">Des. S\u00c9RGIO LUIZ TEIXEIRA GAMA<\/span><\/p>\n<p align=\"center\"><span lang=\"pt-BR\">PRESIDENTE<\/span><\/p>\n","protected":false},"excerpt":{"rendered":"<p>ESTADO DO ESP\u00cdRITO SANTO PODER JUDICI\u00c1RIO TRIBUNAL DE JUSTI\u00c7A GABINETE DA PRESID\u00caNCIA ATO NORMATIVO N\u00ba 169 \/2019 O Excelent\u00edssimo Senhor Desembargador S\u00c9RGIO LUIZ TEIXEIRA GAMA, Presidente do Egr\u00e9gio Tribunal de Justi\u00e7a do Estado do Esp\u00edrito Santo, no uso de suas atribui\u00e7\u00f5es legais e, CONSIDERANDO o disposto no artigo 58, da Resolu\u00e7\u00e3o n\u00ba. 15\/1995 (Regimento Interno [&hellip;]<\/p>\n","protected":false},"author":8,"featured_media":0,"comment_status":"closed","ping_status":"closed","sticky":false,"template":"","format":"standard","meta":{"footnotes":""},"categories":[4,14],"tags":[],"_links":{"self":[{"href":"https:\/\/www.tjes.jus.br\/corregedoria\/wp-json\/wp\/v2\/posts\/28334"}],"collection":[{"href":"https:\/\/www.tjes.jus.br\/corregedoria\/wp-json\/wp\/v2\/posts"}],"about":[{"href":"https:\/\/www.tjes.jus.br\/corregedoria\/wp-json\/wp\/v2\/types\/post"}],"author":[{"embeddable":true,"href":"https:\/\/www.tjes.jus.br\/corregedoria\/wp-json\/wp\/v2\/users\/8"}],"replies":[{"embeddable":true,"href":"https:\/\/www.tjes.jus.br\/corregedoria\/wp-json\/wp\/v2\/comments?post=28334"}],"version-history":[{"count":2,"href":"https:\/\/www.tjes.jus.br\/corregedoria\/wp-json\/wp\/v2\/posts\/28334\/revisions"}],"predecessor-version":[{"id":28336,"href":"https:\/\/www.tjes.jus.br\/corregedoria\/wp-json\/wp\/v2\/posts\/28334\/revisions\/28336"}],"wp:attachment":[{"href":"https:\/\/www.tjes.jus.br\/corregedoria\/wp-json\/wp\/v2\/media?parent=28334"}],"wp:term":[{"taxonomy":"category","embeddable":true,"href":"https:\/\/www.tjes.jus.br\/corregedoria\/wp-json\/wp\/v2\/categories?post=28334"},{"taxonomy":"post_tag","embeddable":true,"href":"https:\/\/www.tjes.jus.br\/corregedoria\/wp-json\/wp\/v2\/tags?post=28334"}],"curies":[{"name":"wp","href":"https:\/\/api.w.org\/{rel}","templated":true}]}}